{"id":836174,"date":"2025-12-10T15:55:31","date_gmt":"2025-12-10T11:55:31","guid":{"rendered":"https:\/\/arantv.az\/?p=836174"},"modified":"2025-12-10T15:55:31","modified_gmt":"2025-12-10T11:55:31","slug":"onlarin-m%c9%99zuniyy%c9%99ti-46-gun-olacaq","status":"publish","type":"post","link":"https:\/\/arantv.az\/?p=836174","title":{"rendered":"Onlar\u0131n m\u0259zuniyy\u0259ti 46 g\u00fcn olacaq"},"content":{"rendered":"<p>Qaraba\u011f d\u00f6y\u00fc\u015fl\u0259rind\u0259 i\u015ftirak etmi\u015f v\u0259 m\u00fcharib\u0259 veteran\u0131 statusu olan i\u015f\u00e7iy\u0259 \u0259m\u0259k m\u0259zuniyy\u0259ti art\u0131q standart 21-30 g\u00fcn deyil, minimum 46 g\u00fcn verilm\u0259lidir.<\/p>\n<p><strong>Musavat.com<\/strong>\u00a0x\u0259b\u0259r verir ki, bunu \u0259m\u0259k v\u0259 \u0259halinin sosial m\u00fcdafi\u0259si nazirinin m\u00fcavini R\u0259\u015fad Mustafayev Milli M\u0259clisin \u018fm\u0259k v\u0259 sosial siyas\u0259t komit\u0259sinin bug\u00fcnk\u00fc iclas\u0131nda \u018fm\u0259k M\u0259c\u0259ll\u0259sind\u0259 d\u0259yi\u015fiklik edilm\u0259si bar\u0259d\u0259 qanun layih\u0259sinin m\u00fczakir\u0259si zaman\u0131 deyib.<\/p>\n<p>Nazir m\u00fcavinin s\u00f6zl\u0259rin\u0259 g\u00f6r\u0259, bu d\u0259yi\u015fiklik d\u00f6vl\u0259tin v\u0259t\u0259n\u0259 xidm\u0259t etmi\u015f b\u00fct\u00fcn kateqoriyalara sistemli, \u0259dal\u0259tli v\u0259 inkl\u00fcziv sosial d\u0259st\u0259k yana\u015fmas\u0131n\u0131 n\u00fcmayi\u015f etdirir v\u0259 onlar\u0131n rifah\u0131n\u0131n t\u0259min olunmas\u0131na y\u00f6n\u0259lmi\u015f m\u00fch\u00fcm sosial add\u0131md\u0131r.<\/p>\n","protected":false},"excerpt":{"rendered":"<p>Qaraba\u011f d\u00f6y\u00fc\u015fl\u0259rind\u0259 i\u015ftirak etmi\u015f v\u0259 m\u00fcharib\u0259 veteran\u0131 statusu olan i\u015f\u00e7iy\u0259 \u0259m\u0259k m\u0259zuniyy\u0259ti art\u0131q standart 21-30 g\u00fcn deyil, minimum 46 g\u00fcn verilm\u0259lidir. Musavat.com\u00a0x\u0259b\u0259r verir ki, bunu \u0259m\u0259k v\u0259 \u0259halinin sosial m\u00fcdafi\u0259si nazirinin m\u00fcavini R\u0259\u015fad Mustafayev Milli M\u0259clisin \u018fm\u0259k v\u0259 sosial siyas\u0259t komit\u0259sinin bug\u00fcnk\u00fc iclas\u0131nda \u018fm\u0259k M\u0259c\u0259ll\u0259sind\u0259 d\u0259yi\u015fiklik edilm\u0259si bar\u0259d\u0259 qanun layih\u0259sinin m\u00fczakir\u0259si zaman\u0131 deyib. Nazir m\u00fcavinin s\u00f6zl\u0259rin\u0259 g\u00f6r\u0259, bu d\u0259yi\u015fiklik d\u00f6vl\u0259tin v\u0259t\u0259n\u0259 xidm\u0259t etmi\u015f b\u00fct\u00fcn kateqoriyalara sistemli, \u0259dal\u0259tli v\u0259 inkl\u00fcziv sosial d\u0259st\u0259k yana\u015fmas\u0131n\u0131 n\u00fcmayi\u015f etdirir v\u0259 onlar\u0131n rifah\u0131n\u0131n t\u0259min olunmas\u0131na y\u00f6n\u0259lmi\u015f m\u00fch\u00fcm sosial add\u0131md\u0131r.<\/p>\n","protected":false},"author":2,"featured_media":836175,"comment_status":"closed","ping_status":"closed","sticky":false,"template":"","format":"standard","meta":{"om_disable_all_campaigns":false,"_monsterinsights_skip_tracking":false,"_monsterinsights_sitenote_active":false,"_monsterinsights_sitenote_note":"","_monsterinsights_sitenote_category":0},"categories":[19],"tags":[],"aioseo_notices":[],"gutentor_comment":0,"rttpg_featured_image_url":{"full":["https:\/\/arantv.az\/wp-content\/uploads\/2025\/12\/4e108be218edf7b29014ca550c5fb5a0-1.jpg",870,500,false],"landscape":["https:\/\/arantv.az\/wp-content\/uploads\/2025\/12\/4e108be218edf7b29014ca550c5fb5a0-1.jpg",870,500,false],"portraits":["https:\/\/arantv.az\/wp-content\/uploads\/2025\/12\/4e108be218edf7b29014ca550c5fb5a0-1.jpg",870,500,false],"thumbnail":["https:\/\/arantv.az\/wp-content\/uploads\/2025\/12\/4e108be218edf7b29014ca550c5fb5a0-1-500x280.jpg",500,280,true],"medium":["https:\/\/arantv.az\/wp-content\/uploads\/2025\/12\/4e108be218edf7b29014ca550c5fb5a0-1-635x365.jpg",635,365,true],"large":["https:\/\/arantv.az\/wp-content\/uploads\/2025\/12\/4e108be218edf7b29014ca550c5fb5a0-1-840x483.jpg",640,368,true],"1536x1536":["https:\/\/arantv.az\/wp-content\/uploads\/2025\/12\/4e108be218edf7b29014ca550c5fb5a0-1.jpg",870,500,false],"2048x2048":["https:\/\/arantv.az\/wp-content\/uploads\/2025\/12\/4e108be218edf7b29014ca550c5fb5a0-1.jpg",870,500,false],"post-thumbnail":["https:\/\/arantv.az\/wp-content\/uploads\/2025\/12\/4e108be218edf7b29014ca550c5fb5a0-1-240x172.jpg",240,172,true],"advps-thumb-one":["https:\/\/arantv.az\/wp-content\/uploads\/2025\/12\/4e108be218edf7b29014ca550c5fb5a0-1.jpg",870,500,false]},"rttpg_author":{"display_name":"V\u00fcsal Rafiqo\u011flu","author_link":"https:\/\/arantv.az\/?author=2"},"rttpg_comment":0,"rttpg_category":"<a href=\"https:\/\/arantv.az\/?cat=19\" rel=\"category\">G\u00fcnd\u0259m<\/a>","rttpg_excerpt":"Qaraba\u011f d\u00f6y\u00fc\u015fl\u0259rind\u0259 i\u015ftirak etmi\u015f v\u0259 m\u00fcharib\u0259 veteran\u0131 statusu olan i\u015f\u00e7iy\u0259 \u0259m\u0259k m\u0259zuniyy\u0259ti art\u0131q standart 21-30 g\u00fcn deyil, minimum 46 g\u00fcn verilm\u0259lidir. Musavat.com\u00a0x\u0259b\u0259r verir ki, bunu \u0259m\u0259k v\u0259 \u0259halinin sosial m\u00fcdafi\u0259si nazirinin m\u00fcavini R\u0259\u015fad Mustafayev Milli M\u0259clisin \u018fm\u0259k v\u0259 sosial siyas\u0259t komit\u0259sinin bug\u00fcnk\u00fc iclas\u0131nda \u018fm\u0259k M\u0259c\u0259ll\u0259sind\u0259 d\u0259yi\u015fiklik edilm\u0259si bar\u0259d\u0259 qanun layih\u0259sinin m\u00fczakir\u0259si zaman\u0131 deyib. Nazir m\u00fcavinin&hellip;","_links":{"self":[{"href":"https:\/\/arantv.az\/index.php?rest_route=\/wp\/v2\/posts\/836174"}],"collection":[{"href":"https:\/\/arantv.az\/index.php?rest_route=\/wp\/v2\/posts"}],"about":[{"href":"https:\/\/arantv.az\/index.php?rest_route=\/wp\/v2\/types\/post"}],"author":[{"embeddable":true,"href":"https:\/\/arantv.az\/index.php?rest_route=\/wp\/v2\/users\/2"}],"replies":[{"embeddable":true,"href":"https:\/\/arantv.az\/index.php?rest_route=%2Fwp%2Fv2%2Fcomments&post=836174"}],"version-history":[{"count":1,"href":"https:\/\/arantv.az\/index.php?rest_route=\/wp\/v2\/posts\/836174\/revisions"}],"predecessor-version":[{"id":836176,"href":"https:\/\/arantv.az\/index.php?rest_route=\/wp\/v2\/posts\/836174\/revisions\/836176"}],"wp:featuredmedia":[{"embeddable":true,"href":"https:\/\/arantv.az\/index.php?rest_route=\/wp\/v2\/media\/836175"}],"wp:attachment":[{"href":"https:\/\/arantv.az\/index.php?rest_route=%2Fwp%2Fv2%2Fmedia&parent=836174"}],"wp:term":[{"taxonomy":"category","embeddable":true,"href":"https:\/\/arantv.az\/index.php?rest_route=%2Fwp%2Fv2%2Fcategories&post=836174"},{"taxonomy":"post_tag","embeddable":true,"href":"https:\/\/arantv.az\/index.php?rest_route=%2Fwp%2Fv2%2Ftags&post=836174"}],"curies":[{"name":"wp","href":"https:\/\/api.w.org\/{rel}","templated":true}]}}