{"id":836283,"date":"2025-12-12T10:16:17","date_gmt":"2025-12-12T06:16:17","guid":{"rendered":"https:\/\/arantv.az\/?p=836283"},"modified":"2025-12-12T10:16:17","modified_gmt":"2025-12-12T06:16:17","slug":"odlar-yurdu-adi-polemikasi","status":"publish","type":"post","link":"https:\/\/arantv.az\/?p=836283","title":{"rendered":"\u201cOdlar yurdu\u201d ad\u0131 polemikas\u0131"},"content":{"rendered":"<p>&nbsp;<\/p>\n<h3><strong>Dini ekspert: &#8220;Adam \u0259r\u0259b\u0259 \u00f6z \u00f6lk\u0259si haqq\u0131nda &#8220;od \u00f6lk\u0259si&#8221; dey\u0259rmi?&#8221;<\/strong><\/h3>\n<p><strong>Birl\u0259\u015fmi\u015f \u018fr\u0259b \u018fmirlikl\u0259rinin yaranmas\u0131n\u0131n 54-c\u00fc il d\u00f6n\u00fcm\u00fcn\u0259 h\u0259sr olunmu\u015f t\u0259nt\u0259n\u0259li m\u0259rasimd\u0259 Az\u0259rbaycan t\u0259msil\u00e7il\u0259rinin m\u00f6ht\u0259\u015f\u0259m m\u0259d\u0259niyy\u0259t t\u0259qdimat\u0131 b\u00f6y\u00fck r\u0259\u011fb\u0259tl\u0259 qar\u015f\u0131lan\u0131b.\u00a0<\/strong><\/p>\n<p>Bildirilir ki, B\u018f\u018f-nin r\u0259smi d\u0259v\u0259ti il\u0259 bu m\u0259rasimd\u0259 i\u015ftirak ed\u0259n Az\u0259rbaycan D\u00f6vl\u0259t S\u0259rh\u0259d Xidm\u0259tinin s\u00fcvaril\u0259r d\u0259st\u0259si, milli r\u0259qs qrupu v\u0259 orkestrin birg\u0259 \u00e7\u0131x\u0131\u015f\u0131 Az\u0259rbaycan m\u0259d\u0259ni irsinin z\u0259nginliyini v\u0259 xalq\u0131m\u0131z\u0131n q\u0259dim \u0259n\u0259n\u0259l\u0259rini b\u00fct\u00fcn d\u00fcnyaya n\u00fcmayi\u015f etdirib. Qaraba\u011f atlar\u0131n\u0131n n\u0259cib duru\u015fu, r\u0259qs qrupunun ah\u0259ngdar kompozisiyalar\u0131 v\u0259 orkestrin canl\u0131 ifas\u0131 t\u0259dbirin atmosferin\u0259 unudulmaz r\u0259ng qat\u0131b.<\/p>\n<p>Bu t\u0259dbirl\u0259 ba\u011fl\u0131 Yax\u0131n \u015e\u0259rq siyas\u0259ti \u00fczr\u0259 ara\u015fd\u0131rma\u00e7\u0131-yazar K\u0259nan R\u00f6v\u015f\u0259no\u011flu \u00f6z\u00fcn\u00fcn sosial media hesab\u0131nda yaz\u0131b ki, Birl\u0259\u015fmi\u015f \u018fr\u0259b \u018fmirlikl\u0259rinin bayram\u0131nda Qaraba\u011f atlar\u0131n\u0131n n\u00fcmayi\u015f etdirilm\u0259si videosuna bax\u0131b v\u0259 diqq\u0259tini bir detal c\u0259lb edib. Onun s\u00f6zl\u0259rin\u0259 g\u00f6r\u0259, kadrlarda apar\u0131c\u0131 deyir ki, \u201cLand of Fire\u201d, y\u0259ni \u201cod \u00f6lk\u0259si Az\u0259rbaycan\u201d.<\/p>\n<p><strong>\u201c\u0130ndi biz al\u0131\u015fm\u0131\u015f\u0131q, amma \u0259r\u0259b\u0259 d\u0259 adam \u00f6z \u00f6lk\u0259si haqq\u0131nda &#8220;od \u00f6lk\u0259si&#8221; dey\u0259r? \u018fr\u0259bl\u0259rd\u0259 od, y\u0259ni nar, h\u0259m d\u0259 c\u0259h\u0259nn\u0259m m\u0259nas\u0131ndad\u0131r. Y\u0259qin ki, nar \u00f6lk\u0259sinin atlar\u0131 e\u015fid\u0259nd\u0259 k\u00f6rf\u0259z \u0259r\u0259bl\u0259ri m\u00f6hk\u0259m qorxublar. \u00dcmumiyy\u0259tl\u0259, Az\u0259rbaycan\u0131n odlar \u00f6lk\u0259si olmas\u0131 s\u00f6hb\u0259ti haradan yarand\u0131? Yerd\u0259n qaz \u00e7\u0131xd\u0131\u011f\u0131 \u00fc\u00e7\u00fcn? Ona qalsa, bizim regionda yerd\u0259n neft-qaz \u00e7\u0131xmayan \u00f6lk\u0259 yoxdur. O zaman niy\u0259 biz od \u00f6lk\u0259si olaq, Az\u0259rbaycan da\u011flar, ya\u015f\u0131l d\u0259r\u0259l\u0259r, me\u015f\u0259l\u0259r, b\u0259r\u0259k\u0259tli torpaqlar \u00f6lk\u0259si olsun, od niy\u0259? R\u00f6vn\u0259q Abdullayevin u\u011fursuz \u015f\u00fcar\u0131ndan imtina etm\u0259k laz\u0131md\u0131r&#8221;, &#8211; dey\u0259 dini ekspert yaz\u0131b.\u00a0<\/strong><\/p>\n<p>Qeyd ed\u0259k ki, Az\u0259rbaycanda at\u0259\u015fp\u0259r\u0259stlik olub. Bu g\u00fcn d\u0259 insanlar at\u0259\u015f\u0259, i\u015f\u0131\u011fa, od-oca\u011fa and i\u00e7irl\u0259r. Bu m\u0259nada t\u0259kc\u0259 \u00f6lk\u0259nin enerji resurslar\u0131na malik olmas\u0131na g\u00f6r\u0259 deyil, z\u0259rd\u00fc\u015ftilikd\u0259n g\u0259l\u0259n bir \u0259n\u0259n\u0259y\u0259 uy\u011fun olaraq \u201codlar yurdu\u201d adland\u0131r\u0131ld\u0131\u011f\u0131n\u0131 dey\u0259nl\u0259r d\u0259 var.<\/p>\n<p><img src=\"https:\/\/cdn.musavat.com\/news\/thumbnails\/8d443ab8114e7a20a5f93b3f85133243.jpg\" \/><\/p>\n<p><strong>Az\u0259r H\u00fcseynov<\/strong><\/p>\n<p><strong>Tarix\u00e7i yazar, \u0130stanbul Zaim Universitetinin Tarix v\u0259 m\u0259d\u0259niyy\u0259t b\u00f6l\u00fcm\u00fc doktorant\u0131 Az\u0259r H\u00fcseynov \u201cYeni M\u00fcsavat\u201dda m\u0259s\u0259l\u0259y\u0259 bel\u0259 ayd\u0131nl\u0131q g\u0259tirdi:<\/strong>\u00a0\u201c\u00dcmumiyy\u0259tl\u0259, tarixi m\u0259nb\u0259l\u0259r\u0259 \u0259sas\u0259n, s\u00f6hb\u0259t t\u00fcrkl\u0259rd\u0259n gedirs\u0259, onlar\u0131n he\u00e7 vaxt at\u0259\u015f\u0259 ibad\u0259t etm\u0259si haqq\u0131nda m\u0259lumat yoxdur. T\u00fcrk dini tarixind\u0259 &#8220;at\u0259\u015fp\u0259r\u0259stlik&#8221; anlay\u0131\u015f\u0131 m\u00f6vcud olmay\u0131b. T\u00fcrk tayfalar\u0131 daha \u00e7ox tenqri\u00e7i d\u00fc\u015f\u00fcnc\u0259y\u0259 malik olmu\u015f, ibtidai olsa bel\u0259, t\u0259k tanr\u0131 inanc\u0131na sahib olublar. Do\u011frudur, bu t\u0259kallahl\u0131q sonrak\u0131 d\u00f6vrl\u0259rd\u0259ki t\u00f6vhid inanc\u0131 kimi m\u00fck\u0259mm\u0259l deyildi, lakin yen\u0259 d\u0259 t\u00fcrk d\u00fc\u015f\u00fcnc\u0259 sisteminin \u0259sas\u0131n\u0131 t\u0259\u015fkil edirdi. M\u0259hz buna g\u00f6r\u0259 t\u0259dqiqat\u00e7\u0131lar, o c\u00fcml\u0259d\u0259n Ziya B\u00fcnyadov t\u00fcrkl\u0259rin \u0130slam\u0131 q\u0259bul prosesinin rahat v\u0259 daha tez ba\u015f verdiyini qeyd edirl\u0259r. Bu is\u0259 onlar\u0131n at\u0259\u015fp\u0259r\u0259st olmas\u0131 il\u0259 ba\u011fl\u0131 deyil. T\u00fcrkl\u0259rin tarixi dinl\u0259rind\u0259 at\u0259\u015f\u0259 ibad\u0259t edilm\u0259si bar\u0259d\u0259 he\u00e7 bir fakt yoxdur. \u201cOd yurdu\u201d kimi ifad\u0259l\u0259rin yaranmas\u0131 dini m\u0259n\u015f\u0259d\u0259 deyil, Az\u0259rbaycan\u0131n b\u0259zi b\u00f6lg\u0259l\u0259rind\u0259 yeralt\u0131 qazlar\u0131n s\u0131zmas\u0131 n\u0259tic\u0259sind\u0259 t\u0259bii \u015f\u0259kild\u0259 alovlar\u0131n \u0259m\u0259l\u0259 g\u0259lm\u0259si v\u0259 s\u0259yyahlar\u0131n bunu qeyd\u0259 almas\u0131 il\u0259 ba\u011fl\u0131d\u0131r. Q\u0259dim m\u0259nb\u0259l\u0259rd\u0259 \u201cOdlar yurdu\u201d ifad\u0259si bu formada i\u015fl\u0259nm\u0259s\u0259 d\u0259, bu ad\u0131n ideya \u0259sas\u0131 \u00e7ox q\u0259dim t\u0259svirl\u0259r\u0259 dayan\u0131r. Q\u0259dim yunan m\u0259nb\u0259l\u0259rind\u0259 Ab\u015feron yar\u0131madas\u0131nda \u201cs\u00f6nm\u0259y\u0259n t\u0259bii odlar\u201d\u0131n m\u00f6vcud oldu\u011fu qeyd olunur. Orta \u0259sr \u0259r\u0259b co\u011frafiya\u015f\u00fcnaslar\u0131 &#8211; \u0259l-\u0130st\u0259xri, \u0259l-M\u00fcq\u0259dd\u0259si v\u0259 ba\u015fqalar\u0131 Bak\u0131 \u0259traf\u0131nda daim yanan odlardan b\u0259hs edirl\u0259r&#8221;.<\/p>\n<p><strong>M\u00fcsahibimiz deyib ki, m\u00fcasir \u201cOdlar yurdu\u201d ifad\u0259sin\u0259 \u0259n yax\u0131n formalar is\u0259 XIX \u0259sr Avropa s\u0259yyahlar\u0131n\u0131n yaz\u0131lar\u0131nda g\u00f6r\u00fcn\u00fcr<\/strong>: \u201cOnlar Az\u0259rbaycan\u0131 &#8220;Land of Fire&#8221; (Odlar \u00f6lk\u0259si) kimi t\u0259svir etmi\u015f, bu ifad\u0259 sonradan Az\u0259rbaycan m\u0259tbuat\u0131na v\u0259 \u0259d\u0259biyyat\u0131na ke\u00e7\u0259r\u0259k \u201cOdlar yurdu\u201d \u015f\u0259klind\u0259 sabitl\u0259\u015fmi\u015fdir. Y\u0259ni bu ad at\u0259\u015fp\u0259r\u0259stlikl\u0259 \u0259laq\u0259li deyil, m\u0259hz t\u0259bii-co\u011frafi hadis\u0259l\u0259rd\u0259n qaynaqlan\u0131r.<\/p>\n<p>Az\u0259rbaycanda at\u0259\u015fp\u0259r\u0259stliyin yay\u0131lmas\u0131 is\u0259 \u0259sas\u0259n Sasani d\u00f6vr\u00fcn\u00fcn dini ideologiyas\u0131n\u0131n t\u0259siri il\u0259 ba\u011fl\u0131d\u0131r. Bu, regionun \u00f6z\u00fcn\u0259m\u0259xsus yerli dini deyil, Sasani d\u00f6vl\u0259tinin r\u0259smi dini olan z\u0259rd\u00fc\u015ftiliyin idar\u0259etm\u0259 vasit\u0259si kimi t\u0259tbiqi n\u0259tic\u0259sind\u0259 formala\u015fm\u0131\u015f bir m\u0259rh\u0259l\u0259 idi. Az\u0259rbaycan\u0131 \u0259r\u0259b \u00f6lk\u0259l\u0259rind\u0259 t\u0259qdim ed\u0259rk\u0259n h\u0259min \u00f6lk\u0259l\u0259rin ictimai-siyasi, dini v\u0259 m\u0259d\u0259ni reall\u0131qlar\u0131 n\u0259z\u0259r\u0259 al\u0131nmal\u0131d\u0131r. \u00d6lk\u0259 daxilind\u0259 \u00f6z aram\u0131zda s\u0259sl\u0259ndirdiyimiz b\u0259zi fikirl\u0259r beyn\u0259lxalq auditoriya, x\u00fcsusil\u0259 d\u0259 \u0259r\u0259b d\u00fcnyas\u0131 \u00fc\u00e7\u00fcn aktual olmaya bil\u0259r. Az\u0259rbaycan\u0131 m\u00fcs\u0259lman al\u0259mind\u0259 t\u0259qdim ed\u0259rk\u0259n \u00f6lk\u0259mizin tarixi, dini v\u0259 m\u0259d\u0259ni irsini d\u00fczg\u00fcn v\u0259 kontekst\u0259 uy\u011fun \u015f\u0259kild\u0259 t\u0259qdim etm\u0259k daha m\u0259qs\u0259d\u0259uy\u011fundur. Bel\u0259likl\u0259, \u201cOdlar yurdu\u201d ifad\u0259si tarixi bax\u0131mdan at\u0259\u015fp\u0259r\u0259stlikl\u0259 deyil, q\u0259dim yunan m\u0259nb\u0259l\u0259rind\u0259 v\u0259 orta \u0259sr \u0259r\u0259b co\u011frafiya\u015f\u00fcnaslar\u0131n\u0131n t\u0259svir etdiyi t\u0259bii yanan odlarla ba\u011fl\u0131d\u0131r&#8221;.<\/p>\n<p><strong>Cavan\u015fir ABBASLI,<br \/>\n\u201cYeni M\u00fcsavat\u201d<\/strong><\/p>\n<p>&nbsp;<\/p>\n","protected":false},"excerpt":{"rendered":"<p>&nbsp; Dini ekspert: &#8220;Adam \u0259r\u0259b\u0259 \u00f6z \u00f6lk\u0259si haqq\u0131nda &#8220;od \u00f6lk\u0259si&#8221; dey\u0259rmi?&#8221; Birl\u0259\u015fmi\u015f \u018fr\u0259b \u018fmirlikl\u0259rinin yaranmas\u0131n\u0131n 54-c\u00fc il d\u00f6n\u00fcm\u00fcn\u0259 h\u0259sr olunmu\u015f t\u0259nt\u0259n\u0259li m\u0259rasimd\u0259 Az\u0259rbaycan t\u0259msil\u00e7il\u0259rinin m\u00f6ht\u0259\u015f\u0259m m\u0259d\u0259niyy\u0259t t\u0259qdimat\u0131 b\u00f6y\u00fck r\u0259\u011fb\u0259tl\u0259 qar\u015f\u0131lan\u0131b.\u00a0 Bildirilir ki, B\u018f\u018f-nin r\u0259smi d\u0259v\u0259ti il\u0259 bu m\u0259rasimd\u0259 i\u015ftirak ed\u0259n Az\u0259rbaycan D\u00f6vl\u0259t S\u0259rh\u0259d Xidm\u0259tinin s\u00fcvaril\u0259r d\u0259st\u0259si, milli r\u0259qs qrupu v\u0259 orkestrin birg\u0259 \u00e7\u0131x\u0131\u015f\u0131 Az\u0259rbaycan m\u0259d\u0259ni irsinin z\u0259nginliyini v\u0259 xalq\u0131m\u0131z\u0131n q\u0259dim \u0259n\u0259n\u0259l\u0259rini b\u00fct\u00fcn d\u00fcnyaya n\u00fcmayi\u015f etdirib. Qaraba\u011f atlar\u0131n\u0131n n\u0259cib duru\u015fu, r\u0259qs qrupunun ah\u0259ngdar kompozisiyalar\u0131 v\u0259 orkestrin canl\u0131 ifas\u0131 t\u0259dbirin atmosferin\u0259 unudulmaz r\u0259ng qat\u0131b. Bu t\u0259dbirl\u0259 ba\u011fl\u0131 Yax\u0131n \u015e\u0259rq siyas\u0259ti \u00fczr\u0259 ara\u015fd\u0131rma\u00e7\u0131-yazar&hellip;<\/p>\n","protected":false},"author":2,"featured_media":836284,"comment_status":"closed","ping_status":"closed","sticky":false,"template":"","format":"standard","meta":{"om_disable_all_campaigns":false,"_monsterinsights_skip_tracking":false,"_monsterinsights_sitenote_active":false,"_monsterinsights_sitenote_note":"","_monsterinsights_sitenote_category":0},"categories":[19],"tags":[],"aioseo_notices":[],"gutentor_comment":0,"rttpg_featured_image_url":{"full":["https:\/\/arantv.az\/wp-content\/uploads\/2025\/12\/cf559ca63f9e03caee8d73bb5bc3431f.jpg",870,500,false],"landscape":["https:\/\/arantv.az\/wp-content\/uploads\/2025\/12\/cf559ca63f9e03caee8d73bb5bc3431f.jpg",870,500,false],"portraits":["https:\/\/arantv.az\/wp-content\/uploads\/2025\/12\/cf559ca63f9e03caee8d73bb5bc3431f.jpg",870,500,false],"thumbnail":["https:\/\/arantv.az\/wp-content\/uploads\/2025\/12\/cf559ca63f9e03caee8d73bb5bc3431f-500x280.jpg",500,280,true],"medium":["https:\/\/arantv.az\/wp-content\/uploads\/2025\/12\/cf559ca63f9e03caee8d73bb5bc3431f-635x365.jpg",635,365,true],"large":["https:\/\/arantv.az\/wp-content\/uploads\/2025\/12\/cf559ca63f9e03caee8d73bb5bc3431f-840x483.jpg",640,368,true],"1536x1536":["https:\/\/arantv.az\/wp-content\/uploads\/2025\/12\/cf559ca63f9e03caee8d73bb5bc3431f.jpg",870,500,false],"2048x2048":["https:\/\/arantv.az\/wp-content\/uploads\/2025\/12\/cf559ca63f9e03caee8d73bb5bc3431f.jpg",870,500,false],"post-thumbnail":["https:\/\/arantv.az\/wp-content\/uploads\/2025\/12\/cf559ca63f9e03caee8d73bb5bc3431f-240x172.jpg",240,172,true],"advps-thumb-one":["https:\/\/arantv.az\/wp-content\/uploads\/2025\/12\/cf559ca63f9e03caee8d73bb5bc3431f.jpg",870,500,false]},"rttpg_author":{"display_name":"V\u00fcsal Rafiqo\u011flu","author_link":"https:\/\/arantv.az\/?author=2"},"rttpg_comment":0,"rttpg_category":"<a href=\"https:\/\/arantv.az\/?cat=19\" rel=\"category\">G\u00fcnd\u0259m<\/a>","rttpg_excerpt":"&nbsp; Dini ekspert: &#8220;Adam \u0259r\u0259b\u0259 \u00f6z \u00f6lk\u0259si haqq\u0131nda &#8220;od \u00f6lk\u0259si&#8221; dey\u0259rmi?&#8221; Birl\u0259\u015fmi\u015f \u018fr\u0259b \u018fmirlikl\u0259rinin yaranmas\u0131n\u0131n 54-c\u00fc il d\u00f6n\u00fcm\u00fcn\u0259 h\u0259sr olunmu\u015f t\u0259nt\u0259n\u0259li m\u0259rasimd\u0259 Az\u0259rbaycan t\u0259msil\u00e7il\u0259rinin m\u00f6ht\u0259\u015f\u0259m m\u0259d\u0259niyy\u0259t t\u0259qdimat\u0131 b\u00f6y\u00fck r\u0259\u011fb\u0259tl\u0259 qar\u015f\u0131lan\u0131b.\u00a0 Bildirilir ki, B\u018f\u018f-nin r\u0259smi d\u0259v\u0259ti il\u0259 bu m\u0259rasimd\u0259 i\u015ftirak ed\u0259n Az\u0259rbaycan D\u00f6vl\u0259t S\u0259rh\u0259d Xidm\u0259tinin s\u00fcvaril\u0259r d\u0259st\u0259si, milli r\u0259qs qrupu v\u0259 orkestrin birg\u0259 \u00e7\u0131x\u0131\u015f\u0131 Az\u0259rbaycan m\u0259d\u0259ni&hellip;","_links":{"self":[{"href":"https:\/\/arantv.az\/index.php?rest_route=\/wp\/v2\/posts\/836283"}],"collection":[{"href":"https:\/\/arantv.az\/index.php?rest_route=\/wp\/v2\/posts"}],"about":[{"href":"https:\/\/arantv.az\/index.php?rest_route=\/wp\/v2\/types\/post"}],"author":[{"embeddable":true,"href":"https:\/\/arantv.az\/index.php?rest_route=\/wp\/v2\/users\/2"}],"replies":[{"embeddable":true,"href":"https:\/\/arantv.az\/index.php?rest_route=%2Fwp%2Fv2%2Fcomments&post=836283"}],"version-history":[{"count":1,"href":"https:\/\/arantv.az\/index.php?rest_route=\/wp\/v2\/posts\/836283\/revisions"}],"predecessor-version":[{"id":836285,"href":"https:\/\/arantv.az\/index.php?rest_route=\/wp\/v2\/posts\/836283\/revisions\/836285"}],"wp:featuredmedia":[{"embeddable":true,"href":"https:\/\/arantv.az\/index.php?rest_route=\/wp\/v2\/media\/836284"}],"wp:attachment":[{"href":"https:\/\/arantv.az\/index.php?rest_route=%2Fwp%2Fv2%2Fmedia&parent=836283"}],"wp:term":[{"taxonomy":"category","embeddable":true,"href":"https:\/\/arantv.az\/index.php?rest_route=%2Fwp%2Fv2%2Fcategories&post=836283"},{"taxonomy":"post_tag","embeddable":true,"href":"https:\/\/arantv.az\/index.php?rest_route=%2Fwp%2Fv2%2Ftags&post=836283"}],"curies":[{"name":"wp","href":"https:\/\/api.w.org\/{rel}","templated":true}]}}