{"id":837309,"date":"2026-01-01T00:56:41","date_gmt":"2025-12-31T20:56:41","guid":{"rendered":"https:\/\/arantv.az\/?p=837309"},"modified":"2026-01-01T00:56:41","modified_gmt":"2025-12-31T20:56:41","slug":"dovl%c9%99t-bascisi-son-5-il-%c9%99rzind%c9%99-az%c9%99rbaycan-silahli-quvv%c9%99l%c9%99ri-oz-gucunu-boyuk-d%c9%99r%c9%99c%c9%99d%c9%99-artirib","status":"publish","type":"post","link":"https:\/\/arantv.az\/?p=837309","title":{"rendered":"D\u00f6vl\u0259t ba\u015f\u00e7\u0131s\u0131: Son 5 il \u0259rzind\u0259 Az\u0259rbaycan Silahl\u0131 Q\u00fcvv\u0259l\u0259ri \u00f6z g\u00fcc\u00fcn\u00fc b\u00f6y\u00fck d\u0259r\u0259c\u0259d\u0259 art\u0131r\u0131b"},"content":{"rendered":"<p style=\"box-sizing: border-box; margin: 0px 0px 10px; font-family: 'Helvetica Neue', Helvetica, Arial, sans-serif; font-size: 17px;\">Son 5 il \u0259rzind\u0259 Az\u0259rbaycan Silahl\u0131 Q\u00fcvv\u0259l\u0259ri \u00f6z g\u00fcc\u00fcn\u00fc b\u00f6y\u00fck d\u0259r\u0259c\u0259d\u0259 art\u0131rm\u0131\u015fd\u0131r.<\/p>\n<p style=\"box-sizing: border-box; margin: 0px 0px 10px; font-family: 'Helvetica Neue', Helvetica, Arial, sans-serif; font-size: 17px;\">Musavat.com\u00a0x\u0259b\u0259r verir ki, bunu Prezident \u0130lham \u018fliyev D\u00fcnya Az\u0259rbaycanl\u0131lar\u0131n\u0131n H\u0259mr\u0259yliyi G\u00fcn\u00fc v\u0259 Yeni il m\u00fcnasib\u0259til\u0259 m\u00fcraci\u0259tind\u0259 deyib.<\/p>\n<p style=\"box-sizing: border-box; margin: 0px 0px 10px; font-family: 'Helvetica Neue', Helvetica, Arial, sans-serif; font-size: 17px;\">D\u00f6vl\u0259timizin ba\u015f\u00e7\u0131s\u0131 bildirib ki, yeni silahlar v\u0259 texnika il\u0259 t\u0259chiz edilmi\u015f Ordumuz bu g\u00fcn ist\u0259nil\u0259n v\u0259zif\u0259ni icra etm\u0259y\u0259 qadirdir.<\/p>\n","protected":false},"excerpt":{"rendered":"<p>Son 5 il \u0259rzind\u0259 Az\u0259rbaycan Silahl\u0131 Q\u00fcvv\u0259l\u0259ri \u00f6z g\u00fcc\u00fcn\u00fc b\u00f6y\u00fck d\u0259r\u0259c\u0259d\u0259 art\u0131rm\u0131\u015fd\u0131r. Musavat.com\u00a0x\u0259b\u0259r verir ki, bunu Prezident \u0130lham \u018fliyev D\u00fcnya Az\u0259rbaycanl\u0131lar\u0131n\u0131n H\u0259mr\u0259yliyi G\u00fcn\u00fc v\u0259 Yeni il m\u00fcnasib\u0259til\u0259 m\u00fcraci\u0259tind\u0259 deyib. D\u00f6vl\u0259timizin ba\u015f\u00e7\u0131s\u0131 bildirib ki, yeni silahlar v\u0259 texnika il\u0259 t\u0259chiz edilmi\u015f Ordumuz bu g\u00fcn ist\u0259nil\u0259n v\u0259zif\u0259ni icra etm\u0259y\u0259 qadirdir.<\/p>\n","protected":false},"author":2,"featured_media":837310,"comment_status":"closed","ping_status":"closed","sticky":false,"template":"","format":"standard","meta":{"om_disable_all_campaigns":false,"_monsterinsights_skip_tracking":false,"_monsterinsights_sitenote_active":false,"_monsterinsights_sitenote_note":"","_monsterinsights_sitenote_category":0},"categories":[1],"tags":[],"aioseo_notices":[],"gutentor_comment":0,"rttpg_featured_image_url":{"full":["https:\/\/arantv.az\/wp-content\/uploads\/2026\/01\/e2efd311fecedb1072c390d70d8101e2.jpg",824,500,false],"landscape":["https:\/\/arantv.az\/wp-content\/uploads\/2026\/01\/e2efd311fecedb1072c390d70d8101e2.jpg",824,500,false],"portraits":["https:\/\/arantv.az\/wp-content\/uploads\/2026\/01\/e2efd311fecedb1072c390d70d8101e2.jpg",824,500,false],"thumbnail":["https:\/\/arantv.az\/wp-content\/uploads\/2026\/01\/e2efd311fecedb1072c390d70d8101e2-500x280.jpg",500,280,true],"medium":["https:\/\/arantv.az\/wp-content\/uploads\/2026\/01\/e2efd311fecedb1072c390d70d8101e2-602x365.jpg",602,365,true],"large":["https:\/\/arantv.az\/wp-content\/uploads\/2026\/01\/e2efd311fecedb1072c390d70d8101e2.jpg",640,388,false],"1536x1536":["https:\/\/arantv.az\/wp-content\/uploads\/2026\/01\/e2efd311fecedb1072c390d70d8101e2.jpg",824,500,false],"2048x2048":["https:\/\/arantv.az\/wp-content\/uploads\/2026\/01\/e2efd311fecedb1072c390d70d8101e2.jpg",824,500,false],"post-thumbnail":["https:\/\/arantv.az\/wp-content\/uploads\/2026\/01\/e2efd311fecedb1072c390d70d8101e2-240x172.jpg",240,172,true],"advps-thumb-one":["https:\/\/arantv.az\/wp-content\/uploads\/2026\/01\/e2efd311fecedb1072c390d70d8101e2.jpg",824,500,false]},"rttpg_author":{"display_name":"V\u00fcsal Rafiqo\u011flu","author_link":"https:\/\/arantv.az\/?author=2"},"rttpg_comment":0,"rttpg_category":"<a href=\"https:\/\/arantv.az\/?cat=1\" rel=\"category\">C\u0259miyy\u0259t<\/a>","rttpg_excerpt":"Son 5 il \u0259rzind\u0259 Az\u0259rbaycan Silahl\u0131 Q\u00fcvv\u0259l\u0259ri \u00f6z g\u00fcc\u00fcn\u00fc b\u00f6y\u00fck d\u0259r\u0259c\u0259d\u0259 art\u0131rm\u0131\u015fd\u0131r. Musavat.com\u00a0x\u0259b\u0259r verir ki, bunu Prezident \u0130lham \u018fliyev D\u00fcnya Az\u0259rbaycanl\u0131lar\u0131n\u0131n H\u0259mr\u0259yliyi G\u00fcn\u00fc v\u0259 Yeni il m\u00fcnasib\u0259til\u0259 m\u00fcraci\u0259tind\u0259 deyib. D\u00f6vl\u0259timizin ba\u015f\u00e7\u0131s\u0131 bildirib ki, yeni silahlar v\u0259 texnika il\u0259 t\u0259chiz edilmi\u015f Ordumuz bu g\u00fcn ist\u0259nil\u0259n v\u0259zif\u0259ni icra etm\u0259y\u0259 qadirdir.","_links":{"self":[{"href":"https:\/\/arantv.az\/index.php?rest_route=\/wp\/v2\/posts\/837309"}],"collection":[{"href":"https:\/\/arantv.az\/index.php?rest_route=\/wp\/v2\/posts"}],"about":[{"href":"https:\/\/arantv.az\/index.php?rest_route=\/wp\/v2\/types\/post"}],"author":[{"embeddable":true,"href":"https:\/\/arantv.az\/index.php?rest_route=\/wp\/v2\/users\/2"}],"replies":[{"embeddable":true,"href":"https:\/\/arantv.az\/index.php?rest_route=%2Fwp%2Fv2%2Fcomments&post=837309"}],"version-history":[{"count":1,"href":"https:\/\/arantv.az\/index.php?rest_route=\/wp\/v2\/posts\/837309\/revisions"}],"predecessor-version":[{"id":837311,"href":"https:\/\/arantv.az\/index.php?rest_route=\/wp\/v2\/posts\/837309\/revisions\/837311"}],"wp:featuredmedia":[{"embeddable":true,"href":"https:\/\/arantv.az\/index.php?rest_route=\/wp\/v2\/media\/837310"}],"wp:attachment":[{"href":"https:\/\/arantv.az\/index.php?rest_route=%2Fwp%2Fv2%2Fmedia&parent=837309"}],"wp:term":[{"taxonomy":"category","embeddable":true,"href":"https:\/\/arantv.az\/index.php?rest_route=%2Fwp%2Fv2%2Fcategories&post=837309"},{"taxonomy":"post_tag","embeddable":true,"href":"https:\/\/arantv.az\/index.php?rest_route=%2Fwp%2Fv2%2Ftags&post=837309"}],"curies":[{"name":"wp","href":"https:\/\/api.w.org\/{rel}","templated":true}]}}