{"id":837369,"date":"2026-01-02T11:55:32","date_gmt":"2026-01-02T07:55:32","guid":{"rendered":"https:\/\/arantv.az\/?p=837369"},"modified":"2026-01-02T11:55:32","modified_gmt":"2026-01-02T07:55:32","slug":"milli-q%c9%99hr%c9%99man-natiq-qasimovun-dogum-gunudur","status":"publish","type":"post","link":"https:\/\/arantv.az\/?p=837369","title":{"rendered":"Milli Q\u0259hr\u0259man Natiq Qas\u0131movun do\u011fum g\u00fcn\u00fcd\u00fcr"},"content":{"rendered":"<p>Yanvar\u0131n 2-si Az\u0259rbaycan\u0131n Milli Q\u0259hr\u0259man\u0131 Natiq Qas\u0131movun do\u011fum g\u00fcn\u00fcd\u00fcr.<\/p>\n<p>O, 1971-ci ild\u0259 G\u0259d\u0259b\u0259y rayonunun Ki\u00e7ik Qaramurad k\u0259ndind\u0259 anadan olub.<\/p>\n<p>1975-ci ild\u0259 ail\u0259likc\u0259 Ming\u0259\u00e7evir\u0259 k\u00f6\u00e7\u00fcbl\u0259r. Natiq burada s\u0259kkizillik m\u0259kt\u0259bi bitirdikd\u0259n sonra qaynaq\u00e7\u0131 ixtisas\u0131 \u00fczr\u0259 pe\u015f\u0259 m\u0259kt\u0259bind\u0259 t\u0259hsil al\u0131b. Rusiyan\u0131n Krasnoyarsk vilay\u0259tind\u0259 Daxili Qo\u015fun hiss\u0259l\u0259rind\u0259 h\u0259rbi xidm\u0259tini ba\u015fa vurduqdan sonra 1991-ci ild\u0259 Az\u0259rbaycana qay\u0131d\u0131b, el\u0259 h\u0259min il d\u0259 k\u00f6n\u00fcll\u00fc olaraq c\u0259bh\u0259y\u0259 yollan\u0131b.<\/p>\n<p><img loading=\"lazy\" class=\"inner-photo\" src=\"https:\/\/images.oxu.az\/2026\/01\/02\/L7zgpGLyzLp4Gg9Fv93e6GcdG1qvkUOkCom0mg8y:640.webp\" alt=\"Milli Q\u0259hr\u0259man Natiq Qas\u0131movun do\u011fum g\u00fcn\u00fcd\u00fcr\" width=\"640\" height=\"622\" \/><\/p>\n<p>1992-ci ild\u0259 Xocal\u0131n\u0131n Pirl\u0259r k\u0259ndind\u0259 erm\u0259nil\u0259r t\u0259r\u0259find\u0259n \u0259sir g\u00f6t\u00fcr\u00fcl\u00fcb.<\/p>\n<div class=\"AdviadNativeVideo\"><\/div>\n<p>2019-cu ild\u0259 T\u00fcrkiy\u0259d\u0259 az\u0259rbaycanl\u0131lar t\u0259r\u0259find\u0259n erm\u0259ni lobbisin\u0259 qar\u015f\u0131 informasiya m\u00fcbariz\u0259si aparmaq m\u0259qs\u0259dil\u0259 yarad\u0131lan &#8220;ASASmedya&#8221; Natiq Qas\u0131movun sa\u011f olmas\u0131 v\u0259 Erm\u0259nistandak\u0131 kimya zavodlar\u0131ndan birind\u0259 i\u015fl\u0259dilm\u0259si bar\u0259d\u0259 m\u0259lumat yay\u0131b. Bununla yana\u015f\u0131, Natiq Qas\u0131mov bar\u0259d\u0259 m\u0259lumat ver\u0259n \u015f\u0259xs\u0259 1000 dollar, onu Rusiya, \u0130ran, G\u00fcrc\u00fcstan v\u0259 T\u00fcrkiy\u0259 \u00fcz\u0259rind\u0259n t\u0259hvil ver\u0259c\u0259k \u015f\u0259xs\u0259 is\u0259 10 000 dollar pul m\u00fckafat\u0131 t\u0259qdim edil\u0259c\u0259yi v\u0259d olunub.<\/p>\n<p>\u018fsir v\u0259 itkin d\u00fc\u015fm\u00fc\u015f, girov g\u00f6t\u00fcr\u00fclm\u00fc\u015f v\u0259t\u0259nda\u015flarla \u0259laq\u0259dar D\u00f6vl\u0259t Komissiyas\u0131n\u0131n m\u0259lumat\u0131na \u0259sas\u0259n, erm\u0259nil\u0259r t\u0259r\u0259find\u0259n \u0259sir v\u0259 girov g\u00f6t\u00fcr\u00fclm\u0259 fakt\u0131 dan\u0131lan \u015f\u0259xsl\u0259rin siyah\u0131s\u0131nda Natiq Qas\u0131movun da ad\u0131 var. D\u00f6vl\u0259t Komissiyas\u0131n\u0131n d\u0259f\u0259l\u0259rl\u0259 etdiyi m\u00fcraci\u0259tl\u0259r\u0259 baxmayaraq, erm\u0259ni t\u0259r\u0259fi indiy\u0259d\u0259k Natiqin sonrak\u0131 taleyini Az\u0259rbaycandan v\u0259 beyn\u0259lxalq t\u0259\u015fkilatlardan gizl\u0259tm\u0259kd\u0259dir.<\/p>\n<p><img loading=\"lazy\" class=\"inner-photo\" src=\"https:\/\/images.oxu.az\/2026\/01\/02\/QFtDn3tak88oKJLx6jYZ6z0q9FHF7IATdKOvsRZo:640.webp\" alt=\"Milli Q\u0259hr\u0259man Natiq Qas\u0131movun do\u011fum g\u00fcn\u00fcd\u00fcr\" width=\"640\" height=\"345\" \/><\/p>\n<p>B\u00f6y\u00fck Britaniyan\u0131n &#8220;Broken Pot Media&#8221; \u015firk\u0259ti t\u0259r\u0259find\u0259n Natiq Qas\u0131mova h\u0259sr edilmi\u015f &#8220;O\u011ful&#8221; s\u0259n\u0259dli filmi \u00e7\u0259kilib. Ekran i\u015find\u0259 Birinci Qaraba\u011f m\u00fcharib\u0259sind\u0259 i\u015ftirak ed\u0259n Vitali Balasanyan\u0131n da m\u00fcsahib\u0259si yer al\u0131b. O, \u0259sirin tan\u0131\u015f g\u0259ldiyini, lakin Natiq Qas\u0131movu xat\u0131rlaya bilm\u0259diyini s\u00f6yl\u0259yib.<\/p>\n<p>Vitali Balasanyan s\u0259n\u0259dli filmin rejissoruna verdiyi m\u00fcsahib\u0259 zaman\u0131 Natiq Qas\u0131movu tan\u0131mad\u0131\u011f\u0131n\u0131 bildirs\u0259 d\u0259, istefada olan polkovnik-leytenant Romik Mxitaryan Natiqi dindir\u0259n g\u0259nc erm\u0259ni zabitin Vitali Balasanyan oldu\u011funu deyib. Natiq Qas\u0131mov erm\u0259ni zabitl\u0259r t\u0259r\u0259find\u0259n dindiril\u0259n zaman italiyal\u0131 m\u00fcharib\u0259 fotoqraf\u0131 Enriko Sarsini d\u0259 orada olub. Filmd\u0259 fotoqraf\u0131n m\u00fcsahib\u0259si d\u0259 yer al\u0131r. Filmin m\u00fc\u0259llifi qeyd edir ki, y\u00fcks\u0259k d\u00f6vl\u0259t m\u00fckafatlar\u0131 alm\u0131\u015f Vitali Balasanyan Natiqin dindirilm\u0259sind\u0259 \u015f\u0259xs\u0259n i\u015ftirak edib. 1992-ci ild\u0259 Balasanyan \u018fsg\u0259ran\u0131n i\u015f\u011fal\u0131na n\u0259zar\u0259t edirdi.<\/p>\n<p><img loading=\"lazy\" class=\"inner-photo\" src=\"https:\/\/images.oxu.az\/2026\/01\/02\/8dnQM0lTzZ6rCtDiCUKt1ILFdy7LN8hywnwbhwBf:640.webp\" alt=\"Milli Q\u0259hr\u0259man Natiq Qas\u0131movun do\u011fum g\u00fcn\u00fcd\u00fcr\" width=\"640\" height=\"433\" \/><\/p>\n<p>Natiq Qas\u0131mov A\u011fdamda Yaqub Rzayevin ba\u015f\u00e7\u0131l\u0131\u011f\u0131 alt\u0131nda &#8220;Qaraba\u011f \u015fahinl\u0259ri&#8221; d\u0259st\u0259sind\u0259 erm\u0259nil\u0259r\u0259 qar\u015f\u0131 d\u00f6y\u00fc\u015f\u00fcb, 1992-ci ilin \u0259vv\u0259ll\u0259rind\u0259 evl\u0259rin\u0259 ba\u015f \u00e7\u0259kib.<\/p>\n<p>Daha sonra 1992-ci ild\u0259 Xocal\u0131n\u0131n Pirl\u0259r k\u0259ndi yax\u0131nl\u0131\u011f\u0131nda yeddi Az\u0259rbaycan \u0259sg\u0259ri alban kils\u0259sinin yerl\u0259\u015fdiyi y\u00fcks\u0259klik u\u011frunda d\u00f6y\u00fc\u015fl\u0259r apar\u0131b. D\u00f6y\u00fc\u015fd\u0259 alt\u0131 yolda\u015f\u0131 h\u0259lak olan Natiq son d\u0259r\u0259c\u0259 \u0259lveri\u015fli strateji m\u00f6vqed\u0259 yerl\u0259\u015f\u0259n alban kils\u0259sind\u0259 m\u00fcbariz\u0259ni davam etdirib. T\u0259kba\u015f\u0131na be\u015f g\u00fcn gec\u0259-g\u00fcnd\u00fcz vuru\u015faraq, d\u00fc\u015fm\u0259nl\u0259ri bu posta yax\u0131n buraxmay\u0131b. G\u00fcll\u0259si qurtard\u0131\u011f\u0131ndan alt\u0131nc\u0131 g\u00fcn, 12 mart 1992-ci ild\u0259 rusiyal\u0131 v\u0259 italiyal\u0131 jurnalistl\u0259r &#8211; Konstantin Smirnov v\u0259 Enriko Sarzinin \u015fahidliyi il\u0259 Erm\u0259nistan h\u0259rb\u00e7il\u0259ri t\u0259r\u0259find\u0259n \u0259sir g\u00f6t\u00fcr\u00fcl\u00fcb. Onun \u0259sir g\u00f6t\u00fcr\u00fclm\u0259si fakt\u0131 Rusiyada n\u0259\u015fr edil\u0259n &#8220;Oqonyok&#8221; jurnal\u0131n\u0131n 1992-ci il 14 v\u0259 15-ci n\u00f6mr\u0259l\u0259rind\u0259 t\u0259svir edilib.<\/p>\n<p><img loading=\"lazy\" class=\"inner-photo\" src=\"https:\/\/images.oxu.az\/2026\/01\/02\/kgyiqSBx156w0YEmKORppQDfTajwjaIjRJCTsmW6:640.webp\" alt=\"Milli Q\u0259hr\u0259man Natiq Qas\u0131movun do\u011fum g\u00fcn\u00fcd\u00fcr\" width=\"640\" height=\"399\" \/><\/p>\n<p>2024-c\u00fc ild\u0259 Ming\u0259\u00e7evir \u015f\u0259h\u0259ri 4 n\u00f6mr\u0259li tam orta \u00fcmumt\u0259hsil m\u0259kt\u0259bin\u0259 Az\u0259rbaycan\u0131n Milli Q\u0259hr\u0259man\u0131 Natiq S\u0259lim o\u011flu Qas\u0131movun ad\u0131 verilib.<\/p>\n<p>Az\u0259rbaycan Respublikas\u0131 Prezidentinin 25 iyun 2024-c\u00fc il tarixli 175 sayl\u0131 s\u0259r\u0259ncam\u0131 il\u0259 Natiq S\u0259lim o\u011flu Qas\u0131mov \u00f6l\u00fcm\u00fcnd\u0259n sonra &#8220;Az\u0259rbaycan\u0131n Milli Q\u0259hr\u0259man\u0131&#8221; ad\u0131na layiq g\u00f6r\u00fcl\u00fcb.<\/p>\n","protected":false},"excerpt":{"rendered":"<p>Yanvar\u0131n 2-si Az\u0259rbaycan\u0131n Milli Q\u0259hr\u0259man\u0131 Natiq Qas\u0131movun do\u011fum g\u00fcn\u00fcd\u00fcr. O, 1971-ci ild\u0259 G\u0259d\u0259b\u0259y rayonunun Ki\u00e7ik Qaramurad k\u0259ndind\u0259 anadan olub. 1975-ci ild\u0259 ail\u0259likc\u0259 Ming\u0259\u00e7evir\u0259 k\u00f6\u00e7\u00fcbl\u0259r. Natiq burada s\u0259kkizillik m\u0259kt\u0259bi bitirdikd\u0259n sonra qaynaq\u00e7\u0131 ixtisas\u0131 \u00fczr\u0259 pe\u015f\u0259 m\u0259kt\u0259bind\u0259 t\u0259hsil al\u0131b. Rusiyan\u0131n Krasnoyarsk vilay\u0259tind\u0259 Daxili Qo\u015fun hiss\u0259l\u0259rind\u0259 h\u0259rbi xidm\u0259tini ba\u015fa vurduqdan sonra 1991-ci ild\u0259 Az\u0259rbaycana qay\u0131d\u0131b, el\u0259 h\u0259min il d\u0259 k\u00f6n\u00fcll\u00fc olaraq c\u0259bh\u0259y\u0259 yollan\u0131b. 1992-ci ild\u0259 Xocal\u0131n\u0131n Pirl\u0259r k\u0259ndind\u0259 erm\u0259nil\u0259r t\u0259r\u0259find\u0259n \u0259sir g\u00f6t\u00fcr\u00fcl\u00fcb. 2019-cu ild\u0259 T\u00fcrkiy\u0259d\u0259 az\u0259rbaycanl\u0131lar t\u0259r\u0259find\u0259n erm\u0259ni lobbisin\u0259 qar\u015f\u0131 informasiya m\u00fcbariz\u0259si aparmaq m\u0259qs\u0259dil\u0259 yarad\u0131lan &#8220;ASASmedya&#8221; Natiq Qas\u0131movun sa\u011f olmas\u0131 v\u0259 Erm\u0259nistandak\u0131 kimya&hellip;<\/p>\n","protected":false},"author":2,"featured_media":837370,"comment_status":"closed","ping_status":"closed","sticky":false,"template":"","format":"standard","meta":{"om_disable_all_campaigns":false,"_monsterinsights_skip_tracking":false,"_monsterinsights_sitenote_active":false,"_monsterinsights_sitenote_note":"","_monsterinsights_sitenote_category":0},"categories":[19],"tags":[],"aioseo_notices":[],"gutentor_comment":0,"rttpg_featured_image_url":{"full":["https:\/\/arantv.az\/wp-content\/uploads\/2026\/01\/935bebd8011b1c91dcc502a27a37b0d9.jpg",770,415,false],"landscape":["https:\/\/arantv.az\/wp-content\/uploads\/2026\/01\/935bebd8011b1c91dcc502a27a37b0d9.jpg",770,415,false],"portraits":["https:\/\/arantv.az\/wp-content\/uploads\/2026\/01\/935bebd8011b1c91dcc502a27a37b0d9.jpg",770,415,false],"thumbnail":["https:\/\/arantv.az\/wp-content\/uploads\/2026\/01\/935bebd8011b1c91dcc502a27a37b0d9-500x280.jpg",500,280,true],"medium":["https:\/\/arantv.az\/wp-content\/uploads\/2026\/01\/935bebd8011b1c91dcc502a27a37b0d9-660x356.jpg",660,356,true],"large":["https:\/\/arantv.az\/wp-content\/uploads\/2026\/01\/935bebd8011b1c91dcc502a27a37b0d9.jpg",640,345,false],"1536x1536":["https:\/\/arantv.az\/wp-content\/uploads\/2026\/01\/935bebd8011b1c91dcc502a27a37b0d9.jpg",770,415,false],"2048x2048":["https:\/\/arantv.az\/wp-content\/uploads\/2026\/01\/935bebd8011b1c91dcc502a27a37b0d9.jpg",770,415,false],"post-thumbnail":["https:\/\/arantv.az\/wp-content\/uploads\/2026\/01\/935bebd8011b1c91dcc502a27a37b0d9-240x172.jpg",240,172,true],"advps-thumb-one":["https:\/\/arantv.az\/wp-content\/uploads\/2026\/01\/935bebd8011b1c91dcc502a27a37b0d9.jpg",770,415,false]},"rttpg_author":{"display_name":"V\u00fcsal Rafiqo\u011flu","author_link":"https:\/\/arantv.az\/?author=2"},"rttpg_comment":0,"rttpg_category":"<a href=\"https:\/\/arantv.az\/?cat=19\" rel=\"category\">G\u00fcnd\u0259m<\/a>","rttpg_excerpt":"Yanvar\u0131n 2-si Az\u0259rbaycan\u0131n Milli Q\u0259hr\u0259man\u0131 Natiq Qas\u0131movun do\u011fum g\u00fcn\u00fcd\u00fcr. O, 1971-ci ild\u0259 G\u0259d\u0259b\u0259y rayonunun Ki\u00e7ik Qaramurad k\u0259ndind\u0259 anadan olub. 1975-ci ild\u0259 ail\u0259likc\u0259 Ming\u0259\u00e7evir\u0259 k\u00f6\u00e7\u00fcbl\u0259r. Natiq burada s\u0259kkizillik m\u0259kt\u0259bi bitirdikd\u0259n sonra qaynaq\u00e7\u0131 ixtisas\u0131 \u00fczr\u0259 pe\u015f\u0259 m\u0259kt\u0259bind\u0259 t\u0259hsil al\u0131b. Rusiyan\u0131n Krasnoyarsk vilay\u0259tind\u0259 Daxili Qo\u015fun hiss\u0259l\u0259rind\u0259 h\u0259rbi xidm\u0259tini ba\u015fa vurduqdan sonra 1991-ci ild\u0259 Az\u0259rbaycana qay\u0131d\u0131b, el\u0259 h\u0259min il&hellip;","_links":{"self":[{"href":"https:\/\/arantv.az\/index.php?rest_route=\/wp\/v2\/posts\/837369"}],"collection":[{"href":"https:\/\/arantv.az\/index.php?rest_route=\/wp\/v2\/posts"}],"about":[{"href":"https:\/\/arantv.az\/index.php?rest_route=\/wp\/v2\/types\/post"}],"author":[{"embeddable":true,"href":"https:\/\/arantv.az\/index.php?rest_route=\/wp\/v2\/users\/2"}],"replies":[{"embeddable":true,"href":"https:\/\/arantv.az\/index.php?rest_route=%2Fwp%2Fv2%2Fcomments&post=837369"}],"version-history":[{"count":2,"href":"https:\/\/arantv.az\/index.php?rest_route=\/wp\/v2\/posts\/837369\/revisions"}],"predecessor-version":[{"id":837372,"href":"https:\/\/arantv.az\/index.php?rest_route=\/wp\/v2\/posts\/837369\/revisions\/837372"}],"wp:featuredmedia":[{"embeddable":true,"href":"https:\/\/arantv.az\/index.php?rest_route=\/wp\/v2\/media\/837370"}],"wp:attachment":[{"href":"https:\/\/arantv.az\/index.php?rest_route=%2Fwp%2Fv2%2Fmedia&parent=837369"}],"wp:term":[{"taxonomy":"category","embeddable":true,"href":"https:\/\/arantv.az\/index.php?rest_route=%2Fwp%2Fv2%2Fcategories&post=837369"},{"taxonomy":"post_tag","embeddable":true,"href":"https:\/\/arantv.az\/index.php?rest_route=%2Fwp%2Fv2%2Ftags&post=837369"}],"curies":[{"name":"wp","href":"https:\/\/api.w.org\/{rel}","templated":true}]}}