{"id":837373,"date":"2026-01-02T11:56:15","date_gmt":"2026-01-02T07:56:15","guid":{"rendered":"https:\/\/arantv.az\/?p=837373"},"modified":"2026-01-02T11:56:15","modified_gmt":"2026-01-02T07:56:15","slug":"prezidentd%c9%99n-xalqa-hazir-olaq-mesaji-2026-da","status":"publish","type":"post","link":"https:\/\/arantv.az\/?p=837373","title":{"rendered":"Prezidentd\u0259n xalqa \u201cHAZIR OLAQ\u201d mesaj\u0131 \u2013 2026-da&#8230;"},"content":{"rendered":"<div class=\"text-content\" data-id=\"\" data-url=\"\">\n<p><strong>\u201cBizim \u00fc\u00e7\u00fcn m\u00fcharib\u0259l\u0259r arxada qald\u0131. Ancaq bug\u00fcnk\u00fc d\u00fcnyada h\u0259r bir \u00f6lk\u0259 ilk n\u00f6vb\u0259d\u0259 \u00f6z t\u0259hl\u00fck\u0259sizliyi haqq\u0131nda ciddi d\u00fc\u015f\u00fcnm\u0259lidir. Bug\u00fcnk\u00fc d\u00fcnyada beyn\u0259lxalq h\u00fcquq normalar\u0131 i\u015fl\u0259mir, \u201cKim g\u00fccl\u00fcd\u00fcr, o da haql\u0131d\u0131r\u201d prinsipi \u0259sas prinsip kimi bir \u00e7ox \u00f6lk\u0259l\u0259r t\u0259r\u0259find\u0259n q\u0259bul edilib. B\u00fct\u00fcn d\u00fcnyada geni\u015fmiqyasl\u0131 silahlanma prosesi gedir. Bel\u0259 olan halda, biz h\u0259r an \u00f6z \u0259razi b\u00fct\u00f6vl\u00fcy\u00fcm\u00fcz\u00fc, suverenliyimizi, \u00f6z se\u00e7imimizi layiqinc\u0259 m\u00fcdafi\u0259 etm\u0259k \u00fc\u00e7\u00fcn haz\u0131r olmal\u0131y\u0131q\u201d.<\/strong><\/p>\n<p><strong>Musavat.com<\/strong>\u00a0xat\u0131rlad\u0131r ki, bu fikirl\u0259ri Prezident \u0130lham \u018fliyev D\u00fcnya Az\u0259rbaycanl\u0131lar\u0131n\u0131n H\u0259mr\u0259yliyi G\u00fcn\u00fc v\u0259 Yeni il m\u00fcnasib\u0259ti il\u0259 xalqa m\u00fcraci\u0259tind\u0259 deyib.<\/p>\n<p>D\u00f6vl\u0259t ba\u015f\u00e7\u0131s\u0131 deyib ki, V\u0259t\u0259n m\u00fcharib\u0259sind\u0259ki Z\u0259f\u0259rimizd\u0259n sonra yorulmadan bu Z\u0259f\u0259ri beyn\u0259lxalq v\u0259 siyasi m\u00fcst\u0259vid\u0259 m\u00f6hk\u0259ml\u0259ndirm\u0259k v\u0259 t\u0259sdiql\u0259m\u0259k \u00fc\u00e7\u00fcn \u00e7al\u0131\u015fm\u0131\u015f\u0131q v\u0259 buna nail olmu\u015fuq. Onun s\u00f6zl\u0259rin\u0259 g\u00f6r\u0259, Qaraba\u011f m\u00fcnaqi\u015f\u0259si art\u0131q beyn\u0259lxalq g\u00fcnd\u0259likd\u0259n tamamil\u0259 silinmi\u015fdir: \u201cZ\u0259f\u0259r \u00e7alm\u0131\u015f \u00f6lk\u0259 kimi biz m\u0259\u011flub edilmi\u015f Erm\u0259nistana s\u00fclh \u0259limizi uzatd\u0131q. Bu da bizim uzaqg\u00f6r\u0259n siyas\u0259timizin t\u0259zah\u00fcr\u00fcd\u00fcr. Biz \u0259b\u0259di m\u00fcharib\u0259 aparmaq fikrind\u0259 deyilik. Bizim ba\u015fqa \u00f6lk\u0259l\u0259rin torpaqlar\u0131nda g\u00f6z\u00fcm\u00fcz yoxdur\u201d.<br \/>\nPrezidentin \u201cKim g\u00fccl\u00fcd\u00fcr, o da haql\u0131d\u0131r\u201d fikri regionumuz \u00fc\u00e7\u00fcn hans\u0131 riskl\u0259rin oldu\u011funu ehtiva edir? \u0130.\u018fliyevin \u201cBel\u0259 olan halda, biz h\u0259r an \u00f6z \u0259razi b\u00fct\u00f6vl\u00fcy\u00fcm\u00fcz\u00fc, suverenliyimizi, \u00f6z se\u00e7imimizi layiqinc\u0259 m\u00fcdafi\u0259 etm\u0259k \u00fc\u00e7\u00fcn haz\u0131r olmal\u0131y\u0131q\u201d mesaj\u0131 n\u0259 kimi haz\u0131rl\u0131qdan x\u0259b\u0259r verir?<\/p>\n<p><strong>&#8220;Regiondak\u0131 riskl\u0259ri n\u0259z\u0259r\u0259 alsaq&#8230;&#8221;\u00a0<\/strong><\/p>\n<p><strong>Deputat El\u015fad Musayev Musavat.com-a<\/strong>\u00a0deyib ki, Prezident beyn\u0259lxalq h\u00fcququn i\u015fl\u0259m\u0259diyini dem\u0259k ist\u0259yib v\u0259 Ukrayna m\u00fcnaqi\u015f\u0259si, Q\u0259zza hadis\u0259l\u0259ri buna dair \u0259n ac\u0131 n\u00fcmun\u0259l\u0259rdir. Onun s\u00f6zl\u0259rin\u0259 g\u00f6r\u0259, Az\u0259rbaycan d\u00fcnya nizam\u0131n\u0131n pozuldu\u011fu bel\u0259 bir d\u00f6vrd\u0259 5 il \u0259vv\u0259l torpaqlar\u0131n\u0131 i\u015f\u011faldan azad edib, lakin Erm\u0259nistanda revan\u015fist q\u00fcvv\u0259l\u0259r, separat\u00e7\u0131 qruplar, lobbi v\u0259 diaspor h\u0259l\u0259 d\u0259 \u201cQaraba\u011f u\u011frunda m\u00fcbariz\u0259\u201d davam ed\u0259c\u0259yini s\u00f6yl\u0259yir, Rusiyada Kremlin ayr\u0131-ayr\u0131 propoqandistl\u0259ri m\u0259s\u0259l\u0259nin yar\u0131m\u00e7\u0131q qald\u0131\u011f\u0131n\u0131 bildirir ki, bu da regionda ke\u00e7mi\u015f m\u00fcnaqi\u015f\u0259nin yenid\u0259n alovlanmas\u0131nda maraql\u0131 q\u00fcvv\u0259l\u0259rin oldu\u011funu g\u00f6st\u0259rir: \u201c<strong>Ona g\u00f6r\u0259 d\u0259 2026-c\u0131 il \u00fc\u00e7\u00fcn Az\u0259rbaycan\u0131n m\u00fcdafi\u0259 v\u0259 milli t\u0259hl\u00fck\u0259sizlik 8,7 milyard manat t\u0259\u015fkil ed\u0259c\u0259k. \u00c7\u00fcnki Erm\u0259nistanla s\u00fclh quruculu\u011fu istiqam\u0259tind\u0259 m\u00fch\u00fcm add\u0131mlar at\u0131lsa da, regiondak\u0131 riskl\u0259ri, C\u0259nubi Qafqazda k\u00f6vr\u0259k t\u0259hl\u00fck\u0259sizliyi n\u0259z\u0259r\u0259 alaraq m\u00fcdafi\u0259 qabiliyy\u0259timizi g\u00fccl\u0259ndirm\u0259liyik.<\/strong>\u00a0Bu, he\u00e7 d\u0259 Az\u0259rbaycan\u0131n m\u00fcharib\u0259y\u0259 haz\u0131rl\u0131\u011f\u0131 m\u0259nas\u0131n\u0131 da\u015f\u0131m\u0131r. C\u0259nab Prezident d\u0259 \u00e7\u0131x\u0131\u015f\u0131nda qeyd edib ki, biz m\u00fcharib\u0259 ist\u0259mirik v\u0259 buna haz\u0131rla\u015fm\u0131r\u0131q. Sad\u0259c\u0259, postm\u00fcnaqi\u015f\u0259 d\u00f6n\u0259mind\u0259 regionda olan t\u0259hdidl\u0259rd\u0259n ir\u0259li g\u0259l\u0259r\u0259k m\u00fcdafi\u0259 t\u0259dbirl\u0259rini g\u00fccl\u0259ndirm\u0259k m\u0259cburiyy\u0259tind\u0259yik\u201d.<\/p>\n<p><img src=\"https:\/\/newscenter.az\/uploads\/posts\/2024-12\/elsad-musayev-00000000.jpg\" alt=\"El\u015fad Musayev: &quot;Pa\u015finyan s\u00fclh m\u00fcqavil\u0259sini 2026-c\u0131 il\u0259 q\u0259d\u0259r uzadacaq&quot;\" \/><\/p>\n<p>E.Musayev bildirib ki, Qaraba\u011f m\u00fcnaqi\u015f\u0259si ke\u00e7mi\u015fdir v\u0259 qapan\u0131b, bunu yenid\u0259n ba\u015flamaq ist\u0259y\u0259n k\u0259nar g\u00fccl\u0259r is\u0259 b\u00f6lg\u0259d\u0259 dayan\u0131ql\u0131 s\u00fclh\u00fc ist\u0259m\u0259y\u0259nl\u0259rdir: \u201cAz\u0259rbaycan \u00f6t\u0259n il Erm\u0259nistanla s\u00fclh yolunda iri add\u0131mlar at\u0131b. \u018fvv\u0259lc\u0259 Va\u015finqtonda s\u00fclh m\u0259tni paraflan\u0131b, sonra tranzit qada\u011fas\u0131n\u0131 aradan qald\u0131rm\u0131\u015f\u0131q, h\u0259m\u00e7inin neft m\u0259hsullar\u0131m\u0131z\u0131 Erm\u0259nistana g\u00f6nd\u0259rmi\u015fik, eyni zamanda, qar\u015f\u0131l\u0131ql\u0131 s\u0259f\u0259rl\u0259r, t\u0259maslar olub&#8230; B\u00fct\u00fcn bunlar etimad m\u00fchitini m\u00f6hk\u0259ml\u0259ndirir v\u0259 h\u0259rbi eskalasiya riskl\u0259rini s\u0131f\u0131rlay\u0131r. \u00dcmid edirik ki, Erm\u0259nistanda martda m\u0259tni haz\u0131r olacaq yeni konstitusiya tezlikl\u0259 q\u0259bul edil\u0259c\u0259k, sonra yekun s\u00fclh m\u00fcqavil\u0259si imzalanacaq. Az\u0259rbaycan Ordusu is\u0259 Ali Ba\u015f Komandan\u0131n dediyi kimi, h\u0259r bir v\u0259ziyy\u0259t\u0259 haz\u0131rd\u0131r\u201d. Deputat \u0259lav\u0259 edib ki, sad\u0259c\u0259, d\u00fcnyada beyn\u0259lxalq m\u00fcnasib\u0259tl\u0259r korlan\u0131b, BMT q\u0259rarlar\u0131na \u0259m\u0259l olunmur, Rusiya Ukraynada be\u015finci ildir ki, h\u0259rbi cinay\u0259tl\u0259r t\u00f6r\u0259dir, c\u0259nub qon\u015fumuz \u0130ran\u0131n h\u0259r an \u0130sraill\u0259 n\u00f6vb\u0259ti m\u00fcharib\u0259si ba\u015flaya bil\u0259r, bu da Az\u0259rbaycan \u00fc\u00e7\u00fcn \u00f6z t\u0259hl\u00fck\u0259sizliyini daha da g\u00fccl\u0259ndirm\u0259yi z\u0259ruri edi.<\/p>\n<p><strong>&#8220;Ordumuz \u0259vv\u0259lkind\u0259n d\u0259 pe\u015f\u0259kar v\u0259 g\u00fccl\u00fcd\u00fcr&#8221;\u00a0<\/strong><\/p>\n<p><img src=\"https:\/\/sesqazeti.az\/storage\/2024\/08\/27\/herbi_ekspert-_ramil_memmedli965.jpg\" alt=\"image\" \/><\/p>\n<p>H\u0259rbi ekspert Ramil M\u0259mm\u0259dli is\u0259 \u00f6t\u0259n il Ordumuzun m\u00fcxt\u0259lif t\u0259liml\u0259rd\u0259 i\u015ftirak etdiyini yada salaraq Silahl\u0131 Q\u00fcvv\u0259l\u0259rimizin ild\u0259n-il\u0259 pe\u015f\u0259karl\u0131\u011f\u0131n\u0131n artd\u0131\u011f\u0131n\u0131 qeyd edib. Onun s\u00f6zl\u0259rin\u0259 g\u00f6r\u0259, Az\u0259rbaycan, T\u00fcrkiy\u0259 v\u0259 Pakistanla x\u00fcsusi t\u0259yinatl\u0131lar\u0131n\u0131n birg\u0259 h\u0259rbi t\u0259liml\u0259ri olub, sonra \u0130ran, Pakistan v\u0259 \u0259r\u0259b \u00f6lk\u0259l\u0259ri il\u0259 birlikd\u0259 t\u0259liml\u0259r ke\u00e7irilib: \u201cHabel\u0259, h\u0259rbi d\u0259niz q\u00fcvv\u0259l\u0259rinin d\u0259 t\u0259liml\u0259ri ger\u00e7\u0259kl\u0259\u015fib, t\u00fcrkdilli d\u00f6vl\u0259tl\u0259rl\u0259 birg\u0259 h\u0259rbi t\u0259liml\u0259rimiz olub. Bundan ba\u015fqa, NATO il\u0259 \u0259m\u0259kda\u015fl\u0131\u011f\u0131m\u0131z geni\u015fl\u0259nir, m\u00fcxt\u0259lif t\u0259cr\u00fcb\u0259 proqramlar\u0131 ke\u00e7irilir, m\u0259\u015f\u011f\u0259l\u0259l\u0259r t\u0259\u015fkil olunur. Eyni zamanda, Az\u0259rbaycan h\u0259rbi s\u0259naye kompleksini inki\u015faf etdirir. \u00d6t\u0259n il \u00f6z\u00fcm\u00fcn d\u0259 i\u015ftirak etdiyi m\u00fcxt\u0259lif \u00f6lk\u0259l\u0259rd\u0259 ke\u00e7iril\u0259n s\u0259rgil\u0259rd\u0259 silahlar\u0131m\u0131z n\u00fcmayi\u015f etdirilib, h\u0259m\u00e7inin m\u00fcasir silahlar al\u0131naraq arsenal\u0131m\u0131za c\u0259lb olunub. Bu add\u0131mlar\u0131n s\u0259b\u0259bi m\u00fcdafi\u0259 imkanlar\u0131m\u0131z\u0131 g\u00fccl\u0259ndirm\u0259y\u0259 hesablan\u0131b. Y\u0259ni m\u0259qs\u0259d Erm\u0259nistanla yeni m\u00fcharib\u0259 deyil. Buna z\u0259rur\u0259t d\u0259 yoxdur. \u00c7\u00fcnki biz Erm\u0259nistandan yerd\u0259 qalan 4 anklav k\u0259ndi ist\u0259yirik, bu da delimitasiya prosesi il\u0259 h\u0259llini tapacaq. Sad\u0259c\u0259, h\u0259r bir d\u00f6vl\u0259t kimi m\u00fcdafi\u0259mizi g\u00fccl\u0259ndiririk. \u00dcst\u0259lik, hans\u0131 regionda ya\u015fad\u0131\u011f\u0131m\u0131z\u0131 n\u0259z\u0259r\u0259 almal\u0131y\u0131q. Y\u0259ni qon\u015fular\u0131m\u0131z \u0130sve\u00e7r\u0259 v\u0259 ya Avstriya deyil\u201d.<\/p>\n<p>R.M\u0259mm\u0259dli 2026-c\u0131 ild\u0259 s\u0259rh\u0259dd\u0259 h\u0259r hans\u0131 h\u0259bri toqqu\u015fmalar g\u00f6zl\u0259mir. Onun fikrinc\u0259, Erm\u0259nistan 44 g\u00fcnl\u00fck m\u00fcharib\u0259d\u0259n sonra d\u0259rs \u00e7\u0131xar\u0131b v\u0259 c\u0259miyy\u0259t d\u0259 d\u00f6y\u00fc\u015f \u0259hval-ruhiyy\u0259sind\u0259 deyil: &#8220;Onlar Ordumuzun q\u00fcdr\u0259tini g\u00f6rd\u00fcl\u0259r. Bu g\u00fcn qalib Ordumuz 5 il \u0259vv\u0259ll\u0259 m\u00fcqayis\u0259d\u0259 daha da q\u00fcdr\u0259tli v\u0259 pe\u015f\u0259kard\u0131r. Erm\u0259nil\u0259r anlaml\u0131d\u0131rlar ki, bu 5 ild\u0259 \u0259l-qolumuzu sallamam\u0131\u015f\u0131q. O bax\u0131mdan, erm\u0259ni c\u0259miyy\u0259ti h\u0259m Ordumuzun q\u00fcdr\u0259tini g\u00f6r\u00fcr, h\u0259m m\u00fctt\u0259fiql\u0259rimizin g\u00fcc\u00fcn\u00fc, h\u0259m d\u0259 beyn\u0259lxalq \u015f\u0259raitin n\u0259d\u0259n ibar\u0259t oldu\u011funu hesablaya bilir. Bu m\u0259nada, Pa\u015finyan xalq\u0131na g\u00f6st\u0259rir ki, yeni m\u00fcharib\u0259 n\u00f6vb\u0259ti f\u0259lak\u0259t dem\u0259kdir, s\u00fclh is\u0259 Bak\u0131 neftinin Erm\u0259nistana g\u00f6nd\u0259rilm\u0259si, Qazax\u0131stan tax\u0131l\u0131n\u0131n t\u0259dar\u00fck\u00fc dem\u0259kdir&#8230;&#8221;<\/p>\n<p><strong>Emil Salamo\u011flu<\/strong><br \/>\n<strong>Musavat.com<\/strong><\/p>\n<\/div>\n<div><\/div>\n<div><\/div>\n<div class=\"inner-social-box\">\n<div class=\"subs-in-social subs-whatsapp\"><\/div>\n<\/div>\n","protected":false},"excerpt":{"rendered":"<p>\u201cBizim \u00fc\u00e7\u00fcn m\u00fcharib\u0259l\u0259r arxada qald\u0131. Ancaq bug\u00fcnk\u00fc d\u00fcnyada h\u0259r bir \u00f6lk\u0259 ilk n\u00f6vb\u0259d\u0259 \u00f6z t\u0259hl\u00fck\u0259sizliyi haqq\u0131nda ciddi d\u00fc\u015f\u00fcnm\u0259lidir. Bug\u00fcnk\u00fc d\u00fcnyada beyn\u0259lxalq h\u00fcquq normalar\u0131 i\u015fl\u0259mir, \u201cKim g\u00fccl\u00fcd\u00fcr, o da haql\u0131d\u0131r\u201d prinsipi \u0259sas prinsip kimi bir \u00e7ox \u00f6lk\u0259l\u0259r t\u0259r\u0259find\u0259n q\u0259bul edilib. B\u00fct\u00fcn d\u00fcnyada geni\u015fmiqyasl\u0131 silahlanma prosesi gedir. Bel\u0259 olan halda, biz h\u0259r an \u00f6z \u0259razi b\u00fct\u00f6vl\u00fcy\u00fcm\u00fcz\u00fc, suverenliyimizi, \u00f6z se\u00e7imimizi layiqinc\u0259 m\u00fcdafi\u0259 etm\u0259k \u00fc\u00e7\u00fcn haz\u0131r olmal\u0131y\u0131q\u201d. Musavat.com\u00a0xat\u0131rlad\u0131r ki, bu fikirl\u0259ri Prezident \u0130lham \u018fliyev D\u00fcnya Az\u0259rbaycanl\u0131lar\u0131n\u0131n H\u0259mr\u0259yliyi G\u00fcn\u00fc v\u0259 Yeni il m\u00fcnasib\u0259ti il\u0259 xalqa m\u00fcraci\u0259tind\u0259 deyib. D\u00f6vl\u0259t ba\u015f\u00e7\u0131s\u0131 deyib ki, V\u0259t\u0259n m\u00fcharib\u0259sind\u0259ki Z\u0259f\u0259rimizd\u0259n sonra&hellip;<\/p>\n","protected":false},"author":2,"featured_media":837374,"comment_status":"closed","ping_status":"closed","sticky":false,"template":"","format":"standard","meta":{"om_disable_all_campaigns":false,"_monsterinsights_skip_tracking":false,"_monsterinsights_sitenote_active":false,"_monsterinsights_sitenote_note":"","_monsterinsights_sitenote_category":0},"categories":[4],"tags":[],"aioseo_notices":[],"gutentor_comment":0,"rttpg_featured_image_url":{"full":["https:\/\/arantv.az\/wp-content\/uploads\/2026\/01\/983cd243527b85aa70b94269ad0bc95f.jpg",870,500,false],"landscape":["https:\/\/arantv.az\/wp-content\/uploads\/2026\/01\/983cd243527b85aa70b94269ad0bc95f.jpg",870,500,false],"portraits":["https:\/\/arantv.az\/wp-content\/uploads\/2026\/01\/983cd243527b85aa70b94269ad0bc95f.jpg",870,500,false],"thumbnail":["https:\/\/arantv.az\/wp-content\/uploads\/2026\/01\/983cd243527b85aa70b94269ad0bc95f-500x280.jpg",500,280,true],"medium":["https:\/\/arantv.az\/wp-content\/uploads\/2026\/01\/983cd243527b85aa70b94269ad0bc95f-635x365.jpg",635,365,true],"large":["https:\/\/arantv.az\/wp-content\/uploads\/2026\/01\/983cd243527b85aa70b94269ad0bc95f-840x483.jpg",640,368,true],"1536x1536":["https:\/\/arantv.az\/wp-content\/uploads\/2026\/01\/983cd243527b85aa70b94269ad0bc95f.jpg",870,500,false],"2048x2048":["https:\/\/arantv.az\/wp-content\/uploads\/2026\/01\/983cd243527b85aa70b94269ad0bc95f.jpg",870,500,false],"post-thumbnail":["https:\/\/arantv.az\/wp-content\/uploads\/2026\/01\/983cd243527b85aa70b94269ad0bc95f-240x172.jpg",240,172,true],"advps-thumb-one":["https:\/\/arantv.az\/wp-content\/uploads\/2026\/01\/983cd243527b85aa70b94269ad0bc95f.jpg",870,500,false]},"rttpg_author":{"display_name":"V\u00fcsal Rafiqo\u011flu","author_link":"https:\/\/arantv.az\/?author=2"},"rttpg_comment":0,"rttpg_category":"<a href=\"https:\/\/arantv.az\/?cat=4\" rel=\"category\">Siyas\u0259t<\/a>","rttpg_excerpt":"\u201cBizim \u00fc\u00e7\u00fcn m\u00fcharib\u0259l\u0259r arxada qald\u0131. Ancaq bug\u00fcnk\u00fc d\u00fcnyada h\u0259r bir \u00f6lk\u0259 ilk n\u00f6vb\u0259d\u0259 \u00f6z t\u0259hl\u00fck\u0259sizliyi haqq\u0131nda ciddi d\u00fc\u015f\u00fcnm\u0259lidir. Bug\u00fcnk\u00fc d\u00fcnyada beyn\u0259lxalq h\u00fcquq normalar\u0131 i\u015fl\u0259mir, \u201cKim g\u00fccl\u00fcd\u00fcr, o da haql\u0131d\u0131r\u201d prinsipi \u0259sas prinsip kimi bir \u00e7ox \u00f6lk\u0259l\u0259r t\u0259r\u0259find\u0259n q\u0259bul edilib. B\u00fct\u00fcn d\u00fcnyada geni\u015fmiqyasl\u0131 silahlanma prosesi gedir. Bel\u0259 olan halda, biz h\u0259r an \u00f6z \u0259razi b\u00fct\u00f6vl\u00fcy\u00fcm\u00fcz\u00fc, suverenliyimizi,&hellip;","_links":{"self":[{"href":"https:\/\/arantv.az\/index.php?rest_route=\/wp\/v2\/posts\/837373"}],"collection":[{"href":"https:\/\/arantv.az\/index.php?rest_route=\/wp\/v2\/posts"}],"about":[{"href":"https:\/\/arantv.az\/index.php?rest_route=\/wp\/v2\/types\/post"}],"author":[{"embeddable":true,"href":"https:\/\/arantv.az\/index.php?rest_route=\/wp\/v2\/users\/2"}],"replies":[{"embeddable":true,"href":"https:\/\/arantv.az\/index.php?rest_route=%2Fwp%2Fv2%2Fcomments&post=837373"}],"version-history":[{"count":2,"href":"https:\/\/arantv.az\/index.php?rest_route=\/wp\/v2\/posts\/837373\/revisions"}],"predecessor-version":[{"id":837376,"href":"https:\/\/arantv.az\/index.php?rest_route=\/wp\/v2\/posts\/837373\/revisions\/837376"}],"wp:featuredmedia":[{"embeddable":true,"href":"https:\/\/arantv.az\/index.php?rest_route=\/wp\/v2\/media\/837374"}],"wp:attachment":[{"href":"https:\/\/arantv.az\/index.php?rest_route=%2Fwp%2Fv2%2Fmedia&parent=837373"}],"wp:term":[{"taxonomy":"category","embeddable":true,"href":"https:\/\/arantv.az\/index.php?rest_route=%2Fwp%2Fv2%2Fcategories&post=837373"},{"taxonomy":"post_tag","embeddable":true,"href":"https:\/\/arantv.az\/index.php?rest_route=%2Fwp%2Fv2%2Ftags&post=837373"}],"curies":[{"name":"wp","href":"https:\/\/api.w.org\/{rel}","templated":true}]}}