{"id":837396,"date":"2026-01-02T12:04:58","date_gmt":"2026-01-02T08:04:58","guid":{"rendered":"https:\/\/arantv.az\/?p=837396"},"modified":"2026-01-02T12:04:58","modified_gmt":"2026-01-02T08:04:58","slug":"tut-%c9%99limd%c9%99n-usaqlar-ucun-sosial-reabilitasiya-m%c9%99rk%c9%99zind%c9%99-bayram-s%c9%99nliyi-t%c9%99skil-olunub","status":"publish","type":"post","link":"https:\/\/arantv.az\/?p=837396","title":{"rendered":"\u201cTut \u018flimd\u0259n\u201d U\u015faqlar \u00fc\u00e7\u00fcn Sosial Reabilitasiya M\u0259rk\u0259zind\u0259 bayram \u015f\u0259nliyi t\u0259\u015fkil olunub"},"content":{"rendered":"<div class=\"content lead font-weight-normal\">\n<p>Ail\u0259, Qad\u0131n v\u0259 U\u015faq Probleml\u0259ri \u00fczr\u0259 D\u00f6vl\u0259t Komit\u0259sinin t\u0259\u015f\u0259bb\u00fcs\u00fc v\u0259 t\u0259\u015fkilat\u00e7\u0131l\u0131\u011f\u0131 il\u0259 \u201cTut \u018flimd\u0259n\u201d U\u015faqlar \u00fc\u00e7\u00fcn Sosial Reabilitasiya M\u0259rk\u0259zind\u0259 31 Dekabr \u2013 D\u00fcnya Az\u0259rbaycanl\u0131lar\u0131n\u0131n H\u0259mr\u0259yliyi G\u00fcn\u00fc v\u0259 Yeni il m\u00fcnasib\u0259til\u0259 bayram \u015f\u0259nliyi t\u0259\u015fkil olunub.<\/p>\n<p><strong>\u201c\u0130ki sahil\u201d x\u0259b\u0259r verir ki,<\/strong>\u00a0bayram t\u0259dbirind\u0259 Heyd\u0259r \u018fliyev Fondunun vitse-prezidenti Leyla \u018fliyeva v\u0259 Bak\u0131 Media M\u0259rk\u0259zinin r\u0259hb\u0259ri Arzu \u018fliyeva i\u015ftirak edibl\u0259r.<\/p>\n<p>T\u0259dbir u\u015faqlar \u00fc\u00e7\u00fcn \u0259sl bayram ovqat\u0131nda ke\u00e7ib. \u015eaxta baba v\u0259 Qar q\u0131z\u0131n i\u015ftirak\u0131 il\u0259 t\u0259\u015fkil olunan proqram \u00e7\u0259r\u00e7iv\u0259sind\u0259 u\u015faqlar \u015feirl\u0259r s\u0259sl\u0259ndirib, mahn\u0131lar ifa edib, m\u00fcxt\u0259lif b\u0259dii kompozisiyalarla \u00e7\u0131x\u0131\u015f ed\u0259r\u0259k bayram sevincini b\u00f6l\u00fc\u015f\u00fcbl\u0259r.<\/p>\n<p>Leyla \u018fliyeva v\u0259 Arzu \u018fliyeva m\u0259rk\u0259zd\u0259 yarad\u0131lm\u0131\u015f \u015f\u0259raitl\u0259 yax\u0131ndan tan\u0131\u015f olub, u\u015faqlar \u00fc\u00e7\u00fcn formala\u015fd\u0131r\u0131lan sosial-psixoloji m\u00fchit, reabilitasiya v\u0259 inki\u015faf y\u00f6n\u00fcml\u00fc xidm\u0259t modell\u0259ri il\u0259 maraqlan\u0131b, m\u0259rk\u0259zin f\u0259aliyy\u0259ti il\u0259 ba\u011fl\u0131 \u0259trafl\u0131 m\u0259lumat al\u0131blar . Onlar u\u015faqlarla s\u0259mimi \u00fcnsiyy\u0259t quraraq onlar\u0131n ist\u0259k v\u0259 arzular\u0131 il\u0259 maraqlan\u0131b, bayram sevincini b\u00f6l\u00fc\u015f\u00fcbl\u0259r.<\/p>\n<p>Ail\u0259, Qad\u0131n v\u0259 U\u015faq Probleml\u0259ri \u00fczr\u0259 D\u00f6vl\u0259t Komit\u0259sinin s\u0259dri Bahar Muradova m\u0259rk\u0259zin \u0259sas f\u0259aliyy\u0259t istiqam\u0259tl\u0259ri bar\u0259d\u0259 m\u0259lumat verib. Bildirilib ki, \u201cTut \u018flimd\u0259n\u201d U\u015faqlar \u00fc\u00e7\u00fcn Sosial Reabilitasiya M\u0259rk\u0259zi \u00e7\u0259tin h\u0259yat \u015f\u0259raitind\u0259 olan, valideyn himay\u0259sind\u0259n m\u0259hrum v\u0259 risk qrupuna aid u\u015faqlar\u0131n t\u0259hl\u00fck\u0259siz, sa\u011flam v\u0259 qay\u011f\u0131 il\u0259 \u0259hat\u0259 olunan m\u00fchitd\u0259 reabilitasiyas\u0131n\u0131, sosial adaptasiyas\u0131n\u0131 v\u0259 c\u0259miyy\u0259t\u0259 inteqrasiyas\u0131n\u0131 t\u0259min etm\u0259k m\u0259qs\u0259dil\u0259 f\u0259aliyy\u0259t g\u00f6st\u0259rir. Qeyd olunub ki, u\u015faqlar\u0131n psixososial rifah\u0131n\u0131n g\u00fccl\u0259ndirilm\u0259si v\u0259 onlar\u0131n g\u0259l\u0259c\u0259k m\u00fcst\u0259qil h\u0259yata haz\u0131rlanmas\u0131 m\u0259rk\u0259zin \u0259sas prioritetl\u0259ri s\u0131ras\u0131ndad\u0131r.<\/p>\n<p>T\u0259dbirin sonunda u\u015faqlara bayram h\u0259diyy\u0259l\u0259ri t\u0259qdim olunub, onlar\u0131n D\u00fcnya Az\u0259rbaycanl\u0131lar\u0131n\u0131n H\u0259mr\u0259yliyi G\u00fcn\u00fc v\u0259 Yeni il m\u00fcnasib\u0259til\u0259 bayramlar\u0131 s\u0259mimi t\u0259brikl\u0259rl\u0259 qeyd edilib.<\/p>\n<p>T\u0259dbir \u00e7\u0259r\u00e7iv\u0259sind\u0259 Leyla v\u0259 Arzu \u018fliyevalar \u201cAz\u0259rEnerji\u201d ASC t\u0259r\u0259find\u0259n m\u0259rk\u0259zin ehtiyaclar\u0131 n\u0259z\u0259r\u0259 al\u0131naraq h\u0259diyy\u0259 edil\u0259n avtoma\u015f\u0131na da bax\u0131\u015f ke\u00e7iribl\u0259r. Qeyd olunub ki, n\u0259qliyyat vasit\u0259si m\u0259rk\u0259zin f\u0259aliyy\u0259tinin operativliyinin art\u0131r\u0131lmas\u0131na, u\u015faqlar\u0131n m\u00fcxt\u0259lif reabilitasiya v\u0259 sosial xidm\u0259tl\u0259r\u0259 \u00e7\u0131x\u0131\u015f\u0131n\u0131n daha s\u0259m\u0259r\u0259li t\u0259\u015fkilin\u0259 t\u00f6hf\u0259 ver\u0259c\u0259k.<\/p>\n<p>Yekunda bel\u0259 m\u0259rk\u0259zl\u0259rin i\u015finin g\u00fccl\u0259ndirilm\u0259si v\u0259 f\u0259aliyy\u0259t \u015f\u0259b\u0259k\u0259sinin geni\u015fl\u0259ndirilm\u0259si bar\u0259d\u0259 fikir m\u00fcbadil\u0259si apar\u0131l\u0131b.<\/p>\n<\/div>\n<div class=\"sharing my-2 row no-gutters d-print-none\">\n<div class=\"col-md-3\"><\/div>\n<\/div>\n<div class=\"d-none d-sm-block\"><\/div>\n","protected":false},"excerpt":{"rendered":"<p>Ail\u0259, Qad\u0131n v\u0259 U\u015faq Probleml\u0259ri \u00fczr\u0259 D\u00f6vl\u0259t Komit\u0259sinin t\u0259\u015f\u0259bb\u00fcs\u00fc v\u0259 t\u0259\u015fkilat\u00e7\u0131l\u0131\u011f\u0131 il\u0259 \u201cTut \u018flimd\u0259n\u201d U\u015faqlar \u00fc\u00e7\u00fcn Sosial Reabilitasiya M\u0259rk\u0259zind\u0259 31 Dekabr \u2013 D\u00fcnya Az\u0259rbaycanl\u0131lar\u0131n\u0131n H\u0259mr\u0259yliyi G\u00fcn\u00fc v\u0259 Yeni il m\u00fcnasib\u0259til\u0259 bayram \u015f\u0259nliyi t\u0259\u015fkil olunub. \u201c\u0130ki sahil\u201d x\u0259b\u0259r verir ki,\u00a0bayram t\u0259dbirind\u0259 Heyd\u0259r \u018fliyev Fondunun vitse-prezidenti Leyla \u018fliyeva v\u0259 Bak\u0131 Media M\u0259rk\u0259zinin r\u0259hb\u0259ri Arzu \u018fliyeva i\u015ftirak edibl\u0259r. T\u0259dbir u\u015faqlar \u00fc\u00e7\u00fcn \u0259sl bayram ovqat\u0131nda ke\u00e7ib. \u015eaxta baba v\u0259 Qar q\u0131z\u0131n i\u015ftirak\u0131 il\u0259 t\u0259\u015fkil olunan proqram \u00e7\u0259r\u00e7iv\u0259sind\u0259 u\u015faqlar \u015feirl\u0259r s\u0259sl\u0259ndirib, mahn\u0131lar ifa edib, m\u00fcxt\u0259lif b\u0259dii kompozisiyalarla \u00e7\u0131x\u0131\u015f ed\u0259r\u0259k bayram sevincini b\u00f6l\u00fc\u015f\u00fcbl\u0259r. Leyla \u018fliyeva v\u0259&hellip;<\/p>\n","protected":false},"author":2,"featured_media":837397,"comment_status":"closed","ping_status":"closed","sticky":false,"template":"","format":"standard","meta":{"om_disable_all_campaigns":false,"_monsterinsights_skip_tracking":false,"_monsterinsights_sitenote_active":false,"_monsterinsights_sitenote_note":"","_monsterinsights_sitenote_category":0},"categories":[1],"tags":[],"aioseo_notices":[],"gutentor_comment":0,"rttpg_featured_image_url":{"full":["https:\/\/arantv.az\/wp-content\/uploads\/2026\/01\/83dd3f9f176727021847633395310024408.jpg",975,540,false],"landscape":["https:\/\/arantv.az\/wp-content\/uploads\/2026\/01\/83dd3f9f176727021847633395310024408.jpg",975,540,false],"portraits":["https:\/\/arantv.az\/wp-content\/uploads\/2026\/01\/83dd3f9f176727021847633395310024408.jpg",975,540,false],"thumbnail":["https:\/\/arantv.az\/wp-content\/uploads\/2026\/01\/83dd3f9f176727021847633395310024408-500x280.jpg",500,280,true],"medium":["https:\/\/arantv.az\/wp-content\/uploads\/2026\/01\/83dd3f9f176727021847633395310024408-660x365.jpg",660,365,true],"large":["https:\/\/arantv.az\/wp-content\/uploads\/2026\/01\/83dd3f9f176727021847633395310024408-840x465.jpg",640,354,true],"1536x1536":["https:\/\/arantv.az\/wp-content\/uploads\/2026\/01\/83dd3f9f176727021847633395310024408.jpg",975,540,false],"2048x2048":["https:\/\/arantv.az\/wp-content\/uploads\/2026\/01\/83dd3f9f176727021847633395310024408.jpg",975,540,false],"post-thumbnail":["https:\/\/arantv.az\/wp-content\/uploads\/2026\/01\/83dd3f9f176727021847633395310024408-240x172.jpg",240,172,true],"advps-thumb-one":["https:\/\/arantv.az\/wp-content\/uploads\/2026\/01\/83dd3f9f176727021847633395310024408.jpg",975,540,false]},"rttpg_author":{"display_name":"V\u00fcsal Rafiqo\u011flu","author_link":"https:\/\/arantv.az\/?author=2"},"rttpg_comment":0,"rttpg_category":"<a href=\"https:\/\/arantv.az\/?cat=1\" rel=\"category\">C\u0259miyy\u0259t<\/a>","rttpg_excerpt":"Ail\u0259, Qad\u0131n v\u0259 U\u015faq Probleml\u0259ri \u00fczr\u0259 D\u00f6vl\u0259t Komit\u0259sinin t\u0259\u015f\u0259bb\u00fcs\u00fc v\u0259 t\u0259\u015fkilat\u00e7\u0131l\u0131\u011f\u0131 il\u0259 \u201cTut \u018flimd\u0259n\u201d U\u015faqlar \u00fc\u00e7\u00fcn Sosial Reabilitasiya M\u0259rk\u0259zind\u0259 31 Dekabr \u2013 D\u00fcnya Az\u0259rbaycanl\u0131lar\u0131n\u0131n H\u0259mr\u0259yliyi G\u00fcn\u00fc v\u0259 Yeni il m\u00fcnasib\u0259til\u0259 bayram \u015f\u0259nliyi t\u0259\u015fkil olunub. \u201c\u0130ki sahil\u201d x\u0259b\u0259r verir ki,\u00a0bayram t\u0259dbirind\u0259 Heyd\u0259r \u018fliyev Fondunun vitse-prezidenti Leyla \u018fliyeva v\u0259 Bak\u0131 Media M\u0259rk\u0259zinin r\u0259hb\u0259ri Arzu \u018fliyeva i\u015ftirak edibl\u0259r.&hellip;","_links":{"self":[{"href":"https:\/\/arantv.az\/index.php?rest_route=\/wp\/v2\/posts\/837396"}],"collection":[{"href":"https:\/\/arantv.az\/index.php?rest_route=\/wp\/v2\/posts"}],"about":[{"href":"https:\/\/arantv.az\/index.php?rest_route=\/wp\/v2\/types\/post"}],"author":[{"embeddable":true,"href":"https:\/\/arantv.az\/index.php?rest_route=\/wp\/v2\/users\/2"}],"replies":[{"embeddable":true,"href":"https:\/\/arantv.az\/index.php?rest_route=%2Fwp%2Fv2%2Fcomments&post=837396"}],"version-history":[{"count":2,"href":"https:\/\/arantv.az\/index.php?rest_route=\/wp\/v2\/posts\/837396\/revisions"}],"predecessor-version":[{"id":837399,"href":"https:\/\/arantv.az\/index.php?rest_route=\/wp\/v2\/posts\/837396\/revisions\/837399"}],"wp:featuredmedia":[{"embeddable":true,"href":"https:\/\/arantv.az\/index.php?rest_route=\/wp\/v2\/media\/837397"}],"wp:attachment":[{"href":"https:\/\/arantv.az\/index.php?rest_route=%2Fwp%2Fv2%2Fmedia&parent=837396"}],"wp:term":[{"taxonomy":"category","embeddable":true,"href":"https:\/\/arantv.az\/index.php?rest_route=%2Fwp%2Fv2%2Fcategories&post=837396"},{"taxonomy":"post_tag","embeddable":true,"href":"https:\/\/arantv.az\/index.php?rest_route=%2Fwp%2Fv2%2Ftags&post=837396"}],"curies":[{"name":"wp","href":"https:\/\/api.w.org\/{rel}","templated":true}]}}