{"id":83747,"date":"2019-10-05T09:11:03","date_gmt":"2019-10-05T06:11:03","guid":{"rendered":"http:\/\/arantv.az\/?p=83747"},"modified":"2019-10-05T09:11:03","modified_gmt":"2019-10-05T06:11:03","slug":"bosanmis-qohumunun-cehizl%c9%99rini-goturm%c9%99y%c9%99-getdi-doyuldu","status":"publish","type":"post","link":"https:\/\/arantv.az\/?p=83747","title":{"rendered":"Bo\u015fanm\u0131\u015f qohumunun cehizl\u0259rini g\u00f6t\u00fcrm\u0259y\u0259 getdi, d\u00f6y\u00fcld\u00fc"},"content":{"rendered":"<p>Bak\u0131n\u0131n Sabun\u00e7u rayonunda d\u00f6y\u00fclm\u0259 fakt\u0131 qeyd\u0259 al\u0131n\u0131b.<\/p>\n<p><strong>ARANTV.AZ<\/strong> x\u0259b\u0259r verir ki, Ma\u015fta\u011fa q\u0259s\u0259b\u0259sind\u0259 bo\u015fanan \u0259r-arvad\u0131n qohumlar\u0131 aras\u0131nda m\u00fcbahis\u0259 yaran\u0131b.<\/p>\n<p>Bel\u0259 ki, 1990-c\u0131 il t\u0259v\u0259ll\u00fcdl\u00fc Mustafayev N\u0259bi Cumali o\u011flu h\u0259yat yolda\u015f\u0131ndan bo\u015fanm\u0131\u015f qad\u0131n\u0131n \u0259r evin\u0259 ged\u0259r\u0259k orada olan \u0259\u015fyalar\u0131n\u0131 g\u00f6t\u00fcrm\u0259k ist\u0259yib. Bu zaman o, d\u00f6y\u00fcl\u0259r\u0259k x\u0259sar\u0259t al\u0131b.<\/p>\n<p>Yaral\u0131 d\u0259rhal x\u0259st\u0259xanaya \u00e7atd\u0131r\u0131l\u0131b.<\/p>\n<p>Faktla ba\u011fl\u0131 Sabun\u00e7u Rayon Polis \u0130dar\u0259sind\u0259 ara\u015fd\u0131rma apar\u0131l\u0131r.oxu.az<\/p>\n","protected":false},"excerpt":{"rendered":"<p>Bak\u0131n\u0131n Sabun\u00e7u rayonunda d\u00f6y\u00fclm\u0259 fakt\u0131 qeyd\u0259 al\u0131n\u0131b. ARANTV.AZ x\u0259b\u0259r verir ki, Ma\u015fta\u011fa q\u0259s\u0259b\u0259sind\u0259 bo\u015fanan \u0259r-arvad\u0131n qohumlar\u0131 aras\u0131nda m\u00fcbahis\u0259 yaran\u0131b. Bel\u0259 ki, 1990-c\u0131 il t\u0259v\u0259ll\u00fcdl\u00fc Mustafayev N\u0259bi Cumali o\u011flu h\u0259yat yolda\u015f\u0131ndan bo\u015fanm\u0131\u015f qad\u0131n\u0131n \u0259r evin\u0259 ged\u0259r\u0259k orada olan \u0259\u015fyalar\u0131n\u0131 g\u00f6t\u00fcrm\u0259k ist\u0259yib. Bu zaman o, d\u00f6y\u00fcl\u0259r\u0259k x\u0259sar\u0259t al\u0131b. Yaral\u0131 d\u0259rhal x\u0259st\u0259xanaya \u00e7atd\u0131r\u0131l\u0131b. Faktla ba\u011fl\u0131 Sabun\u00e7u Rayon Polis \u0130dar\u0259sind\u0259 ara\u015fd\u0131rma apar\u0131l\u0131r.oxu.az<\/p>\n","protected":false},"author":2,"featured_media":83748,"comment_status":"closed","ping_status":"closed","sticky":false,"template":"","format":"standard","meta":{"om_disable_all_campaigns":false,"_monsterinsights_skip_tracking":false,"_monsterinsights_sitenote_active":false,"_monsterinsights_sitenote_note":"","_monsterinsights_sitenote_category":0},"categories":[5],"tags":[],"aioseo_notices":[],"gutentor_comment":0,"rttpg_featured_image_url":{"full":["https:\/\/arantv.az\/wp-content\/uploads\/2019\/10\/1570254996doyulme.jpg",550,345,false],"landscape":["https:\/\/arantv.az\/wp-content\/uploads\/2019\/10\/1570254996doyulme.jpg",550,345,false],"portraits":["https:\/\/arantv.az\/wp-content\/uploads\/2019\/10\/1570254996doyulme.jpg",550,345,false],"thumbnail":["https:\/\/arantv.az\/wp-content\/uploads\/2019\/10\/1570254996doyulme-150x150.jpg",150,150,true],"medium":["https:\/\/arantv.az\/wp-content\/uploads\/2019\/10\/1570254996doyulme-300x188.jpg",300,188,true],"large":["https:\/\/arantv.az\/wp-content\/uploads\/2019\/10\/1570254996doyulme.jpg",550,345,false],"1536x1536":["https:\/\/arantv.az\/wp-content\/uploads\/2019\/10\/1570254996doyulme.jpg",550,345,false],"2048x2048":["https:\/\/arantv.az\/wp-content\/uploads\/2019\/10\/1570254996doyulme.jpg",550,345,false],"post-thumbnail":["https:\/\/arantv.az\/wp-content\/uploads\/2019\/10\/1570254996doyulme-240x172.jpg",240,172,true],"advps-thumb-one":["https:\/\/arantv.az\/wp-content\/uploads\/2019\/10\/1570254996doyulme.jpg",550,345,false]},"rttpg_author":{"display_name":"V\u00fcsal Rafiqo\u011flu","author_link":"https:\/\/arantv.az\/?author=2"},"rttpg_comment":0,"rttpg_category":"<a href=\"https:\/\/arantv.az\/?cat=5\" rel=\"category\">Hadis\u0259<\/a>","rttpg_excerpt":"Bak\u0131n\u0131n Sabun\u00e7u rayonunda d\u00f6y\u00fclm\u0259 fakt\u0131 qeyd\u0259 al\u0131n\u0131b. ARANTV.AZ x\u0259b\u0259r verir ki, Ma\u015fta\u011fa q\u0259s\u0259b\u0259sind\u0259 bo\u015fanan \u0259r-arvad\u0131n qohumlar\u0131 aras\u0131nda m\u00fcbahis\u0259 yaran\u0131b. Bel\u0259 ki, 1990-c\u0131 il t\u0259v\u0259ll\u00fcdl\u00fc Mustafayev N\u0259bi Cumali o\u011flu h\u0259yat yolda\u015f\u0131ndan bo\u015fanm\u0131\u015f qad\u0131n\u0131n \u0259r evin\u0259 ged\u0259r\u0259k orada olan \u0259\u015fyalar\u0131n\u0131 g\u00f6t\u00fcrm\u0259k ist\u0259yib. Bu zaman o, d\u00f6y\u00fcl\u0259r\u0259k x\u0259sar\u0259t al\u0131b. Yaral\u0131 d\u0259rhal x\u0259st\u0259xanaya \u00e7atd\u0131r\u0131l\u0131b. Faktla ba\u011fl\u0131 Sabun\u00e7u Rayon Polis&hellip;","_links":{"self":[{"href":"https:\/\/arantv.az\/index.php?rest_route=\/wp\/v2\/posts\/83747"}],"collection":[{"href":"https:\/\/arantv.az\/index.php?rest_route=\/wp\/v2\/posts"}],"about":[{"href":"https:\/\/arantv.az\/index.php?rest_route=\/wp\/v2\/types\/post"}],"author":[{"embeddable":true,"href":"https:\/\/arantv.az\/index.php?rest_route=\/wp\/v2\/users\/2"}],"replies":[{"embeddable":true,"href":"https:\/\/arantv.az\/index.php?rest_route=%2Fwp%2Fv2%2Fcomments&post=83747"}],"version-history":[{"count":0,"href":"https:\/\/arantv.az\/index.php?rest_route=\/wp\/v2\/posts\/83747\/revisions"}],"wp:featuredmedia":[{"embeddable":true,"href":"https:\/\/arantv.az\/index.php?rest_route=\/wp\/v2\/media\/83748"}],"wp:attachment":[{"href":"https:\/\/arantv.az\/index.php?rest_route=%2Fwp%2Fv2%2Fmedia&parent=83747"}],"wp:term":[{"taxonomy":"category","embeddable":true,"href":"https:\/\/arantv.az\/index.php?rest_route=%2Fwp%2Fv2%2Fcategories&post=83747"},{"taxonomy":"post_tag","embeddable":true,"href":"https:\/\/arantv.az\/index.php?rest_route=%2Fwp%2Fv2%2Ftags&post=83747"}],"curies":[{"name":"wp","href":"https:\/\/api.w.org\/{rel}","templated":true}]}}