{"id":83755,"date":"2019-10-05T09:26:43","date_gmt":"2019-10-05T06:26:43","guid":{"rendered":"http:\/\/arantv.az\/?p=83755"},"modified":"2019-10-05T09:26:43","modified_gmt":"2019-10-05T06:26:43","slug":"%c9%99li-h%c9%99s%c9%99novdan-mu%c9%99lliml%c9%99r%c9%99-bayram-t%c9%99briki","status":"publish","type":"post","link":"https:\/\/arantv.az\/?p=83755","title":{"rendered":"\u018fli H\u0259s\u0259novdan m\u00fc\u0259lliml\u0259r\u0259 BAYRAM T\u018fBR\u0130K\u0130"},"content":{"rendered":"<p><strong>Az\u0259rbaycan Respublikas\u0131 Prezidentinin ictimai-siyasi m\u0259s\u0259l\u0259l\u0259r \u00fczr\u0259 k\u00f6m\u0259k\u00e7isi \u018fli H\u0259s\u0259nov M\u00fc\u0259lliml\u0259r G\u00fcn\u00fc m\u00fcnasib\u0259ti il\u0259 Az\u0259rbaycan m\u00fc\u0259lliml\u0259rini t\u0259brik edib.<\/strong><\/p>\n<p><b>ARANTV.AZ\u00a0<\/b>t\u0259brikin m\u0259tnini t\u0259qdim edir:<\/p>\n<p>\u201c\u018fn \u015f\u0259r\u0259fli pe\u015f\u0259 sahibi- m\u00fc\u0259llim!<\/p>\n<p>\u0130nsan\u0131 \u00f6z halal z\u0259hm\u0259ti hesab\u0131na ya\u015fadan v\u0259 ucaldan h\u0259r bir pe\u015f\u0259 \u015f\u0259r\u0259flidir, h\u0259r bir pe\u015f\u0259 sahibi d\u0259 h\u00f6rm\u0259t\u0259 layiqdir. Lakin d\u00fcnyada bir pe\u015f\u0259 var ki, o pe\u015f\u0259nin sahibl\u0259ri h\u0259r bir c\u0259miyy\u0259tin, h\u0259r bir f\u0259rdin h\u0259yat\u0131nda \u0259lahidd\u0259 rol oynay\u0131r, insanlar\u0131n m\u0259n\u0259vi v\u0259 \u0259qli inki\u015faf s\u0259viyy\u0259sini m\u00fc\u0259yy\u0259n edir, yetkin bir v\u0259t\u0259nda\u015fa \u00e7evrilm\u0259sin\u0259 t\u00f6hf\u0259 verirl\u0259r. S\u00f6hb\u0259t, \u0259lb\u0259tt\u0259 ki, m\u00fc\u0259lliml\u0259rd\u0259n gedir!<\/p>\n<p>YUNESKO-nun q\u0259rar\u0131 il\u0259 1994-c\u00fc ild\u0259n ba\u015flayaraq h\u0259r il oktyabr ay\u0131n\u0131n 5-i \u00dcmumd\u00fcnya M\u00fc\u0259lliml\u0259r G\u00fcn\u00fc kimi qeyd olunur. Bu tarixin Az\u0259rbaycanda da M\u00fc\u0259lliml\u0259r G\u00fcn\u00fc kimi qeyd olunmas\u0131 haqda q\u0259rar \u00dcmummilli lider Heyd\u0259r \u018fliyev t\u0259r\u0259find\u0259n verilib. \u201cM\u0259n d\u00fcnyada m\u00fc\u0259llimd\u0259n y\u00fcks\u0259k ad tan\u0131m\u0131ram\u201d s\u00f6yl\u0259y\u0259n \u00dcmummilli lider Az\u0259rbaycana r\u0259hb\u0259rlik etdiyi b\u00fct\u00fcn d\u00f6vrl\u0259rd\u0259 h\u0259mi\u015f\u0259 m\u00fc\u0259lliml\u0259r\u0259, t\u0259hsil i\u015f\u00e7il\u0259rin\u0259 x\u00fcsusi ehtiramla yana\u015f\u0131b, onlar\u0131n maddi v\u0259ziyy\u0259tinin, rifah hal\u0131n\u0131n yax\u015f\u0131la\u015fd\u0131r\u0131lmas\u0131n\u0131 diqq\u0259td\u0259 saxlay\u0131b, bu m\u00fcq\u0259dd\u0259s pe\u015f\u0259 sahibl\u0259rinin qay\u011f\u0131s\u0131na qal\u0131b, h\u0259r f\u00fcrs\u0259t d\u00fc\u015fd\u00fckc\u0259 \u00f6z m\u00fc\u0259lliml\u0259ri il\u0259 g\u00f6r\u00fc\u015f\u0259r\u0259k onlara s\u0259mimi minn\u0259tdarl\u0131\u011f\u0131n\u0131 ifad\u0259 edib. Ulu \u00f6nd\u0259r qeyd edirdi ki, h\u0259r birimiz tutdu\u011fumuz m\u00f6vqed\u0259n, hans\u0131 m\u0259sl\u0259k v\u0259 pe\u015f\u0259 sahibi olma\u011f\u0131m\u0131zdan as\u0131l\u0131 olmayaraq, b\u00fct\u00fcn nailiyy\u0259tl\u0259rimiz\u0259 g\u00f6r\u0259, ilk n\u00f6vb\u0259d\u0259 m\u0259kt\u0259b\u0259 v\u0259 m\u00fc\u0259llim\u0259 borcluyuq.<\/p>\n<p>Heyd\u0259r \u018fliyevi yax\u0131ndan tan\u0131yanlar \u00e7ox yax\u015f\u0131 bilirl\u0259r ki, Ulu \u00f6nd\u0259r d\u00f6vl\u0259t quruculu\u011fu prosesind\u0259, x\u00fcsus\u0259n d\u0259 g\u0259nc n\u0259slin yeti\u015fdirilm\u0259sind\u0259 m\u00fc\u0259lliml\u0259rimiz\u0259 \u00f6z\u00fcn\u00fcn \u0259sl silahda\u015flar\u0131 kimi bax\u0131rd\u0131. \u018fslind\u0259, \u00f6lk\u0259mizin v\u0259 mill\u0259timizin \u0259n b\u00f6y\u00fck m\u00fc\u0259llimi d\u0259 el\u0259 Heyd\u0259r \u018fliyevin \u00f6z\u00fc idi. Onun bioqrafiyas\u0131n\u0131 ara\u015fd\u0131ran bir \u00e7ox tan\u0131nm\u0131\u015f m\u00fc\u0259llifl\u0259r bu b\u00f6y\u00fck d\u00f6vl\u0259t adam\u0131n\u0131 h\u0259m d\u0259 Ustad m\u00fc\u0259llim kimi xarakteriz\u0259 edirl\u0259r. B\u0259li, bu g\u00fcn t\u0259r\u0259dd\u00fcds\u00fcz s\u00f6yl\u0259m\u0259k olar ki, m\u00fcst\u0259qil Az\u0259rbaycan d\u00f6vl\u0259tinin banisi, g\u00f6rk\u0259mil siyasi v\u0259 d\u00f6vl\u0259t xadimi Heyd\u0259r \u018fliyev, h\u0259m d\u0259 \u00f6lk\u0259mizd\u0259 d\u00f6vl\u0259t qurma\u011f\u0131n, onu qoruyub saxlama\u011f\u0131n, h\u0259rbi-siyasi \u00e7evrili\u015fl\u0259rin qar\u015f\u0131s\u0131n\u0131 alma\u011f\u0131n, milli-v\u0259t\u0259nda\u015f birliyi yaratma\u011f\u0131n, xalq\u0131 vahid ideya- az\u0259rbaycan\u00e7\u0131l\u0131q m\u0259fkur\u0259si \u0259traf\u0131nda s\u0259f\u0259rb\u0259r etm\u0259yin yollar\u0131n\u0131 g\u00f6st\u0259r\u0259n \u0259sl m\u00fc\u0259llim idi. Bu g\u00fcn Az\u0259rbaycan iqtidar\u0131 ist\u0259r d\u00f6vl\u0259t idar\u0259\u00e7iliyind\u0259, ist\u0259r daxili siyas\u0259td\u0259, ist\u0259rs\u0259 d\u0259 diplomatiyada m\u0259hz \u00d6z M\u00fc\u0259lliminin- Heyd\u0259r \u018fliyevin g\u00f6st\u0259rdiyi, m\u00fc\u0259yy\u0259n etdiyi yolla gedir.<\/p>\n<p>\u00dcmummilli liderin siyasi irsinin davam\u00e7\u0131s\u0131 Prezident \u0130lham \u018fliyevin hakimiyy\u0259ti d\u00f6vr\u00fcnd\u0259 \u00f6lk\u0259mizd\u0259 m\u00fc\u0259lliml\u0259rimiz\u0259, b\u00fct\u00f6vl\u00fckd\u0259 t\u0259hsil\u0259 v\u0259 t\u0259hsil i\u015f\u00e7il\u0259rin\u0259 eyni h\u0259ssasl\u0131qla x\u00fcsusi diqq\u0259t v\u0259 qay\u011f\u0131 g\u00f6st\u0259rilir. B\u0259zi faktlar\u0131 qeyd etm\u0259k ist\u0259yir\u0259m: \u0130lham \u018fliyevin hakimiyy\u0259ti d\u00f6vr\u00fcnd\u0259 \u00f6lk\u0259mizd\u0259 3200-d\u0259n \u00e7ox m\u0259kt\u0259b tikilib, yaxud \u0259sasl\u0131 t\u0259mir edilib. Ali m\u0259kt\u0259bl\u0259rin binalar\u0131 t\u0259mir edilib v\u0259 yenid\u0259n qurulub, texniki t\u0259minat\u0131 \u0259n y\u00fcks\u0259k s\u0259viyy\u0259y\u0259 qald\u0131r\u0131l\u0131b, filiallar\u0131 il\u0259 birg\u0259 saylar\u0131 v\u0259 co\u011frafiyas\u0131 iki d\u0259f\u0259y\u0259 q\u0259d\u0259r geni\u015fl\u0259ndirilib. H\u0259r yeni d\u0259rs ilinin ba\u015flan\u011f\u0131c\u0131 Az\u0259rbaycanda onlarla yeni m\u0259kt\u0259bl\u0259rin, el\u0259c\u0259 d\u0259 bu v\u0259 ya dig\u0259r ali m\u0259kt\u0259bin, yeni fak\u00fclt\u0259l\u0259rin, yeni t\u0259dris korpuslar\u0131n\u0131n a\u00e7\u0131l\u0131\u015f\u0131 il\u0259 yadda qal\u0131r. T\u0259hsil m\u00fc\u0259ssisl\u0259rinin texniki t\u0259chizat\u0131na, d\u0259rslikl\u0259rl\u0259 t\u0259min edilm\u0259sin\u0259 h\u00f6kum\u0259t t\u0259r\u0259find\u0259n x\u00fcsusi n\u0259zar\u0259t olunur. Milli kardrlar\u0131n haz\u0131rlanmas\u0131 m\u0259qs\u0259dil\u0259 son on be\u015f ild\u0259 minl\u0259rl\u0259 Az\u0259rbaycan g\u0259nci d\u00f6vl\u0259t hesab\u0131na xarici \u00f6lk\u0259l\u0259rd\u0259 t\u0259hsil al\u0131b v\u0259 almaqda davam edir. Bu istiqam\u0259td\u0259 pedaqoji kadrlar\u0131n haz\u0131rlanmas\u0131 i\u015fi d\u0259 ild\u0259n-il\u0259 t\u0259kmill\u0259\u015fdirilir, z\u0259ruri sah\u0259l\u0259rd\u0259 m\u00fct\u0259x\u0259ssisl\u0259rin haz\u0131rlanmas\u0131, t\u0259cr\u00fcb\u0259 m\u00fcbadil\u0259si, ixtisas art\u0131rmas\u0131 v\u0259 s. istiqam\u0259tind\u0259 xarici t\u0259hsil m\u00fc\u0259ssis\u0259l\u0259ri il\u0259 geni\u015f \u0259m\u0259kda\u015fl\u0131q edilir.<\/p>\n<p>Az\u0259rbaycanda m\u00fc\u0259lliml\u0259rin maddi rifah hal\u0131n\u0131n yax\u015f\u0131la\u015fd\u0131r\u0131lmas\u0131 m\u0259qs\u0259dil\u0259 Prezident t\u0259r\u0259find\u0259n davaml\u0131 olaraq x\u00fcsusi add\u0131mlar at\u0131l\u0131r. \u00d6lk\u0259 ba\u015f\u00e7\u0131s\u0131n\u0131n m\u00fcvafiq s\u0259r\u0259ncam\u0131na \u0259sas\u0259n, m\u00fc\u0259lliml\u0259rin ayl\u0131q v\u0259zif\u0259 maa\u015flar\u0131 cari il sentyabr\u0131n 1-d\u0259n orta hesabla 20 faiz art\u0131r\u0131l\u0131b v\u0259 bel\u0259likl\u0259, orta ayl\u0131q \u0259m\u0259khaqq\u0131 600 manata \u00e7at\u0131b. Bu d\u0259yi\u015fiklikd\u0259n sonra ayl\u0131q \u0259m\u0259khaqq\u0131 1000 manatdan \u00e7ox olan m\u00fc\u0259lliml\u0259rin say\u0131, \u00f6lk\u0259 \u00fczr\u0259 t\u0259xmin\u0259n 5000 n\u0259f\u0259ri \u00f6t\u00fcbd\u00fcr. Bundan ba\u015fqa, \u00f6t\u0259n t\u0259dris ilind\u0259 \u00fcmumt\u0259hsil m\u00fc\u0259ssis\u0259l\u0259rind\u0259 \u00e7al\u0131\u015fan m\u00fc\u0259lliml\u0259rin bilik v\u0259 bacar\u0131qlar\u0131n\u0131n diaqnostik qiym\u0259tl\u0259ndirilm\u0259si i\u015fi u\u011furla ba\u015fa \u00e7atd\u0131r\u0131l\u0131b, \u00fcmumilikd\u0259 150 mind\u0259n \u00e7ox m\u00fc\u0259llimin h\u0259ft\u0259lik d\u0259rs y\u00fck\u00fc 1.5 d\u0259f\u0259, v\u0259zif\u0259 maa\u015f\u0131 2 d\u0259f\u0259 art\u0131r\u0131l\u0131b. Bel\u0259likl\u0259, C\u0259nab Prezidentin qeyd etdiyi kimi, d\u00f6vl\u0259tin imkanlar\u0131, b\u00fcdc\u0259nin g\u0259lirl\u0259ri artd\u0131qca t\u0259hsil i\u015f\u00e7il\u0259rinin d\u0259 maa\u015flar\u0131 art\u0131r\u0131l\u0131r v\u0259 bu add\u0131mlar g\u0259l\u0259c\u0259kd\u0259 d\u0259 davam etdiril\u0259c\u0259k, dig\u0259r v\u0259t\u0259nda\u015flar\u0131m\u0131z kimi, m\u00fc\u0259lliml\u0259rin d\u0259 maddi rifah\u0131n\u0131n y\u00fcks\u0259ldilm\u0259si \u00fc\u00e7\u00fcn laz\u0131mi q\u0259rarlar q\u0259bul edil\u0259c\u0259k.<\/p>\n<p>Bir fakt\u0131 x\u00fcsusi qeyd etm\u0259k ist\u0259yir\u0259m ki, Az\u0259rbaycan Respublikas\u0131n\u0131n Birinci vitse- prezidenti, Heyd\u0259r \u018fliyev Fondun r\u0259hb\u0259ri Mehriban xan\u0131m \u018fliyeva \u00f6lk\u0259mizd\u0259 m\u00fcasir standartlara cavab ver\u0259n t\u0259hsil kompleksl\u0259rinin yarad\u0131lmas\u0131 v\u0259 m\u0259kt\u0259bl\u0259rd\u0259 t\u0259drisin s\u0259viyy\u0259sinin y\u00fcks\u0259ldilm\u0259si i\u015fin\u0259 x\u00fcsusi diqq\u0259t yetirir. Onun t\u0259\u015f\u0259bb\u00fcs\u00fc il\u0259 2005-2012-ci ill\u0259r \u0259rzind\u0259 h\u0259yata ke\u00e7iril\u0259n \u201cYenil\u0259\u015f\u0259n Az\u0259rbaycana yeni m\u0259kt\u0259b\u201d proqram\u0131 \u00e7\u0259r\u00e7iv\u0259sind\u0259 \u00f6lk\u0259nin m\u00fcxt\u0259lif b\u00f6lg\u0259l\u0259rind\u0259 100 mind\u0259n art\u0131q \u015fagirdin t\u0259hsil ald\u0131\u011f\u0131 400-d\u0259k m\u0259kt\u0259b binas\u0131 in\u015fa olunmu\u015f v\u0259 ya yenid\u0259n qurulmu\u015fdur. Fondun t\u0259hsil proqramlar\u0131nda azt\u0259minatl\u0131 ail\u0259l\u0259rd\u0259n olan \u015fagirdl\u0259r d\u0259 unudulmur v\u0259 h\u0259r t\u0259dris ilinin \u0259vv\u0259lind\u0259 azt\u0259minatl\u0131 ail\u0259l\u0259rin birinci sinf\u0259 ged\u0259n u\u015faqlar\u0131na b\u00fct\u00fcn m\u0259kt\u0259b l\u0259vazimatlar\u0131 h\u0259diyy\u0259 edilir.<\/p>\n<p>\u018fziz m\u00fc\u0259lliml\u0259r, sonda diqq\u0259tinizi \u00dcmummilli Liderin bel\u0259 bir tarixi fikrin\u0259 y\u00f6n\u0259ltm\u0259k ist\u0259yir\u0259m. Ulu \u00f6nd\u0259r s\u00f6yl\u0259yirdi ki, m\u00fc\u0259lliml\u0259rimizin \u0259sas v\u0259zif\u0259si \u0259lb\u0259tt\u0259 ki, ilk n\u00f6vb\u0259d\u0259 g\u0259nc n\u0259sl\u0259- m\u0259kt\u0259bl\u0259r\u0259 q\u0259d\u0259m qoyan \u015fagirdl\u0259r\u0259, ali m\u0259kt\u0259bl\u0259r\u0259 q\u0259bul olunan g\u0259ncl\u0259r\u0259 yax\u015f\u0131 t\u0259hsil verm\u0259kd\u0259n ibar\u0259tdir. Amma g\u0259r\u0259k unutmas\u0131nlar ki, h\u0259r bir az\u0259rbaycanl\u0131 g\u0259nc yax\u015f\u0131 t\u0259hsil almaqla yana\u015f\u0131, h\u0259m d\u0259 g\u0259r\u0259k d\u0259y\u0259rli v\u0259t\u0259nda\u015f kimi formala\u015fs\u0131n, \u00f6z d\u00f6vl\u0259tin\u0259, mill\u0259tin\u0259 v\u0259 xalq\u0131n\u0131n ad\u0259t-\u0259n\u0259n\u0259l\u0259rin\u0259 sadiq v\u0259t\u0259nda\u015f kimi yeti\u015fsin!<\/p>\n<p>Bel\u0259likl\u0259, g\u0259l\u0259c\u0259yimiz sizl\u0259r\u0259 \u0259man\u0259tdir, \u0259ziz m\u00fc\u0259lliml\u0259r! Pe\u015f\u0259 bayram\u0131n\u0131z m\u00fcbar\u0259k olsun!\u201dPublika.az<\/p>\n","protected":false},"excerpt":{"rendered":"<p>Az\u0259rbaycan Respublikas\u0131 Prezidentinin ictimai-siyasi m\u0259s\u0259l\u0259l\u0259r \u00fczr\u0259 k\u00f6m\u0259k\u00e7isi \u018fli H\u0259s\u0259nov M\u00fc\u0259lliml\u0259r G\u00fcn\u00fc m\u00fcnasib\u0259ti il\u0259 Az\u0259rbaycan m\u00fc\u0259lliml\u0259rini t\u0259brik edib. ARANTV.AZ\u00a0t\u0259brikin m\u0259tnini t\u0259qdim edir: \u201c\u018fn \u015f\u0259r\u0259fli pe\u015f\u0259 sahibi- m\u00fc\u0259llim! \u0130nsan\u0131 \u00f6z halal z\u0259hm\u0259ti hesab\u0131na ya\u015fadan v\u0259 ucaldan h\u0259r bir pe\u015f\u0259 \u015f\u0259r\u0259flidir, h\u0259r bir pe\u015f\u0259 sahibi d\u0259 h\u00f6rm\u0259t\u0259 layiqdir. Lakin d\u00fcnyada bir pe\u015f\u0259 var ki, o pe\u015f\u0259nin sahibl\u0259ri h\u0259r bir c\u0259miyy\u0259tin, h\u0259r bir f\u0259rdin h\u0259yat\u0131nda \u0259lahidd\u0259 rol oynay\u0131r, insanlar\u0131n m\u0259n\u0259vi v\u0259 \u0259qli inki\u015faf s\u0259viyy\u0259sini m\u00fc\u0259yy\u0259n edir, yetkin bir v\u0259t\u0259nda\u015fa \u00e7evrilm\u0259sin\u0259 t\u00f6hf\u0259 verirl\u0259r. S\u00f6hb\u0259t, \u0259lb\u0259tt\u0259 ki, m\u00fc\u0259lliml\u0259rd\u0259n gedir! YUNESKO-nun q\u0259rar\u0131 il\u0259 1994-c\u00fc ild\u0259n ba\u015flayaraq h\u0259r&hellip;<\/p>\n","protected":false},"author":2,"featured_media":83756,"comment_status":"closed","ping_status":"closed","sticky":false,"template":"","format":"standard","meta":{"om_disable_all_campaigns":false,"_monsterinsights_skip_tracking":false,"_monsterinsights_sitenote_active":false,"_monsterinsights_sitenote_note":"","_monsterinsights_sitenote_category":0},"categories":[1],"tags":[],"aioseo_notices":[],"gutentor_comment":0,"rttpg_featured_image_url":{"full":["https:\/\/arantv.az\/wp-content\/uploads\/2019\/10\/eli-hesenov.jpg",800,450,false],"landscape":["https:\/\/arantv.az\/wp-content\/uploads\/2019\/10\/eli-hesenov.jpg",800,450,false],"portraits":["https:\/\/arantv.az\/wp-content\/uploads\/2019\/10\/eli-hesenov.jpg",800,450,false],"thumbnail":["https:\/\/arantv.az\/wp-content\/uploads\/2019\/10\/eli-hesenov-150x150.jpg",150,150,true],"medium":["https:\/\/arantv.az\/wp-content\/uploads\/2019\/10\/eli-hesenov-300x169.jpg",300,169,true],"large":["https:\/\/arantv.az\/wp-content\/uploads\/2019\/10\/eli-hesenov.jpg",640,360,false],"1536x1536":["https:\/\/arantv.az\/wp-content\/uploads\/2019\/10\/eli-hesenov.jpg",800,450,false],"2048x2048":["https:\/\/arantv.az\/wp-content\/uploads\/2019\/10\/eli-hesenov.jpg",800,450,false],"post-thumbnail":["https:\/\/arantv.az\/wp-content\/uploads\/2019\/10\/eli-hesenov-240x172.jpg",240,172,true],"advps-thumb-one":["https:\/\/arantv.az\/wp-content\/uploads\/2019\/10\/eli-hesenov.jpg",800,450,false]},"rttpg_author":{"display_name":"V\u00fcsal Rafiqo\u011flu","author_link":"https:\/\/arantv.az\/?author=2"},"rttpg_comment":0,"rttpg_category":"<a href=\"https:\/\/arantv.az\/?cat=1\" rel=\"category\">C\u0259miyy\u0259t<\/a>","rttpg_excerpt":"Az\u0259rbaycan Respublikas\u0131 Prezidentinin ictimai-siyasi m\u0259s\u0259l\u0259l\u0259r \u00fczr\u0259 k\u00f6m\u0259k\u00e7isi \u018fli H\u0259s\u0259nov M\u00fc\u0259lliml\u0259r G\u00fcn\u00fc m\u00fcnasib\u0259ti il\u0259 Az\u0259rbaycan m\u00fc\u0259lliml\u0259rini t\u0259brik edib. ARANTV.AZ\u00a0t\u0259brikin m\u0259tnini t\u0259qdim edir: \u201c\u018fn \u015f\u0259r\u0259fli pe\u015f\u0259 sahibi- m\u00fc\u0259llim! \u0130nsan\u0131 \u00f6z halal z\u0259hm\u0259ti hesab\u0131na ya\u015fadan v\u0259 ucaldan h\u0259r bir pe\u015f\u0259 \u015f\u0259r\u0259flidir, h\u0259r bir pe\u015f\u0259 sahibi d\u0259 h\u00f6rm\u0259t\u0259 layiqdir. Lakin d\u00fcnyada bir pe\u015f\u0259 var ki, o pe\u015f\u0259nin sahibl\u0259ri h\u0259r&hellip;","_links":{"self":[{"href":"https:\/\/arantv.az\/index.php?rest_route=\/wp\/v2\/posts\/83755"}],"collection":[{"href":"https:\/\/arantv.az\/index.php?rest_route=\/wp\/v2\/posts"}],"about":[{"href":"https:\/\/arantv.az\/index.php?rest_route=\/wp\/v2\/types\/post"}],"author":[{"embeddable":true,"href":"https:\/\/arantv.az\/index.php?rest_route=\/wp\/v2\/users\/2"}],"replies":[{"embeddable":true,"href":"https:\/\/arantv.az\/index.php?rest_route=%2Fwp%2Fv2%2Fcomments&post=83755"}],"version-history":[{"count":0,"href":"https:\/\/arantv.az\/index.php?rest_route=\/wp\/v2\/posts\/83755\/revisions"}],"wp:featuredmedia":[{"embeddable":true,"href":"https:\/\/arantv.az\/index.php?rest_route=\/wp\/v2\/media\/83756"}],"wp:attachment":[{"href":"https:\/\/arantv.az\/index.php?rest_route=%2Fwp%2Fv2%2Fmedia&parent=83755"}],"wp:term":[{"taxonomy":"category","embeddable":true,"href":"https:\/\/arantv.az\/index.php?rest_route=%2Fwp%2Fv2%2Fcategories&post=83755"},{"taxonomy":"post_tag","embeddable":true,"href":"https:\/\/arantv.az\/index.php?rest_route=%2Fwp%2Fv2%2Ftags&post=83755"}],"curies":[{"name":"wp","href":"https:\/\/api.w.org\/{rel}","templated":true}]}}