{"id":83759,"date":"2019-10-05T09:32:31","date_gmt":"2019-10-05T06:32:31","guid":{"rendered":"http:\/\/arantv.az\/?p=83759"},"modified":"2019-10-05T09:32:31","modified_gmt":"2019-10-05T06:32:31","slug":"deputat-az%c9%99rbaycan-prezidenti-movqeyini-yuks%c9%99k-tribunalarda-erm%c9%99nistan-bas-naziri-is%c9%99-oz-%c9%99trafinda-s%c9%99sl%c9%99ndirir","status":"publish","type":"post","link":"https:\/\/arantv.az\/?p=83759","title":{"rendered":"Deputat: &#8220;Az\u0259rbaycan Prezidenti m\u00f6vqeyini y\u00fcks\u0259k tribunalarda, Erm\u0259nistan ba\u015f naziri is\u0259 \u00f6z \u0259traf\u0131nda s\u0259sl\u0259ndirir&#8221;"},"content":{"rendered":"<p>&#8220;Prezident \u0130lham \u018fliyev oktyabr\u0131n 3-d\u0259 Rusiyan\u0131n So\u00e7i \u015f\u0259h\u0259rind\u0259 Valday Beyn\u0259lxalq Diskussiya Klubunun XVI illik iclas\u0131n\u0131n plenar sessiyas\u0131nda Da\u011fl\u0131q Qaraba\u011fla ba\u011fl\u0131 bir daha q\u0259ti m\u00f6vqe n\u00fcmayi\u015f etdirdi v\u0259 bu m\u00f6vqe b\u00fct\u00fcn d\u00fcnyada rezonans do\u011furdu&#8221;.<\/p>\n<p><strong>ARANTV.AZ\u00a0<\/strong> x\u0259b\u0259r verir ki, bunu\u00a0<a href=\"https:\/\/az.trend.az\/\" target=\"_blank\" rel=\"noopener\">Trend<\/a>-\u0259 Milli M\u0259clisin deputat\u0131\u00a0<strong>Elman N\u0259sirov<\/strong>\u00a0deyib.<\/p>\n<p>E.N\u0259sirov Prezident \u0130lham \u018fliyevin &#8220;Da\u011fl\u0131q Qaraba\u011f Az\u0259rbaycand\u0131r v\u0259 nida i\u015far\u0259si&#8221; s\u00f6zl\u0259rini xat\u0131rladaraq qeyd edib ki, Prezidentin bu m\u00f6vqeyi bir daha g\u00f6st\u0259rdi ki, d\u00f6vl\u0259timizin ba\u015f\u00e7s\u0131, Ali Ba\u015f Komandan Da\u011fl\u0131q Qaraba\u011f m\u00fcnaqi\u015f\u0259sinin h\u0259lli il\u0259 ba\u011fl\u0131 m\u0259s\u0259l\u0259d\u0259 prinsipial, q\u0259tiyy\u0259tli m\u00f6vqey\u0259 malikdir, h\u0259m d\u0259 bu m\u00f6vqeyini \u0259n y\u00fcls\u0259k tribunalardan ifad\u0259 edir:<\/p>\n<p>&#8220;Valday d\u00fcnyan\u0131n \u00e7ox m\u00fch\u00fcm beyin m\u0259rk\u0259zidir. Bu t\u0259dbird\u0259 Rusiya Prezidenti Vladimir Putinl\u0259 yana\u015f\u0131, \u0130ordaniya kral\u0131, Qazaxstan prezidenti, Fillipinin d\u00f6vl\u0259t ba\u015f\u00e7\u0131s\u0131, d\u00fcnyan\u0131n n\u0259h\u0259ng siyasi elitas\u0131n\u0131n n\u00fcmay\u0259nd\u0259l\u0259ri, ekspertl\u0259r, n\u00fcfuzlu jurnalistl\u0259r i\u015ftirak edirdil\u0259r. Amma Erm\u0259nistan\u0131n ba\u015f naziri is\u0259 populist, c\u0259f\u0259ng v\u0259 he\u00e7 bir \u0259sas\u0131 olmayan absurd b\u0259yanatlar\u0131n\u0131 \u00e7ox zaman daxili auditoriyaya \u00fcnvanlamaq m\u0259qs\u0259dil\u0259 \u00e7ox ki\u00e7ik bir \u00e7evr\u0259d\u0259 ifad\u0259 edir v\u0259 bu b\u0259yanatlar\u0131 daha \u00e7ox \u00f6z adamlar\u0131 \u0259hat\u0259sind\u0259 s\u0259sl\u0259ndirir, bunlar \u0259sas\u0259n daxili auditoriyan\u0131 sakitl\u0259\u015fdirm\u0259k \u00fc\u00e7\u00fcn s\u0259sl\u0259n\u0259n fikirl\u0259rdir. Amma onun absurd fikirl\u0259ri he\u00e7 bir halda y\u00fcks\u0259k tribunalardan q\u0259bul edilmir&#8221;.<\/p>\n<p>Deputat \u0259lav\u0259 edib ki, Pa\u015finyan\u0131n beyn\u0259lxalq h\u00fcquqa zidd m\u00f6vqeyi Valday Beyn\u0259lxalq Diskussiya Klubunda da Rusiya r\u0259hb\u0259rliyi s\u0259viyy\u0259sind\u0259 t\u0259kzib edildi: &#8220;Rusiyan\u0131n xarici i\u015fl\u0259r naziri Sergey Lavrov s\u00f6yl\u0259di ki, Pa\u015finyan\u0131n &#8220;Da\u011fl\u0131q Qaraba\u011f Erm\u0259nistan\u0131d\u0131r&#8221; m\u00f6vqeyi vaxtil\u0259 Albaniya r\u0259hb\u0259rinin &#8220;Kosova Albaniyan\u0131nd\u0131r&#8221; m\u00f6vqeyi il\u0259 h\u0259mah\u0259ng s\u0259sl\u0259nir v\u0259 q\u0259buledilm\u0259zdir. Bir daha b\u00fct\u00fcn yana\u015fmalar onu g\u00f6st\u0259rir ki, Az\u0259rbaycan\u0131n d\u00f6vl\u0259t ba\u015f\u00e7\u0131s\u0131n\u0131n s\u0259sl\u0259ndirdiyi fikirl\u0259r beyn\u0259lxalq rezonans do\u011furur, Erm\u0259nistan\u0131n ba\u015f naziri is\u0259 \u00f6z\u00fcn\u00fcn getdikc\u0259 laxlamaqda olan hakimiyy\u0259tini qoruyub saxlamaq \u00fc\u00e7\u00fcn daxili auditoriyaya \u00fcnvanlanm\u015f c\u0131l\u0131z b\u0259yanatlar s\u0259sl\u0259ndirir&#8221;.<\/p>\n","protected":false},"excerpt":{"rendered":"<p>&#8220;Prezident \u0130lham \u018fliyev oktyabr\u0131n 3-d\u0259 Rusiyan\u0131n So\u00e7i \u015f\u0259h\u0259rind\u0259 Valday Beyn\u0259lxalq Diskussiya Klubunun XVI illik iclas\u0131n\u0131n plenar sessiyas\u0131nda Da\u011fl\u0131q Qaraba\u011fla ba\u011fl\u0131 bir daha q\u0259ti m\u00f6vqe n\u00fcmayi\u015f etdirdi v\u0259 bu m\u00f6vqe b\u00fct\u00fcn d\u00fcnyada rezonans do\u011furdu&#8221;. ARANTV.AZ\u00a0 x\u0259b\u0259r verir ki, bunu\u00a0Trend-\u0259 Milli M\u0259clisin deputat\u0131\u00a0Elman N\u0259sirov\u00a0deyib. E.N\u0259sirov Prezident \u0130lham \u018fliyevin &#8220;Da\u011fl\u0131q Qaraba\u011f Az\u0259rbaycand\u0131r v\u0259 nida i\u015far\u0259si&#8221; s\u00f6zl\u0259rini xat\u0131rladaraq qeyd edib ki, Prezidentin bu m\u00f6vqeyi bir daha g\u00f6st\u0259rdi ki, d\u00f6vl\u0259timizin ba\u015f\u00e7s\u0131, Ali Ba\u015f Komandan Da\u011fl\u0131q Qaraba\u011f m\u00fcnaqi\u015f\u0259sinin h\u0259lli il\u0259 ba\u011fl\u0131 m\u0259s\u0259l\u0259d\u0259 prinsipial, q\u0259tiyy\u0259tli m\u00f6vqey\u0259 malikdir, h\u0259m d\u0259 bu m\u00f6vqeyini \u0259n y\u00fcls\u0259k tribunalardan ifad\u0259 edir: &#8220;Valday&hellip;<\/p>\n","protected":false},"author":2,"featured_media":83760,"comment_status":"closed","ping_status":"closed","sticky":false,"template":"","format":"standard","meta":{"om_disable_all_campaigns":false,"_monsterinsights_skip_tracking":false,"_monsterinsights_sitenote_active":false,"_monsterinsights_sitenote_note":"","_monsterinsights_sitenote_category":0},"categories":[4],"tags":[],"aioseo_notices":[],"gutentor_comment":0,"rttpg_featured_image_url":{"full":["https:\/\/arantv.az\/wp-content\/uploads\/2019\/10\/791784.jpg",800,600,false],"landscape":["https:\/\/arantv.az\/wp-content\/uploads\/2019\/10\/791784.jpg",800,600,false],"portraits":["https:\/\/arantv.az\/wp-content\/uploads\/2019\/10\/791784.jpg",800,600,false],"thumbnail":["https:\/\/arantv.az\/wp-content\/uploads\/2019\/10\/791784-150x150.jpg",150,150,true],"medium":["https:\/\/arantv.az\/wp-content\/uploads\/2019\/10\/791784-300x225.jpg",300,225,true],"large":["https:\/\/arantv.az\/wp-content\/uploads\/2019\/10\/791784.jpg",640,480,false],"1536x1536":["https:\/\/arantv.az\/wp-content\/uploads\/2019\/10\/791784.jpg",800,600,false],"2048x2048":["https:\/\/arantv.az\/wp-content\/uploads\/2019\/10\/791784.jpg",800,600,false],"post-thumbnail":["https:\/\/arantv.az\/wp-content\/uploads\/2019\/10\/791784-240x172.jpg",240,172,true],"advps-thumb-one":["https:\/\/arantv.az\/wp-content\/uploads\/2019\/10\/791784.jpg",800,600,false]},"rttpg_author":{"display_name":"V\u00fcsal Rafiqo\u011flu","author_link":"https:\/\/arantv.az\/?author=2"},"rttpg_comment":0,"rttpg_category":"<a href=\"https:\/\/arantv.az\/?cat=4\" rel=\"category\">Siyas\u0259t<\/a>","rttpg_excerpt":"&#8220;Prezident \u0130lham \u018fliyev oktyabr\u0131n 3-d\u0259 Rusiyan\u0131n So\u00e7i \u015f\u0259h\u0259rind\u0259 Valday Beyn\u0259lxalq Diskussiya Klubunun XVI illik iclas\u0131n\u0131n plenar sessiyas\u0131nda Da\u011fl\u0131q Qaraba\u011fla ba\u011fl\u0131 bir daha q\u0259ti m\u00f6vqe n\u00fcmayi\u015f etdirdi v\u0259 bu m\u00f6vqe b\u00fct\u00fcn d\u00fcnyada rezonans do\u011furdu&#8221;. ARANTV.AZ\u00a0 x\u0259b\u0259r verir ki, bunu\u00a0Trend-\u0259 Milli M\u0259clisin deputat\u0131\u00a0Elman N\u0259sirov\u00a0deyib. E.N\u0259sirov Prezident \u0130lham \u018fliyevin &#8220;Da\u011fl\u0131q Qaraba\u011f Az\u0259rbaycand\u0131r v\u0259 nida i\u015far\u0259si&#8221; s\u00f6zl\u0259rini xat\u0131rladaraq qeyd&hellip;","_links":{"self":[{"href":"https:\/\/arantv.az\/index.php?rest_route=\/wp\/v2\/posts\/83759"}],"collection":[{"href":"https:\/\/arantv.az\/index.php?rest_route=\/wp\/v2\/posts"}],"about":[{"href":"https:\/\/arantv.az\/index.php?rest_route=\/wp\/v2\/types\/post"}],"author":[{"embeddable":true,"href":"https:\/\/arantv.az\/index.php?rest_route=\/wp\/v2\/users\/2"}],"replies":[{"embeddable":true,"href":"https:\/\/arantv.az\/index.php?rest_route=%2Fwp%2Fv2%2Fcomments&post=83759"}],"version-history":[{"count":0,"href":"https:\/\/arantv.az\/index.php?rest_route=\/wp\/v2\/posts\/83759\/revisions"}],"wp:featuredmedia":[{"embeddable":true,"href":"https:\/\/arantv.az\/index.php?rest_route=\/wp\/v2\/media\/83760"}],"wp:attachment":[{"href":"https:\/\/arantv.az\/index.php?rest_route=%2Fwp%2Fv2%2Fmedia&parent=83759"}],"wp:term":[{"taxonomy":"category","embeddable":true,"href":"https:\/\/arantv.az\/index.php?rest_route=%2Fwp%2Fv2%2Fcategories&post=83759"},{"taxonomy":"post_tag","embeddable":true,"href":"https:\/\/arantv.az\/index.php?rest_route=%2Fwp%2Fv2%2Ftags&post=83759"}],"curies":[{"name":"wp","href":"https:\/\/api.w.org\/{rel}","templated":true}]}}