{"id":838447,"date":"2026-01-21T07:53:45","date_gmt":"2026-01-21T03:53:45","guid":{"rendered":"https:\/\/arantv.az\/?p=838447"},"modified":"2026-01-21T07:53:45","modified_gmt":"2026-01-21T03:53:45","slug":"ilham-%c9%99liyev-biz-uc-ild%c9%99n-artiq-dovrd%c9%99-avropaya-qaz-ixracini-13-milyard-kubmetr%c9%99-catdirmisiq","status":"publish","type":"post","link":"https:\/\/arantv.az\/?p=838447","title":{"rendered":"\u0130lham \u018fliyev: Biz \u00fc\u00e7 ild\u0259n art\u0131q d\u00f6vrd\u0259 Avropaya qaz ixrac\u0131n\u0131 13 milyard kubmetr\u0259 \u00e7atd\u0131rm\u0131\u015f\u0131q"},"content":{"rendered":"<p><strong>Ke\u00e7\u0259n il biz 25 milyard kubmetrd\u0259n art\u0131q t\u0259bii qaz ixrac etmi\u015fik. Bu h\u0259cmin t\u0259qrib\u0259n 13 milyard kubmetri Avropaya ixrac edilib v\u0259 bu r\u0259q\u0259m artacaq.<\/strong><\/p>\n<p>Musavat.com\u00a0x\u0259b\u0259r verir ki, bunu Az\u0259rbaycan Prezidenti \u0130lham \u018fliyev Davos \u00dcmumd\u00fcnya \u0130qtisadi Forumunun illik toplant\u0131s\u0131 \u00e7\u0259r\u00e7iv\u0259sind\u0259 &#8220;Az\u0259rbaycan r\u0259hb\u0259rliyi il\u0259 s\u0259h\u0259r yem\u0259yi&#8221; adl\u0131 t\u0259dbird\u0259 m\u00fcxt\u0259lif \u00f6lk\u0259l\u0259ri t\u0259msil ed\u0259n biznes n\u00fcmay\u0259nd\u0259l\u0259rinin suallar\u0131n\u0131n cavab\u0131nda deyib.<\/p>\n<p>Bunun Avropa \u0130ttifaq\u0131n\u0131n xahi\u015fi \u0259sas\u0131nda h\u0259yata ke\u00e7irildiyini qeyd ed\u0259n Az\u0259rbaycan Prezidenti Rusiya-Ukrayna m\u00fcharib\u0259sinin ba\u015flamas\u0131ndan sonra Avropa Komissiyas\u0131 il\u0259 enerji sektorunda strateji t\u0259r\u0259fda\u015fl\u0131qla ba\u011fl\u0131 s\u0259n\u0259din imzaland\u0131\u011f\u0131n\u0131 xat\u0131rlad\u0131b. &#8220;Biz Avropaya qaz t\u0259chizat\u0131n\u0131n h\u0259cminin iki d\u0259f\u0259 &#8211; ovaxtk\u0131 8 milyard kubmetrd\u0259n 16 milyard kubmetr\u0259 q\u0259d\u0259r art\u0131rmaqla ba\u011fl\u0131 raz\u0131l\u0131\u011f\u0131m\u0131z\u0131 bildirdik. Bel\u0259likl\u0259 3 ild\u0259n art\u0131q bir d\u00f6vrd\u0259 biz bu r\u0259q\u0259mi t\u0259xmin\u0259n 13 milyard kubmetr\u0259 \u00e7atd\u0131rm\u0131\u015f\u0131q v\u0259 h\u0259cm artacaqd\u0131r&#8221;, &#8211; dey\u0259 Prezident \u0130lham \u018fliyev vur\u011fulay\u0131b.<\/p>\n","protected":false},"excerpt":{"rendered":"<p>Ke\u00e7\u0259n il biz 25 milyard kubmetrd\u0259n art\u0131q t\u0259bii qaz ixrac etmi\u015fik. Bu h\u0259cmin t\u0259qrib\u0259n 13 milyard kubmetri Avropaya ixrac edilib v\u0259 bu r\u0259q\u0259m artacaq. Musavat.com\u00a0x\u0259b\u0259r verir ki, bunu Az\u0259rbaycan Prezidenti \u0130lham \u018fliyev Davos \u00dcmumd\u00fcnya \u0130qtisadi Forumunun illik toplant\u0131s\u0131 \u00e7\u0259r\u00e7iv\u0259sind\u0259 &#8220;Az\u0259rbaycan r\u0259hb\u0259rliyi il\u0259 s\u0259h\u0259r yem\u0259yi&#8221; adl\u0131 t\u0259dbird\u0259 m\u00fcxt\u0259lif \u00f6lk\u0259l\u0259ri t\u0259msil ed\u0259n biznes n\u00fcmay\u0259nd\u0259l\u0259rinin suallar\u0131n\u0131n cavab\u0131nda deyib. Bunun Avropa \u0130ttifaq\u0131n\u0131n xahi\u015fi \u0259sas\u0131nda h\u0259yata ke\u00e7irildiyini qeyd ed\u0259n Az\u0259rbaycan Prezidenti Rusiya-Ukrayna m\u00fcharib\u0259sinin ba\u015flamas\u0131ndan sonra Avropa Komissiyas\u0131 il\u0259 enerji sektorunda strateji t\u0259r\u0259fda\u015fl\u0131qla ba\u011fl\u0131 s\u0259n\u0259din imzaland\u0131\u011f\u0131n\u0131 xat\u0131rlad\u0131b. &#8220;Biz Avropaya qaz t\u0259chizat\u0131n\u0131n h\u0259cminin iki d\u0259f\u0259 &#8211; ovaxtk\u0131&hellip;<\/p>\n","protected":false},"author":2,"featured_media":838448,"comment_status":"closed","ping_status":"closed","sticky":false,"template":"","format":"standard","meta":{"om_disable_all_campaigns":false,"_monsterinsights_skip_tracking":false,"_monsterinsights_sitenote_active":false,"_monsterinsights_sitenote_note":"","_monsterinsights_sitenote_category":0},"categories":[4],"tags":[],"aioseo_notices":[],"gutentor_comment":0,"rttpg_featured_image_url":{"full":["https:\/\/arantv.az\/wp-content\/uploads\/2026\/01\/e94c0845440164f15ed3f13db629a528.jpg",824,500,false],"landscape":["https:\/\/arantv.az\/wp-content\/uploads\/2026\/01\/e94c0845440164f15ed3f13db629a528.jpg",824,500,false],"portraits":["https:\/\/arantv.az\/wp-content\/uploads\/2026\/01\/e94c0845440164f15ed3f13db629a528.jpg",824,500,false],"thumbnail":["https:\/\/arantv.az\/wp-content\/uploads\/2026\/01\/e94c0845440164f15ed3f13db629a528-500x280.jpg",500,280,true],"medium":["https:\/\/arantv.az\/wp-content\/uploads\/2026\/01\/e94c0845440164f15ed3f13db629a528-602x365.jpg",602,365,true],"large":["https:\/\/arantv.az\/wp-content\/uploads\/2026\/01\/e94c0845440164f15ed3f13db629a528.jpg",640,388,false],"1536x1536":["https:\/\/arantv.az\/wp-content\/uploads\/2026\/01\/e94c0845440164f15ed3f13db629a528.jpg",824,500,false],"2048x2048":["https:\/\/arantv.az\/wp-content\/uploads\/2026\/01\/e94c0845440164f15ed3f13db629a528.jpg",824,500,false],"post-thumbnail":["https:\/\/arantv.az\/wp-content\/uploads\/2026\/01\/e94c0845440164f15ed3f13db629a528-240x172.jpg",240,172,true],"advps-thumb-one":["https:\/\/arantv.az\/wp-content\/uploads\/2026\/01\/e94c0845440164f15ed3f13db629a528.jpg",824,500,false]},"rttpg_author":{"display_name":"V\u00fcsal Rafiqo\u011flu","author_link":"https:\/\/arantv.az\/?author=2"},"rttpg_comment":0,"rttpg_category":"<a href=\"https:\/\/arantv.az\/?cat=4\" rel=\"category\">Siyas\u0259t<\/a>","rttpg_excerpt":"Ke\u00e7\u0259n il biz 25 milyard kubmetrd\u0259n art\u0131q t\u0259bii qaz ixrac etmi\u015fik. Bu h\u0259cmin t\u0259qrib\u0259n 13 milyard kubmetri Avropaya ixrac edilib v\u0259 bu r\u0259q\u0259m artacaq. Musavat.com\u00a0x\u0259b\u0259r verir ki, bunu Az\u0259rbaycan Prezidenti \u0130lham \u018fliyev Davos \u00dcmumd\u00fcnya \u0130qtisadi Forumunun illik toplant\u0131s\u0131 \u00e7\u0259r\u00e7iv\u0259sind\u0259 &#8220;Az\u0259rbaycan r\u0259hb\u0259rliyi il\u0259 s\u0259h\u0259r yem\u0259yi&#8221; adl\u0131 t\u0259dbird\u0259 m\u00fcxt\u0259lif \u00f6lk\u0259l\u0259ri t\u0259msil ed\u0259n biznes n\u00fcmay\u0259nd\u0259l\u0259rinin suallar\u0131n\u0131n cavab\u0131nda deyib.&hellip;","_links":{"self":[{"href":"https:\/\/arantv.az\/index.php?rest_route=\/wp\/v2\/posts\/838447"}],"collection":[{"href":"https:\/\/arantv.az\/index.php?rest_route=\/wp\/v2\/posts"}],"about":[{"href":"https:\/\/arantv.az\/index.php?rest_route=\/wp\/v2\/types\/post"}],"author":[{"embeddable":true,"href":"https:\/\/arantv.az\/index.php?rest_route=\/wp\/v2\/users\/2"}],"replies":[{"embeddable":true,"href":"https:\/\/arantv.az\/index.php?rest_route=%2Fwp%2Fv2%2Fcomments&post=838447"}],"version-history":[{"count":2,"href":"https:\/\/arantv.az\/index.php?rest_route=\/wp\/v2\/posts\/838447\/revisions"}],"predecessor-version":[{"id":838450,"href":"https:\/\/arantv.az\/index.php?rest_route=\/wp\/v2\/posts\/838447\/revisions\/838450"}],"wp:featuredmedia":[{"embeddable":true,"href":"https:\/\/arantv.az\/index.php?rest_route=\/wp\/v2\/media\/838448"}],"wp:attachment":[{"href":"https:\/\/arantv.az\/index.php?rest_route=%2Fwp%2Fv2%2Fmedia&parent=838447"}],"wp:term":[{"taxonomy":"category","embeddable":true,"href":"https:\/\/arantv.az\/index.php?rest_route=%2Fwp%2Fv2%2Fcategories&post=838447"},{"taxonomy":"post_tag","embeddable":true,"href":"https:\/\/arantv.az\/index.php?rest_route=%2Fwp%2Fv2%2Ftags&post=838447"}],"curies":[{"name":"wp","href":"https:\/\/api.w.org\/{rel}","templated":true}]}}