{"id":838451,"date":"2026-01-21T07:54:24","date_gmt":"2026-01-21T03:54:24","guid":{"rendered":"https:\/\/arantv.az\/?p=838451"},"modified":"2026-01-21T07:54:24","modified_gmt":"2026-01-21T03:54:24","slug":"prezident-biz-siyasi-iqtisadi-enerji-v%c9%99-h%c9%99tta-mudafi%c9%99-sah%c9%99sind%c9%99-abs-il%c9%99-yeni-m%c9%99rh%c9%99l%c9%99y%c9%99-q%c9%99d%c9%99m-qoyuruq","status":"publish","type":"post","link":"https:\/\/arantv.az\/?p=838451","title":{"rendered":"Prezident: Biz siyasi, iqtisadi, enerji v\u0259 h\u0259tta m\u00fcdafi\u0259 sah\u0259sind\u0259 AB\u015e il\u0259 yeni m\u0259rh\u0259l\u0259y\u0259 q\u0259d\u0259m qoyuruq"},"content":{"rendered":"<p><strong>Strateji t\u0259r\u0259fda\u015fl\u0131q nizamnam\u0259sinin haz\u0131rlanmas\u0131 il\u0259 ba\u011fl\u0131 i\u015f\u00e7i qrupun yarad\u0131lmas\u0131 haqq\u0131nda m\u0259n v\u0259 Prezident Tramp t\u0259r\u0259find\u0259n tarixi s\u0259n\u0259din imzalanmas\u0131ndan sonra Amerika \u015firk\u0259tl\u0259ri il\u0259 bizim \u0259m\u0259kda\u015fl\u0131\u011f\u0131m\u0131z he\u00e7 zaman olmad\u0131\u011f\u0131 q\u0259d\u0259r intensivl\u0259\u015fib. Biz dem\u0259k olar ki, h\u0259min s\u0259n\u0259di, y\u0259ni strateji t\u0259r\u0259fda\u015fl\u0131q xartiyas\u0131n\u0131 yekunla\u015fd\u0131r\u0131r\u0131q v\u0259 \u00fcmid edir\u0259m ki, bu, n\u00f6vb\u0259ti ay ba\u015f tutacaqd\u0131r.<\/strong><\/p>\n<p>Musavat.com\u00a0x\u0259b\u0259r verir ki, bunlar\u0131 Az\u0259rbaycan Prezidenti \u0130lham \u018fliyev Davos \u00dcmumd\u00fcnya \u0130qtisadi Forumunun illik toplant\u0131s\u0131 \u00e7\u0259r\u00e7iv\u0259sind\u0259 &#8220;Az\u0259rbaycan r\u0259hb\u0259rliyi il\u0259 s\u0259h\u0259r yem\u0259yi&#8221; adl\u0131 t\u0259dbird\u0259 m\u00fcxt\u0259lif \u00f6lk\u0259l\u0259ri t\u0259msil ed\u0259n biznes n\u00fcmay\u0259nd\u0259l\u0259rinin suallar\u0131n\u0131n cavab\u0131nda deyib.<\/p>\n<p>M\u0259lumat m\u0259rk\u0259zl\u0259ri, s\u00fcni intellekt, ba\u011flant\u0131, enerji v\u0259 bir s\u0131ra dig\u0259r sah\u0259l\u0259rin h\u0259min xartiyaya daxil edildiyini diqq\u0259t\u0259 \u00e7atd\u0131ran Az\u0259rbaycan Prezidenti bildirib: &#8220;Biz avqustun 8-d\u0259n etibar\u0259n Va\u015finqtona v\u0259 dig\u0259r \u015f\u0259h\u0259rl\u0259r\u0259 art\u0131q 4 n\u00fcmay\u0259nd\u0259 hey\u0259ti g\u00f6nd\u0259rmi\u015fik. Onlar\u0131n ham\u0131s\u0131 yax\u015f\u0131 n\u0259tic\u0259l\u0259rl\u0259 geri qay\u0131d\u0131b v\u0259 hesab edirik ki, biz AB\u015e il\u0259 yeni m\u0259rh\u0259l\u0259y\u0259 q\u0259d\u0259m qoyuruq &#8211; siyasi, iqtisadi, enerji v\u0259 h\u0259tta m\u00fcdafi\u0259 sah\u0259sind\u0259. Bu, Az\u0259rbaycan \u00fc\u00e7\u00fcn Amerika Birl\u0259\u015fmi\u015f \u015etatlar\u0131ndan birba\u015fa s\u0259rmay\u0259 c\u0259lb etm\u0259kd\u0259 b\u00f6y\u00fck imkanlar yaradacaqd\u0131r v\u0259 \u00fcmid edir\u0259m ki, bizim avropal\u0131 t\u0259r\u0259fda\u015flar\u0131m\u0131z bu m\u0259s\u0259l\u0259d\u0259 geri qalmayacaqlar&#8221;.<\/p>\n","protected":false},"excerpt":{"rendered":"<p>Strateji t\u0259r\u0259fda\u015fl\u0131q nizamnam\u0259sinin haz\u0131rlanmas\u0131 il\u0259 ba\u011fl\u0131 i\u015f\u00e7i qrupun yarad\u0131lmas\u0131 haqq\u0131nda m\u0259n v\u0259 Prezident Tramp t\u0259r\u0259find\u0259n tarixi s\u0259n\u0259din imzalanmas\u0131ndan sonra Amerika \u015firk\u0259tl\u0259ri il\u0259 bizim \u0259m\u0259kda\u015fl\u0131\u011f\u0131m\u0131z he\u00e7 zaman olmad\u0131\u011f\u0131 q\u0259d\u0259r intensivl\u0259\u015fib. Biz dem\u0259k olar ki, h\u0259min s\u0259n\u0259di, y\u0259ni strateji t\u0259r\u0259fda\u015fl\u0131q xartiyas\u0131n\u0131 yekunla\u015fd\u0131r\u0131r\u0131q v\u0259 \u00fcmid edir\u0259m ki, bu, n\u00f6vb\u0259ti ay ba\u015f tutacaqd\u0131r. Musavat.com\u00a0x\u0259b\u0259r verir ki, bunlar\u0131 Az\u0259rbaycan Prezidenti \u0130lham \u018fliyev Davos \u00dcmumd\u00fcnya \u0130qtisadi Forumunun illik toplant\u0131s\u0131 \u00e7\u0259r\u00e7iv\u0259sind\u0259 &#8220;Az\u0259rbaycan r\u0259hb\u0259rliyi il\u0259 s\u0259h\u0259r yem\u0259yi&#8221; adl\u0131 t\u0259dbird\u0259 m\u00fcxt\u0259lif \u00f6lk\u0259l\u0259ri t\u0259msil ed\u0259n biznes n\u00fcmay\u0259nd\u0259l\u0259rinin suallar\u0131n\u0131n cavab\u0131nda deyib. M\u0259lumat m\u0259rk\u0259zl\u0259ri, s\u00fcni intellekt, ba\u011flant\u0131, enerji v\u0259 bir s\u0131ra dig\u0259r&hellip;<\/p>\n","protected":false},"author":2,"featured_media":838452,"comment_status":"closed","ping_status":"closed","sticky":false,"template":"","format":"standard","meta":{"om_disable_all_campaigns":false,"_monsterinsights_skip_tracking":false,"_monsterinsights_sitenote_active":false,"_monsterinsights_sitenote_note":"","_monsterinsights_sitenote_category":0},"categories":[4],"tags":[],"aioseo_notices":[],"gutentor_comment":0,"rttpg_featured_image_url":{"full":["https:\/\/arantv.az\/wp-content\/uploads\/2026\/01\/91705fea34ab8877eda272feb57ac9e0.jpg",824,500,false],"landscape":["https:\/\/arantv.az\/wp-content\/uploads\/2026\/01\/91705fea34ab8877eda272feb57ac9e0.jpg",824,500,false],"portraits":["https:\/\/arantv.az\/wp-content\/uploads\/2026\/01\/91705fea34ab8877eda272feb57ac9e0.jpg",824,500,false],"thumbnail":["https:\/\/arantv.az\/wp-content\/uploads\/2026\/01\/91705fea34ab8877eda272feb57ac9e0-500x280.jpg",500,280,true],"medium":["https:\/\/arantv.az\/wp-content\/uploads\/2026\/01\/91705fea34ab8877eda272feb57ac9e0-602x365.jpg",602,365,true],"large":["https:\/\/arantv.az\/wp-content\/uploads\/2026\/01\/91705fea34ab8877eda272feb57ac9e0.jpg",640,388,false],"1536x1536":["https:\/\/arantv.az\/wp-content\/uploads\/2026\/01\/91705fea34ab8877eda272feb57ac9e0.jpg",824,500,false],"2048x2048":["https:\/\/arantv.az\/wp-content\/uploads\/2026\/01\/91705fea34ab8877eda272feb57ac9e0.jpg",824,500,false],"post-thumbnail":["https:\/\/arantv.az\/wp-content\/uploads\/2026\/01\/91705fea34ab8877eda272feb57ac9e0-240x172.jpg",240,172,true],"advps-thumb-one":["https:\/\/arantv.az\/wp-content\/uploads\/2026\/01\/91705fea34ab8877eda272feb57ac9e0.jpg",824,500,false]},"rttpg_author":{"display_name":"V\u00fcsal Rafiqo\u011flu","author_link":"https:\/\/arantv.az\/?author=2"},"rttpg_comment":0,"rttpg_category":"<a href=\"https:\/\/arantv.az\/?cat=4\" rel=\"category\">Siyas\u0259t<\/a>","rttpg_excerpt":"Strateji t\u0259r\u0259fda\u015fl\u0131q nizamnam\u0259sinin haz\u0131rlanmas\u0131 il\u0259 ba\u011fl\u0131 i\u015f\u00e7i qrupun yarad\u0131lmas\u0131 haqq\u0131nda m\u0259n v\u0259 Prezident Tramp t\u0259r\u0259find\u0259n tarixi s\u0259n\u0259din imzalanmas\u0131ndan sonra Amerika \u015firk\u0259tl\u0259ri il\u0259 bizim \u0259m\u0259kda\u015fl\u0131\u011f\u0131m\u0131z he\u00e7 zaman olmad\u0131\u011f\u0131 q\u0259d\u0259r intensivl\u0259\u015fib. Biz dem\u0259k olar ki, h\u0259min s\u0259n\u0259di, y\u0259ni strateji t\u0259r\u0259fda\u015fl\u0131q xartiyas\u0131n\u0131 yekunla\u015fd\u0131r\u0131r\u0131q v\u0259 \u00fcmid edir\u0259m ki, bu, n\u00f6vb\u0259ti ay ba\u015f tutacaqd\u0131r. Musavat.com\u00a0x\u0259b\u0259r verir ki, bunlar\u0131 Az\u0259rbaycan Prezidenti&hellip;","_links":{"self":[{"href":"https:\/\/arantv.az\/index.php?rest_route=\/wp\/v2\/posts\/838451"}],"collection":[{"href":"https:\/\/arantv.az\/index.php?rest_route=\/wp\/v2\/posts"}],"about":[{"href":"https:\/\/arantv.az\/index.php?rest_route=\/wp\/v2\/types\/post"}],"author":[{"embeddable":true,"href":"https:\/\/arantv.az\/index.php?rest_route=\/wp\/v2\/users\/2"}],"replies":[{"embeddable":true,"href":"https:\/\/arantv.az\/index.php?rest_route=%2Fwp%2Fv2%2Fcomments&post=838451"}],"version-history":[{"count":1,"href":"https:\/\/arantv.az\/index.php?rest_route=\/wp\/v2\/posts\/838451\/revisions"}],"predecessor-version":[{"id":838453,"href":"https:\/\/arantv.az\/index.php?rest_route=\/wp\/v2\/posts\/838451\/revisions\/838453"}],"wp:featuredmedia":[{"embeddable":true,"href":"https:\/\/arantv.az\/index.php?rest_route=\/wp\/v2\/media\/838452"}],"wp:attachment":[{"href":"https:\/\/arantv.az\/index.php?rest_route=%2Fwp%2Fv2%2Fmedia&parent=838451"}],"wp:term":[{"taxonomy":"category","embeddable":true,"href":"https:\/\/arantv.az\/index.php?rest_route=%2Fwp%2Fv2%2Fcategories&post=838451"},{"taxonomy":"post_tag","embeddable":true,"href":"https:\/\/arantv.az\/index.php?rest_route=%2Fwp%2Fv2%2Ftags&post=838451"}],"curies":[{"name":"wp","href":"https:\/\/api.w.org\/{rel}","templated":true}]}}