{"id":838454,"date":"2026-01-21T07:55:00","date_gmt":"2026-01-21T03:55:00","guid":{"rendered":"https:\/\/arantv.az\/?p=838454"},"modified":"2026-01-21T07:55:00","modified_gmt":"2026-01-21T03:55:00","slug":"prezident-n%c9%99-faydali-qazinti-enerji-novl%c9%99rin%c9%99-n%c9%99-d%c9%99-b%c9%99rpaolunan-enerjiy%c9%99-avropadan-%c9%99h%c9%99miyy%c9%99tli-s%c9%99rmay%c9%99-qoyulusunu-gormuruk","status":"publish","type":"post","link":"https:\/\/arantv.az\/?p=838454","title":{"rendered":"Prezident: N\u0259 faydal\u0131 qaz\u0131nt\u0131 enerji n\u00f6vl\u0259rin\u0259, n\u0259 d\u0259 b\u0259rpaolunan enerjiy\u0259 Avropadan \u0259h\u0259miyy\u0259tli s\u0259rmay\u0259 qoyulu\u015funu g\u00f6rm\u00fcr\u00fck"},"content":{"rendered":"<p>T\u0259\u0259ss\u00fcfl\u0259r olsun ki, n\u0259 faydal\u0131 qaz\u0131nt\u0131 enerji n\u00f6vl\u0259rin\u0259, n\u0259 d\u0259 b\u0259rpaolunan enerjiy\u0259 biz Avropadan \u0259h\u0259miyy\u0259tli s\u0259rmay\u0259 qoyulu\u015funu g\u00f6rm\u00fcr\u00fck.<\/p>\n<p>Musavat.com x\u0259b\u0259r verir ki, bunu Az\u0259rbaycan Prezidenti \u0130lham \u018fliyev Davos \u00dcmumd\u00fcnya \u0130qtisadi Forumunun illik toplant\u0131s\u0131 \u00e7\u0259r\u00e7iv\u0259sind\u0259 &#8220;Az\u0259rbaycan r\u0259hb\u0259rliyi il\u0259 s\u0259h\u0259r yem\u0259yi&#8221; adl\u0131 t\u0259dbird\u0259 m\u00fcxt\u0259lif \u00f6lk\u0259l\u0259ri t\u0259msil ed\u0259n biznes n\u00fcmay\u0259nd\u0259l\u0259rinin suallar\u0131n\u0131n cavab\u0131nda deyib.<\/p>\n<p>B\u0259rpaolunan enerji sah\u0259sind\u0259 Az\u0259rbaycan\u0131n \u0259sas t\u0259r\u0259fda\u015flar\u0131n\u0131n B\u018f\u018f, S\u0259udiyy\u0259 \u018fr\u0259bistan\u0131, \u00c7in, B\u00f6y\u00fck Britaniya v\u0259 Az\u0259rbaycandan olan \u015firk\u0259tl\u0259r oldu\u011funu qeyd ed\u0259n d\u00f6vl\u0259timizin ba\u015f\u00e7\u0131s\u0131 deyib: &#8220;Faydal\u0131 qaz\u0131nt\u0131 n\u00f6vl\u0259rin\u0259 g\u0259ldikd\u0259, \u0259n\u0259n\u0259vi olaraq AB\u015e v\u0259 Britaniya \u015firk\u0259tl\u0259ri bu sah\u0259y\u0259 maraq g\u00f6st\u0259rib. bp v\u0259 AMOCO \u015firk\u0259tl\u0259rinin birl\u0259\u015fm\u0259sind\u0259n sonra bu, art\u0131q Britaniya \u015firk\u0259ti hesab olunur. Y\u0259ni \u00e7ox az Avropa \u015firk\u0259ti var &#8211; biri Fransa \u015firk\u0259tidir, dig\u0259ri is\u0259 ba\u015fqa \u00f6lk\u0259d\u0259n. S\u0259mimi des\u0259k, biz Avropa \u015firk\u0259tl\u0259rind\u0259n s\u0259rmay\u0259 qoyulu\u015fu il\u0259 ba\u011fl\u0131 b\u00f6y\u00fck maraq g\u00f6rm\u00fcr\u00fck&#8221;.<\/p>\n","protected":false},"excerpt":{"rendered":"<p>T\u0259\u0259ss\u00fcfl\u0259r olsun ki, n\u0259 faydal\u0131 qaz\u0131nt\u0131 enerji n\u00f6vl\u0259rin\u0259, n\u0259 d\u0259 b\u0259rpaolunan enerjiy\u0259 biz Avropadan \u0259h\u0259miyy\u0259tli s\u0259rmay\u0259 qoyulu\u015funu g\u00f6rm\u00fcr\u00fck. Musavat.com x\u0259b\u0259r verir ki, bunu Az\u0259rbaycan Prezidenti \u0130lham \u018fliyev Davos \u00dcmumd\u00fcnya \u0130qtisadi Forumunun illik toplant\u0131s\u0131 \u00e7\u0259r\u00e7iv\u0259sind\u0259 &#8220;Az\u0259rbaycan r\u0259hb\u0259rliyi il\u0259 s\u0259h\u0259r yem\u0259yi&#8221; adl\u0131 t\u0259dbird\u0259 m\u00fcxt\u0259lif \u00f6lk\u0259l\u0259ri t\u0259msil ed\u0259n biznes n\u00fcmay\u0259nd\u0259l\u0259rinin suallar\u0131n\u0131n cavab\u0131nda deyib. B\u0259rpaolunan enerji sah\u0259sind\u0259 Az\u0259rbaycan\u0131n \u0259sas t\u0259r\u0259fda\u015flar\u0131n\u0131n B\u018f\u018f, S\u0259udiyy\u0259 \u018fr\u0259bistan\u0131, \u00c7in, B\u00f6y\u00fck Britaniya v\u0259 Az\u0259rbaycandan olan \u015firk\u0259tl\u0259r oldu\u011funu qeyd ed\u0259n d\u00f6vl\u0259timizin ba\u015f\u00e7\u0131s\u0131 deyib: &#8220;Faydal\u0131 qaz\u0131nt\u0131 n\u00f6vl\u0259rin\u0259 g\u0259ldikd\u0259, \u0259n\u0259n\u0259vi olaraq AB\u015e v\u0259 Britaniya \u015firk\u0259tl\u0259ri bu sah\u0259y\u0259 maraq g\u00f6st\u0259rib. bp v\u0259 AMOCO \u015firk\u0259tl\u0259rinin&hellip;<\/p>\n","protected":false},"author":2,"featured_media":838455,"comment_status":"closed","ping_status":"closed","sticky":false,"template":"","format":"standard","meta":{"om_disable_all_campaigns":false,"_monsterinsights_skip_tracking":false,"_monsterinsights_sitenote_active":false,"_monsterinsights_sitenote_note":"","_monsterinsights_sitenote_category":0},"categories":[4],"tags":[],"aioseo_notices":[],"gutentor_comment":0,"rttpg_featured_image_url":{"full":["https:\/\/arantv.az\/wp-content\/uploads\/2026\/01\/3ba960d637756f7cb633bd20c51785d5.jpg",824,500,false],"landscape":["https:\/\/arantv.az\/wp-content\/uploads\/2026\/01\/3ba960d637756f7cb633bd20c51785d5.jpg",824,500,false],"portraits":["https:\/\/arantv.az\/wp-content\/uploads\/2026\/01\/3ba960d637756f7cb633bd20c51785d5.jpg",824,500,false],"thumbnail":["https:\/\/arantv.az\/wp-content\/uploads\/2026\/01\/3ba960d637756f7cb633bd20c51785d5-500x280.jpg",500,280,true],"medium":["https:\/\/arantv.az\/wp-content\/uploads\/2026\/01\/3ba960d637756f7cb633bd20c51785d5-602x365.jpg",602,365,true],"large":["https:\/\/arantv.az\/wp-content\/uploads\/2026\/01\/3ba960d637756f7cb633bd20c51785d5.jpg",640,388,false],"1536x1536":["https:\/\/arantv.az\/wp-content\/uploads\/2026\/01\/3ba960d637756f7cb633bd20c51785d5.jpg",824,500,false],"2048x2048":["https:\/\/arantv.az\/wp-content\/uploads\/2026\/01\/3ba960d637756f7cb633bd20c51785d5.jpg",824,500,false],"post-thumbnail":["https:\/\/arantv.az\/wp-content\/uploads\/2026\/01\/3ba960d637756f7cb633bd20c51785d5-240x172.jpg",240,172,true],"advps-thumb-one":["https:\/\/arantv.az\/wp-content\/uploads\/2026\/01\/3ba960d637756f7cb633bd20c51785d5.jpg",824,500,false]},"rttpg_author":{"display_name":"V\u00fcsal Rafiqo\u011flu","author_link":"https:\/\/arantv.az\/?author=2"},"rttpg_comment":0,"rttpg_category":"<a href=\"https:\/\/arantv.az\/?cat=4\" rel=\"category\">Siyas\u0259t<\/a>","rttpg_excerpt":"T\u0259\u0259ss\u00fcfl\u0259r olsun ki, n\u0259 faydal\u0131 qaz\u0131nt\u0131 enerji n\u00f6vl\u0259rin\u0259, n\u0259 d\u0259 b\u0259rpaolunan enerjiy\u0259 biz Avropadan \u0259h\u0259miyy\u0259tli s\u0259rmay\u0259 qoyulu\u015funu g\u00f6rm\u00fcr\u00fck. Musavat.com x\u0259b\u0259r verir ki, bunu Az\u0259rbaycan Prezidenti \u0130lham \u018fliyev Davos \u00dcmumd\u00fcnya \u0130qtisadi Forumunun illik toplant\u0131s\u0131 \u00e7\u0259r\u00e7iv\u0259sind\u0259 &#8220;Az\u0259rbaycan r\u0259hb\u0259rliyi il\u0259 s\u0259h\u0259r yem\u0259yi&#8221; adl\u0131 t\u0259dbird\u0259 m\u00fcxt\u0259lif \u00f6lk\u0259l\u0259ri t\u0259msil ed\u0259n biznes n\u00fcmay\u0259nd\u0259l\u0259rinin suallar\u0131n\u0131n cavab\u0131nda deyib. B\u0259rpaolunan enerji sah\u0259sind\u0259 Az\u0259rbaycan\u0131n \u0259sas&hellip;","_links":{"self":[{"href":"https:\/\/arantv.az\/index.php?rest_route=\/wp\/v2\/posts\/838454"}],"collection":[{"href":"https:\/\/arantv.az\/index.php?rest_route=\/wp\/v2\/posts"}],"about":[{"href":"https:\/\/arantv.az\/index.php?rest_route=\/wp\/v2\/types\/post"}],"author":[{"embeddable":true,"href":"https:\/\/arantv.az\/index.php?rest_route=\/wp\/v2\/users\/2"}],"replies":[{"embeddable":true,"href":"https:\/\/arantv.az\/index.php?rest_route=%2Fwp%2Fv2%2Fcomments&post=838454"}],"version-history":[{"count":2,"href":"https:\/\/arantv.az\/index.php?rest_route=\/wp\/v2\/posts\/838454\/revisions"}],"predecessor-version":[{"id":838457,"href":"https:\/\/arantv.az\/index.php?rest_route=\/wp\/v2\/posts\/838454\/revisions\/838457"}],"wp:featuredmedia":[{"embeddable":true,"href":"https:\/\/arantv.az\/index.php?rest_route=\/wp\/v2\/media\/838455"}],"wp:attachment":[{"href":"https:\/\/arantv.az\/index.php?rest_route=%2Fwp%2Fv2%2Fmedia&parent=838454"}],"wp:term":[{"taxonomy":"category","embeddable":true,"href":"https:\/\/arantv.az\/index.php?rest_route=%2Fwp%2Fv2%2Fcategories&post=838454"},{"taxonomy":"post_tag","embeddable":true,"href":"https:\/\/arantv.az\/index.php?rest_route=%2Fwp%2Fv2%2Ftags&post=838454"}],"curies":[{"name":"wp","href":"https:\/\/api.w.org\/{rel}","templated":true}]}}