{"id":838458,"date":"2026-01-21T07:55:45","date_gmt":"2026-01-21T03:55:45","guid":{"rendered":"https:\/\/arantv.az\/?p=838458"},"modified":"2026-01-21T07:55:45","modified_gmt":"2026-01-21T03:55:45","slug":"ilham-%c9%99liyev-resurslarimiz-iqtisadi-nailiyy%c9%99tl%c9%99rimizi-artirmaga-v%c9%99-insanlarin-h%c9%99yat-s%c9%99viyy%c9%99sini-yaxsilasdirmaga-imkan-verib","status":"publish","type":"post","link":"https:\/\/arantv.az\/?p=838458","title":{"rendered":"\u0130lham \u018fliyev: Resurslar\u0131m\u0131z iqtisadi nailiyy\u0259tl\u0259rimizi art\u0131rma\u011fa v\u0259 insanlar\u0131n h\u0259yat s\u0259viyy\u0259sini yax\u015f\u0131la\u015fd\u0131rma\u011fa imkan verib"},"content":{"rendered":"<p>Uzun ill\u0259r \u0259rzind\u0259 bizim \u00fc\u00e7\u00fcn \u0259sas prioritet enerji sektoru olub. \u00c7\u00fcnki resurslar\u0131m\u0131z biz\u0259 iqtisadi nailiyy\u0259tl\u0259rimizi art\u0131rma\u011fa v\u0259 insanlar\u0131n h\u0259yat s\u0259viyy\u0259sini yax\u015f\u0131la\u015fd\u0131rma\u011fa imkan verib.<\/p>\n<p>Musavat.com\u00a0x\u0259b\u0259r verir ki, bunlar\u0131 Az\u0259rbaycan Prezidenti \u0130lham \u018fliyev Davos \u00dcmumd\u00fcnya \u0130qtisadi Forumunun illik toplant\u0131s\u0131 \u00e7\u0259r\u00e7iv\u0259sind\u0259 &#8220;Az\u0259rbaycan r\u0259hb\u0259rliyi il\u0259 s\u0259h\u0259r yem\u0259yi&#8221; adl\u0131 t\u0259dbird\u0259 m\u00fcxt\u0259lif \u00f6lk\u0259l\u0259ri t\u0259msil ed\u0259n biznes n\u00fcmay\u0259nd\u0259l\u0259rinin suallar\u0131n\u0131n cavab\u0131nda deyib.<\/p>\n<p>Bu g\u00fcn enerji layih\u0259l\u0259rinin b\u00f6y\u00fck hiss\u0259sinin art\u0131q tamamland\u0131\u011f\u0131n\u0131 vur\u011fulayan d\u00f6vl\u0259timizin ba\u015f\u00e7\u0131s\u0131 bildirib: &#8220;Biz f\u0259aliyy\u0259timizi davam etdiririk v\u0259 beyn\u0259lxalq bazarlara t\u0259qdim ed\u0259c\u0259yimiz daha \u00e7ox imkanlar\u0131m\u0131z olacaq. Lakin \u0259sas prioritet art\u0131q qeyri-enerji sektoru, y\u0259ni neft v\u0259 qazdan k\u0259nar sah\u0259l\u0259rdir&#8221;.<\/p>\n","protected":false},"excerpt":{"rendered":"<p>Uzun ill\u0259r \u0259rzind\u0259 bizim \u00fc\u00e7\u00fcn \u0259sas prioritet enerji sektoru olub. \u00c7\u00fcnki resurslar\u0131m\u0131z biz\u0259 iqtisadi nailiyy\u0259tl\u0259rimizi art\u0131rma\u011fa v\u0259 insanlar\u0131n h\u0259yat s\u0259viyy\u0259sini yax\u015f\u0131la\u015fd\u0131rma\u011fa imkan verib. Musavat.com\u00a0x\u0259b\u0259r verir ki, bunlar\u0131 Az\u0259rbaycan Prezidenti \u0130lham \u018fliyev Davos \u00dcmumd\u00fcnya \u0130qtisadi Forumunun illik toplant\u0131s\u0131 \u00e7\u0259r\u00e7iv\u0259sind\u0259 &#8220;Az\u0259rbaycan r\u0259hb\u0259rliyi il\u0259 s\u0259h\u0259r yem\u0259yi&#8221; adl\u0131 t\u0259dbird\u0259 m\u00fcxt\u0259lif \u00f6lk\u0259l\u0259ri t\u0259msil ed\u0259n biznes n\u00fcmay\u0259nd\u0259l\u0259rinin suallar\u0131n\u0131n cavab\u0131nda deyib. Bu g\u00fcn enerji layih\u0259l\u0259rinin b\u00f6y\u00fck hiss\u0259sinin art\u0131q tamamland\u0131\u011f\u0131n\u0131 vur\u011fulayan d\u00f6vl\u0259timizin ba\u015f\u00e7\u0131s\u0131 bildirib: &#8220;Biz f\u0259aliyy\u0259timizi davam etdiririk v\u0259 beyn\u0259lxalq bazarlara t\u0259qdim ed\u0259c\u0259yimiz daha \u00e7ox imkanlar\u0131m\u0131z olacaq. Lakin \u0259sas prioritet art\u0131q qeyri-enerji sektoru, y\u0259ni neft v\u0259 qazdan k\u0259nar&hellip;<\/p>\n","protected":false},"author":2,"featured_media":838459,"comment_status":"closed","ping_status":"closed","sticky":false,"template":"","format":"standard","meta":{"om_disable_all_campaigns":false,"_monsterinsights_skip_tracking":false,"_monsterinsights_sitenote_active":false,"_monsterinsights_sitenote_note":"","_monsterinsights_sitenote_category":0},"categories":[4],"tags":[],"aioseo_notices":[],"gutentor_comment":0,"rttpg_featured_image_url":{"full":["https:\/\/arantv.az\/wp-content\/uploads\/2026\/01\/35cef4b7655a9b5c6520c444fcbe07fb.jpg",824,500,false],"landscape":["https:\/\/arantv.az\/wp-content\/uploads\/2026\/01\/35cef4b7655a9b5c6520c444fcbe07fb.jpg",824,500,false],"portraits":["https:\/\/arantv.az\/wp-content\/uploads\/2026\/01\/35cef4b7655a9b5c6520c444fcbe07fb.jpg",824,500,false],"thumbnail":["https:\/\/arantv.az\/wp-content\/uploads\/2026\/01\/35cef4b7655a9b5c6520c444fcbe07fb-500x280.jpg",500,280,true],"medium":["https:\/\/arantv.az\/wp-content\/uploads\/2026\/01\/35cef4b7655a9b5c6520c444fcbe07fb-602x365.jpg",602,365,true],"large":["https:\/\/arantv.az\/wp-content\/uploads\/2026\/01\/35cef4b7655a9b5c6520c444fcbe07fb.jpg",640,388,false],"1536x1536":["https:\/\/arantv.az\/wp-content\/uploads\/2026\/01\/35cef4b7655a9b5c6520c444fcbe07fb.jpg",824,500,false],"2048x2048":["https:\/\/arantv.az\/wp-content\/uploads\/2026\/01\/35cef4b7655a9b5c6520c444fcbe07fb.jpg",824,500,false],"post-thumbnail":["https:\/\/arantv.az\/wp-content\/uploads\/2026\/01\/35cef4b7655a9b5c6520c444fcbe07fb-240x172.jpg",240,172,true],"advps-thumb-one":["https:\/\/arantv.az\/wp-content\/uploads\/2026\/01\/35cef4b7655a9b5c6520c444fcbe07fb.jpg",824,500,false]},"rttpg_author":{"display_name":"V\u00fcsal Rafiqo\u011flu","author_link":"https:\/\/arantv.az\/?author=2"},"rttpg_comment":0,"rttpg_category":"<a href=\"https:\/\/arantv.az\/?cat=4\" rel=\"category\">Siyas\u0259t<\/a>","rttpg_excerpt":"Uzun ill\u0259r \u0259rzind\u0259 bizim \u00fc\u00e7\u00fcn \u0259sas prioritet enerji sektoru olub. \u00c7\u00fcnki resurslar\u0131m\u0131z biz\u0259 iqtisadi nailiyy\u0259tl\u0259rimizi art\u0131rma\u011fa v\u0259 insanlar\u0131n h\u0259yat s\u0259viyy\u0259sini yax\u015f\u0131la\u015fd\u0131rma\u011fa imkan verib. Musavat.com\u00a0x\u0259b\u0259r verir ki, bunlar\u0131 Az\u0259rbaycan Prezidenti \u0130lham \u018fliyev Davos \u00dcmumd\u00fcnya \u0130qtisadi Forumunun illik toplant\u0131s\u0131 \u00e7\u0259r\u00e7iv\u0259sind\u0259 &#8220;Az\u0259rbaycan r\u0259hb\u0259rliyi il\u0259 s\u0259h\u0259r yem\u0259yi&#8221; adl\u0131 t\u0259dbird\u0259 m\u00fcxt\u0259lif \u00f6lk\u0259l\u0259ri t\u0259msil ed\u0259n biznes n\u00fcmay\u0259nd\u0259l\u0259rinin suallar\u0131n\u0131n cavab\u0131nda deyib. Bu&hellip;","_links":{"self":[{"href":"https:\/\/arantv.az\/index.php?rest_route=\/wp\/v2\/posts\/838458"}],"collection":[{"href":"https:\/\/arantv.az\/index.php?rest_route=\/wp\/v2\/posts"}],"about":[{"href":"https:\/\/arantv.az\/index.php?rest_route=\/wp\/v2\/types\/post"}],"author":[{"embeddable":true,"href":"https:\/\/arantv.az\/index.php?rest_route=\/wp\/v2\/users\/2"}],"replies":[{"embeddable":true,"href":"https:\/\/arantv.az\/index.php?rest_route=%2Fwp%2Fv2%2Fcomments&post=838458"}],"version-history":[{"count":1,"href":"https:\/\/arantv.az\/index.php?rest_route=\/wp\/v2\/posts\/838458\/revisions"}],"predecessor-version":[{"id":838460,"href":"https:\/\/arantv.az\/index.php?rest_route=\/wp\/v2\/posts\/838458\/revisions\/838460"}],"wp:featuredmedia":[{"embeddable":true,"href":"https:\/\/arantv.az\/index.php?rest_route=\/wp\/v2\/media\/838459"}],"wp:attachment":[{"href":"https:\/\/arantv.az\/index.php?rest_route=%2Fwp%2Fv2%2Fmedia&parent=838458"}],"wp:term":[{"taxonomy":"category","embeddable":true,"href":"https:\/\/arantv.az\/index.php?rest_route=%2Fwp%2Fv2%2Fcategories&post=838458"},{"taxonomy":"post_tag","embeddable":true,"href":"https:\/\/arantv.az\/index.php?rest_route=%2Fwp%2Fv2%2Ftags&post=838458"}],"curies":[{"name":"wp","href":"https:\/\/api.w.org\/{rel}","templated":true}]}}