{"id":838462,"date":"2026-01-21T07:58:27","date_gmt":"2026-01-21T03:58:27","guid":{"rendered":"https:\/\/arantv.az\/?p=838462"},"modified":"2026-01-21T07:58:27","modified_gmt":"2026-01-21T03:58:27","slug":"mehriban-%c9%99liyeva-prezident-ilham-%c9%99liyevin-davosda-panel-iclasda-istiraki-il%c9%99-bagli-paylasim-edib","status":"publish","type":"post","link":"https:\/\/arantv.az\/?p=838462","title":{"rendered":"Mehriban \u018fliyeva Prezident \u0130lham \u018fliyevin Davosda panel iclasda i\u015ftirak\u0131 il\u0259 ba\u011fl\u0131 payla\u015f\u0131m edib"},"content":{"rendered":"<section>\n<div class=\"content lead font-weight-normal\">\n<p>Az\u0259rbaycan Respublikas\u0131n\u0131n Birinci vitse-prezidenti Mehriban \u018fliyeva sosial \u015f\u0259b\u0259k\u0259 hesab\u0131nda Prezident \u0130lham \u018fliyevin Davosda &#8220;Avrasiyan\u0131n iqtisadi \u00f6z\u00fcn\u0259m\u0259xsuslu\u011funun m\u00fc\u0259yy\u0259nl\u0259\u015fdirilm\u0259si&#8221; m\u00f6vzusunda panel iclas\u0131nda i\u015ftirak\u0131 il\u0259 ba\u011fl\u0131 payla\u015f\u0131m edib.<\/p>\n<p><strong>\u201c\u0130ki sahil\u201d\u00a0<\/strong>payla\u015f\u0131m\u0131 t\u0259qdim edir:<\/p>\n<p>&nbsp;<\/p>\n<p><iframe id=\"instagram-embed-0\" class=\"instagram-media instagram-media-rendered\" src=\"https:\/\/www.instagram.com\/p\/DTvovgqADgE\/embed\/captioned\/?cr=1&amp;v=14&amp;wp=540&amp;rd=https%3A%2F%2Fikisahil.az&amp;rp=%2Fpost%2F625746-mehriban-eliyevaprezident-ilham-eliyevin-davosda-panel-iclasda-ishtiraki-ile-bagli-paylashim-edib#%7B%22ci%22%3A0%2C%22os%22%3A2001.2999999970198%2C%22ls%22%3A459.59999999403954%2C%22le%22%3A1990.0999999940395%7D\" height=\"771\" frameborder=\"0\" scrolling=\"no\" allowfullscreen=\"allowfullscreen\" data-instgrm-payload-id=\"instagram-media-payload-0\" data-mce-fragment=\"1\"><\/iframe>&nbsp;<\/p>\n<div class=\"clearfix\"><\/div>\n<\/div>\n<div class=\"sharing my-2 row no-gutters d-print-none\">\n<div class=\"col-md-3\"><\/div>\n<\/div>\n<div class=\"d-none d-sm-block\"><\/div>\n<\/section>\n<section id=\"new_block_2\" class=\"mt-3 d-print-none\">\n<div class=\"row\">\n<div class=\"col-md-12\"><\/div>\n<\/div>\n<\/section>\n","protected":false},"excerpt":{"rendered":"<p>Az\u0259rbaycan Respublikas\u0131n\u0131n Birinci vitse-prezidenti Mehriban \u018fliyeva sosial \u015f\u0259b\u0259k\u0259 hesab\u0131nda Prezident \u0130lham \u018fliyevin Davosda &#8220;Avrasiyan\u0131n iqtisadi \u00f6z\u00fcn\u0259m\u0259xsuslu\u011funun m\u00fc\u0259yy\u0259nl\u0259\u015fdirilm\u0259si&#8221; m\u00f6vzusunda panel iclas\u0131nda i\u015ftirak\u0131 il\u0259 ba\u011fl\u0131 payla\u015f\u0131m edib. \u201c\u0130ki sahil\u201d\u00a0payla\u015f\u0131m\u0131 t\u0259qdim edir: &nbsp; &nbsp;<\/p>\n","protected":false},"author":2,"featured_media":838463,"comment_status":"closed","ping_status":"closed","sticky":false,"template":"","format":"standard","meta":{"om_disable_all_campaigns":false,"_monsterinsights_skip_tracking":false,"_monsterinsights_sitenote_active":false,"_monsterinsights_sitenote_note":"","_monsterinsights_sitenote_category":0},"categories":[4],"tags":[],"aioseo_notices":[],"gutentor_comment":0,"rttpg_featured_image_url":{"full":["https:\/\/arantv.az\/wp-content\/uploads\/2026\/01\/6a508a60172734946179106463010182187.jpg",975,540,false],"landscape":["https:\/\/arantv.az\/wp-content\/uploads\/2026\/01\/6a508a60172734946179106463010182187.jpg",975,540,false],"portraits":["https:\/\/arantv.az\/wp-content\/uploads\/2026\/01\/6a508a60172734946179106463010182187.jpg",975,540,false],"thumbnail":["https:\/\/arantv.az\/wp-content\/uploads\/2026\/01\/6a508a60172734946179106463010182187-500x280.jpg",500,280,true],"medium":["https:\/\/arantv.az\/wp-content\/uploads\/2026\/01\/6a508a60172734946179106463010182187-660x365.jpg",660,365,true],"large":["https:\/\/arantv.az\/wp-content\/uploads\/2026\/01\/6a508a60172734946179106463010182187-840x465.jpg",640,354,true],"1536x1536":["https:\/\/arantv.az\/wp-content\/uploads\/2026\/01\/6a508a60172734946179106463010182187.jpg",975,540,false],"2048x2048":["https:\/\/arantv.az\/wp-content\/uploads\/2026\/01\/6a508a60172734946179106463010182187.jpg",975,540,false],"post-thumbnail":["https:\/\/arantv.az\/wp-content\/uploads\/2026\/01\/6a508a60172734946179106463010182187-240x172.jpg",240,172,true],"advps-thumb-one":["https:\/\/arantv.az\/wp-content\/uploads\/2026\/01\/6a508a60172734946179106463010182187.jpg",975,540,false]},"rttpg_author":{"display_name":"V\u00fcsal Rafiqo\u011flu","author_link":"https:\/\/arantv.az\/?author=2"},"rttpg_comment":0,"rttpg_category":"<a href=\"https:\/\/arantv.az\/?cat=4\" rel=\"category\">Siyas\u0259t<\/a>","rttpg_excerpt":"Az\u0259rbaycan Respublikas\u0131n\u0131n Birinci vitse-prezidenti Mehriban \u018fliyeva sosial \u015f\u0259b\u0259k\u0259 hesab\u0131nda Prezident \u0130lham \u018fliyevin Davosda &#8220;Avrasiyan\u0131n iqtisadi \u00f6z\u00fcn\u0259m\u0259xsuslu\u011funun m\u00fc\u0259yy\u0259nl\u0259\u015fdirilm\u0259si&#8221; m\u00f6vzusunda panel iclas\u0131nda i\u015ftirak\u0131 il\u0259 ba\u011fl\u0131 payla\u015f\u0131m edib. \u201c\u0130ki sahil\u201d\u00a0payla\u015f\u0131m\u0131 t\u0259qdim edir: &nbsp; &nbsp;","_links":{"self":[{"href":"https:\/\/arantv.az\/index.php?rest_route=\/wp\/v2\/posts\/838462"}],"collection":[{"href":"https:\/\/arantv.az\/index.php?rest_route=\/wp\/v2\/posts"}],"about":[{"href":"https:\/\/arantv.az\/index.php?rest_route=\/wp\/v2\/types\/post"}],"author":[{"embeddable":true,"href":"https:\/\/arantv.az\/index.php?rest_route=\/wp\/v2\/users\/2"}],"replies":[{"embeddable":true,"href":"https:\/\/arantv.az\/index.php?rest_route=%2Fwp%2Fv2%2Fcomments&post=838462"}],"version-history":[{"count":1,"href":"https:\/\/arantv.az\/index.php?rest_route=\/wp\/v2\/posts\/838462\/revisions"}],"predecessor-version":[{"id":838464,"href":"https:\/\/arantv.az\/index.php?rest_route=\/wp\/v2\/posts\/838462\/revisions\/838464"}],"wp:featuredmedia":[{"embeddable":true,"href":"https:\/\/arantv.az\/index.php?rest_route=\/wp\/v2\/media\/838463"}],"wp:attachment":[{"href":"https:\/\/arantv.az\/index.php?rest_route=%2Fwp%2Fv2%2Fmedia&parent=838462"}],"wp:term":[{"taxonomy":"category","embeddable":true,"href":"https:\/\/arantv.az\/index.php?rest_route=%2Fwp%2Fv2%2Fcategories&post=838462"},{"taxonomy":"post_tag","embeddable":true,"href":"https:\/\/arantv.az\/index.php?rest_route=%2Fwp%2Fv2%2Ftags&post=838462"}],"curies":[{"name":"wp","href":"https:\/\/api.w.org\/{rel}","templated":true}]}}