{"id":838480,"date":"2026-01-21T08:03:31","date_gmt":"2026-01-21T04:03:31","guid":{"rendered":"https:\/\/arantv.az\/?p=838480"},"modified":"2026-01-21T08:03:31","modified_gmt":"2026-01-21T04:03:31","slug":"agsu-dolaylarinda-h%c9%99r%c9%99k%c9%99t-c%c9%99tinl%c9%99sdi-foto","status":"publish","type":"post","link":"https:\/\/arantv.az\/?p=838480","title":{"rendered":"A\u011fsu dolaylar\u0131nda h\u0259r\u0259k\u0259t \u00e7\u0259tinl\u0259\u015fdi &#8211; FOTO"},"content":{"rendered":"<div id=\"mvp-content-body-top\" class=\"left relative\">\n<div id=\"mvp-content-main\" class=\"left relative\">\n<p><strong>Bir ne\u00e7\u0259 saatl\u0131q fasil\u0259d\u0259n sonra A\u011fsu rayonunda yenid\u0259n qar ya\u011fma\u011fa ba\u015flay\u0131b. Ya\u011fan qar v\u0259 \u015faxtal\u0131 hava \u015f\u0259raiti s\u0259b\u0259bind\u0259n Bak\u0131\u2013\u015eamax\u0131\u2013Yevlax avtomobil yolunun A\u011fsu dolaylar\u0131ndan ke\u00e7\u0259n hiss\u0259l\u0259rind\u0259, x\u00fcsusil\u0259 gec\u0259 saatlar\u0131nda yolun h\u0259r\u0259k\u0259t hiss\u0259sind\u0259 buzla\u015fma yaran\u0131b.<\/strong><\/p>\n<p><strong><a href=\"https:\/\/publika.az\/\" target=\"_blank\" rel=\"noopener\">Publika.az<\/a><\/strong>\u00a0x\u0259b\u0259r verir ki, 16 sayl\u0131 Yol \u0130stismar \u0130dar\u0259sinin ba\u015f mexaniki Ayaz Musal\u0131 AZ\u018fRTAC-\u0131n b\u00f6lg\u0259 m\u00fcxbirin\u0259 bildirib ki, \u0259lveri\u015fsiz hava \u015f\u0259raiti il\u0259 \u0259laq\u0259dar yolun qardan v\u0259 buzdan operativ t\u0259mizl\u0259nm\u0259si m\u0259qs\u0259dil\u0259 Az\u0259rbaycan Avtomobil Yollar\u0131 D\u00f6vl\u0259t Agentliyinin 16 sayl\u0131 Yol \u0130stismar \u0130dar\u0259sinin v\u0259 Avtomobil Yollar\u0131n\u0131n M\u00fchafiz\u0259si Xidm\u0259tinin canl\u0131 q\u00fcvv\u0259si v\u0259 x\u00fcsusi texnikas\u0131 \u0259raziy\u0259 c\u0259lb olunub.<\/p>\n<p>Onun s\u00f6zl\u0259rin\u0259 g\u00f6r\u0259, yolun h\u0259r\u0259k\u0259t hiss\u0259sind\u0259, x\u00fcsusil\u0259 eni\u015fli-yoxu\u015flu v\u0259 s\u0259rt d\u00f6ng\u0259li sah\u0259l\u0259rd\u0259 n\u0259qliyyat vasit\u0259l\u0259rinin t\u0259hl\u00fck\u0259siz h\u0259r\u0259k\u0259tini t\u0259min etm\u0259k \u00fc\u00e7\u00fcn qum-duz qar\u0131\u015f\u0131\u011f\u0131 s\u0259pilm\u0259kl\u0259 profilaktik t\u0259dbirl\u0259r g\u00f6r\u00fcl\u00fcr. G\u00fccl\u00fc k\u00fcl\u0259k v\u0259 ya\u011f\u0131nt\u0131 s\u0259b\u0259bind\u0259n yolun b\u0259zi hiss\u0259l\u0259rind\u0259 yenid\u0259n buzla\u015fma yarand\u0131\u011f\u0131ndan t\u0259mizl\u0259m\u0259 i\u015fl\u0259ri fasil\u0259siz davam etdirilir.<\/p>\n<p>Gec\u0259 saatlar\u0131 olmas\u0131na baxmayaraq, \u0259razid\u0259 i\u015fl\u0259r dayand\u0131r\u0131lmay\u0131b. Yol \u0130stismar \u0130dar\u0259sinin \u0259m\u0259kda\u015flar\u0131 t\u0259r\u0259find\u0259n 24 saatl\u0131q n\u00f6vb\u0259li i\u015f rejimind\u0259 yolun t\u0259mizl\u0259nm\u0259si v\u0259 t\u0259hl\u00fck\u0259sizliyin t\u0259min edilm\u0259si istiqam\u0259tind\u0259 t\u0259dbirl\u0259r g\u00f6r\u00fcl\u00fcr.<\/p>\n<p>Eyni zamanda, A\u011fsu Rayon Polis \u015e\u00f6b\u0259sinin v\u0259 Yol Patrul Xidm\u0259tinin \u0259m\u0259kda\u015flar\u0131 qarl\u0131 hava \u015f\u0259raiti il\u0259 \u0259laq\u0259dar A\u011fsu dolaylar\u0131nda n\u0259zar\u0259t t\u0259dbirl\u0259rini g\u00fccl\u0259ndiribl\u0259r. Polis \u0259m\u0259kda\u015flar\u0131 dolaylara daxil olan n\u0259qliyyat vasit\u0259l\u0259rini saxlayaraq s\u00fcr\u00fcc\u00fcl\u0259rl\u0259 maarifl\u0259ndirici s\u00f6hb\u0259tl\u0259r apar\u0131r, avtomobill\u0259rin qarl\u0131 v\u0259 buzlu yollarda h\u0259r\u0259k\u0259t \u00fc\u00e7\u00fcn texniki c\u0259h\u0259td\u0259n yararl\u0131l\u0131\u011f\u0131n\u0131 yoxlay\u0131r v\u0259 m\u00f6vcud yol \u015f\u0259raiti bar\u0259d\u0259 s\u00fcr\u00fcc\u00fcl\u0259r\u0259 \u0259trafl\u0131 m\u0259lumat verirl\u0259r.<\/p>\n<p>Haz\u0131rda b\u00f6lg\u0259d\u0259 qar ya\u011fmas\u0131 davam edir. Sinoptikl\u0259rin m\u0259lumat\u0131na g\u00f6r\u0259, s\u0259h\u0259r saatlar\u0131nda havan\u0131n temperaturunun a\u015fa\u011f\u0131 d\u00fc\u015fm\u0259si s\u0259b\u0259bind\u0259n buzla\u015fma ehtimal\u0131 y\u00fcks\u0259kdir. Bu s\u0259b\u0259bd\u0259n s\u00fcr\u00fcc\u00fcl\u0259r\u0259 m\u00fcmk\u00fcn q\u0259d\u0259r A\u011fsu dolaylar\u0131 istiqam\u0259tind\u0259 h\u0259r\u0259k\u0259t etm\u0259m\u0259k, z\u0259rur\u0259t yarand\u0131qda is\u0259 s\u00fcr\u0259t h\u0259ddin\u0259 \u0259m\u0259l etm\u0259k, ara m\u0259saf\u0259sini qorumaq v\u0259 q\u0131\u015f t\u0259k\u0259rl\u0259rind\u0259n istifad\u0259 etm\u0259k t\u00f6vsiy\u0259 olunur.<\/p>\n<\/div>\n<div id=\"mvp-content-bot\" class=\"left\">\n<div class=\"news-gallery\"><img class=\"\" src=\"https:\/\/publika.az\/storage\/2026\/01\/21\/17689549632699745989_1200x630.jpg\" alt=\"\" \/><img class=\"\" src=\"https:\/\/publika.az\/storage\/2026\/01\/21\/17689549634253948322_1200x630.jpg\" alt=\"\" \/><img class=\"\" src=\"https:\/\/publika.az\/storage\/2026\/01\/21\/17689549631466124988_1200x630.jpg\" alt=\"\" \/><img class=\"\" src=\"https:\/\/publika.az\/storage\/2026\/01\/21\/1768954963396744194_1200x630.jpg\" alt=\"\" \/><img class=\"\" src=\"https:\/\/publika.az\/storage\/2026\/01\/21\/17689549632954827214_1200x630.jpg\" alt=\"\" \/><img class=\"\" src=\"https:\/\/publika.az\/storage\/2026\/01\/21\/17689549631850227571_1200x630.jpg\" alt=\"\" \/><img class=\"\" src=\"https:\/\/publika.az\/storage\/2026\/01\/21\/17689549631239664348_1200x630.jpg\" alt=\"\" \/><\/div>\n<\/div>\n<\/div>\n<div>\n<div id=\"23284476078\" data-google-query-id=\"CJDHtvvfm5IDFYUsBgAdN1U5XQ\"><\/div>\n<\/div>\n","protected":false},"excerpt":{"rendered":"<p>Bir ne\u00e7\u0259 saatl\u0131q fasil\u0259d\u0259n sonra A\u011fsu rayonunda yenid\u0259n qar ya\u011fma\u011fa ba\u015flay\u0131b. Ya\u011fan qar v\u0259 \u015faxtal\u0131 hava \u015f\u0259raiti s\u0259b\u0259bind\u0259n Bak\u0131\u2013\u015eamax\u0131\u2013Yevlax avtomobil yolunun A\u011fsu dolaylar\u0131ndan ke\u00e7\u0259n hiss\u0259l\u0259rind\u0259, x\u00fcsusil\u0259 gec\u0259 saatlar\u0131nda yolun h\u0259r\u0259k\u0259t hiss\u0259sind\u0259 buzla\u015fma yaran\u0131b. Publika.az\u00a0x\u0259b\u0259r verir ki, 16 sayl\u0131 Yol \u0130stismar \u0130dar\u0259sinin ba\u015f mexaniki Ayaz Musal\u0131 AZ\u018fRTAC-\u0131n b\u00f6lg\u0259 m\u00fcxbirin\u0259 bildirib ki, \u0259lveri\u015fsiz hava \u015f\u0259raiti il\u0259 \u0259laq\u0259dar yolun qardan v\u0259 buzdan operativ t\u0259mizl\u0259nm\u0259si m\u0259qs\u0259dil\u0259 Az\u0259rbaycan Avtomobil Yollar\u0131 D\u00f6vl\u0259t Agentliyinin 16 sayl\u0131 Yol \u0130stismar \u0130dar\u0259sinin v\u0259 Avtomobil Yollar\u0131n\u0131n M\u00fchafiz\u0259si Xidm\u0259tinin canl\u0131 q\u00fcvv\u0259si v\u0259 x\u00fcsusi texnikas\u0131 \u0259raziy\u0259 c\u0259lb olunub. Onun s\u00f6zl\u0259rin\u0259 g\u00f6r\u0259, yolun h\u0259r\u0259k\u0259t&hellip;<\/p>\n","protected":false},"author":2,"featured_media":838481,"comment_status":"closed","ping_status":"closed","sticky":false,"template":"","format":"standard","meta":{"om_disable_all_campaigns":false,"_monsterinsights_skip_tracking":false,"_monsterinsights_sitenote_active":false,"_monsterinsights_sitenote_note":"","_monsterinsights_sitenote_category":0},"categories":[1],"tags":[],"aioseo_notices":[],"gutentor_comment":0,"rttpg_featured_image_url":{"full":["https:\/\/arantv.az\/wp-content\/uploads\/2026\/01\/buzlu_yol.jpg",945,630,false],"landscape":["https:\/\/arantv.az\/wp-content\/uploads\/2026\/01\/buzlu_yol.jpg",945,630,false],"portraits":["https:\/\/arantv.az\/wp-content\/uploads\/2026\/01\/buzlu_yol.jpg",945,630,false],"thumbnail":["https:\/\/arantv.az\/wp-content\/uploads\/2026\/01\/buzlu_yol-500x280.jpg",500,280,true],"medium":["https:\/\/arantv.az\/wp-content\/uploads\/2026\/01\/buzlu_yol-548x365.jpg",548,365,true],"large":["https:\/\/arantv.az\/wp-content\/uploads\/2026\/01\/buzlu_yol-840x560.jpg",640,427,true],"1536x1536":["https:\/\/arantv.az\/wp-content\/uploads\/2026\/01\/buzlu_yol.jpg",945,630,false],"2048x2048":["https:\/\/arantv.az\/wp-content\/uploads\/2026\/01\/buzlu_yol.jpg",945,630,false],"post-thumbnail":["https:\/\/arantv.az\/wp-content\/uploads\/2026\/01\/buzlu_yol-240x172.jpg",240,172,true],"advps-thumb-one":["https:\/\/arantv.az\/wp-content\/uploads\/2026\/01\/buzlu_yol-945x620.jpg",945,620,true]},"rttpg_author":{"display_name":"V\u00fcsal Rafiqo\u011flu","author_link":"https:\/\/arantv.az\/?author=2"},"rttpg_comment":0,"rttpg_category":"<a href=\"https:\/\/arantv.az\/?cat=1\" rel=\"category\">C\u0259miyy\u0259t<\/a>","rttpg_excerpt":"Bir ne\u00e7\u0259 saatl\u0131q fasil\u0259d\u0259n sonra A\u011fsu rayonunda yenid\u0259n qar ya\u011fma\u011fa ba\u015flay\u0131b. Ya\u011fan qar v\u0259 \u015faxtal\u0131 hava \u015f\u0259raiti s\u0259b\u0259bind\u0259n Bak\u0131\u2013\u015eamax\u0131\u2013Yevlax avtomobil yolunun A\u011fsu dolaylar\u0131ndan ke\u00e7\u0259n hiss\u0259l\u0259rind\u0259, x\u00fcsusil\u0259 gec\u0259 saatlar\u0131nda yolun h\u0259r\u0259k\u0259t hiss\u0259sind\u0259 buzla\u015fma yaran\u0131b. Publika.az\u00a0x\u0259b\u0259r verir ki, 16 sayl\u0131 Yol \u0130stismar \u0130dar\u0259sinin ba\u015f mexaniki Ayaz Musal\u0131 AZ\u018fRTAC-\u0131n b\u00f6lg\u0259 m\u00fcxbirin\u0259 bildirib ki, \u0259lveri\u015fsiz hava \u015f\u0259raiti il\u0259 \u0259laq\u0259dar&hellip;","_links":{"self":[{"href":"https:\/\/arantv.az\/index.php?rest_route=\/wp\/v2\/posts\/838480"}],"collection":[{"href":"https:\/\/arantv.az\/index.php?rest_route=\/wp\/v2\/posts"}],"about":[{"href":"https:\/\/arantv.az\/index.php?rest_route=\/wp\/v2\/types\/post"}],"author":[{"embeddable":true,"href":"https:\/\/arantv.az\/index.php?rest_route=\/wp\/v2\/users\/2"}],"replies":[{"embeddable":true,"href":"https:\/\/arantv.az\/index.php?rest_route=%2Fwp%2Fv2%2Fcomments&post=838480"}],"version-history":[{"count":1,"href":"https:\/\/arantv.az\/index.php?rest_route=\/wp\/v2\/posts\/838480\/revisions"}],"predecessor-version":[{"id":838482,"href":"https:\/\/arantv.az\/index.php?rest_route=\/wp\/v2\/posts\/838480\/revisions\/838482"}],"wp:featuredmedia":[{"embeddable":true,"href":"https:\/\/arantv.az\/index.php?rest_route=\/wp\/v2\/media\/838481"}],"wp:attachment":[{"href":"https:\/\/arantv.az\/index.php?rest_route=%2Fwp%2Fv2%2Fmedia&parent=838480"}],"wp:term":[{"taxonomy":"category","embeddable":true,"href":"https:\/\/arantv.az\/index.php?rest_route=%2Fwp%2Fv2%2Fcategories&post=838480"},{"taxonomy":"post_tag","embeddable":true,"href":"https:\/\/arantv.az\/index.php?rest_route=%2Fwp%2Fv2%2Ftags&post=838480"}],"curies":[{"name":"wp","href":"https:\/\/api.w.org\/{rel}","templated":true}]}}