{"id":83941,"date":"2019-10-07T13:30:15","date_gmt":"2019-10-07T10:30:15","guid":{"rendered":"http:\/\/arantv.az\/?p=83941"},"modified":"2019-10-07T13:30:15","modified_gmt":"2019-10-07T10:30:15","slug":"prezident-ilham-%c9%99liyev-rusiyali-h%c9%99mkari-vladimir-putini-t%c9%99brik-edib","status":"publish","type":"post","link":"https:\/\/arantv.az\/?p=83941","title":{"rendered":"Prezident \u0130lham \u018fliyev rusiyal\u0131 h\u0259mkar\u0131 Vladimir Putini t\u0259brik edib"},"content":{"rendered":"<p><strong>Oktyabr\u0131n 7-d\u0259 Az\u0259rbaycan Respublikas\u0131n\u0131n Prezidenti \u0130lham \u018fliyev Rusiya Federasiyas\u0131n\u0131n Prezidenti Vladimir Putin\u0259 telefonla z\u0259ng edib.<\/strong><\/p>\n<p><strong>ARANTV.AZ<\/strong>\u00a0<a href=\"https:\/\/azertag.az\/\" target=\"_blank\" rel=\"noopener\">AZ\u018fRTAC<\/a>-a istinad\u0259n x\u0259b\u0259r verir ki, d\u00f6vl\u0259timizin ba\u015f\u00e7\u0131s\u0131 Vladimir Putini ad g\u00fcn\u00fc m\u00fcnasib\u0259til\u0259 s\u0259mimi q\u0259lbd\u0259n t\u0259brik edib, ona Rusiya d\u00f6vl\u0259tinin v\u0259 xalq\u0131n\u0131n t\u0259r\u0259qqisi namin\u0259 prezidentlik f\u0259aliyy\u0259tind\u0259 yeni-yeni u\u011furlar v\u0259 m\u00f6hk\u0259m cansa\u011fl\u0131\u011f\u0131 arzulay\u0131b.<\/p>\n<p>Prezident Vladimir Putin g\u00f6st\u0259ril\u0259n diqq\u0259t\u0259 v\u0259 t\u0259brik\u0259 g\u00f6r\u0259 minn\u0259tdarl\u0131\u011f\u0131n\u0131 bildirib.<\/p>\n<p>D\u00f6vl\u0259t ba\u015f\u00e7\u0131lar\u0131 bu yax\u0131nlarda ke\u00e7iril\u0259n &#8220;Valday&#8221; Beyn\u0259lxalq Diskussiya Klubunun n\u00f6vb\u0259ti iclas\u0131n\u0131n \u0259h\u0259miyy\u0259tin\u0259 toxunaraq, So\u00e7id\u0259 \u00f6lk\u0259 ba\u015f\u00e7\u0131lar\u0131 aras\u0131nda apar\u0131lan dan\u0131\u015f\u0131qlar\u0131n strateji t\u0259r\u0259fda\u015fl\u0131\u011fa \u0259saslanan ikit\u0259r\u0259fli dostluq m\u00fcnasib\u0259tl\u0259rimizin daha da inki\u015faf etdirilm\u0259si i\u015fin\u0259 t\u00f6hf\u0259 verdiyini vur\u011fulay\u0131b, \u0259laq\u0259l\u0259rimizin bundan sonra da geni\u015fl\u0259n\u0259c\u0259yin\u0259 v\u0259 m\u00f6hk\u0259ml\u0259n\u0259c\u0259yin\u0259 \u0259minlikl\u0259rini ifad\u0259 edibl\u0259r.<\/p>\n<p>S\u00f6hb\u0259t zaman\u0131 Prezident \u0130lham \u018fliyev v\u0259 Prezident Vladimir Putin ikit\u0259r\u0259fli m\u00fcnasib\u0259tl\u0259rimizin daha da inki\u015faf etdirilm\u0259si il\u0259 ba\u011fl\u0131 v\u0259 qar\u015f\u0131l\u0131ql\u0131 maraq do\u011furan m\u0259s\u0259l\u0259l\u0259r \u0259traf\u0131nda fikir m\u00fcbadil\u0259si apar\u0131blar.<\/p>\n","protected":false},"excerpt":{"rendered":"<p>Oktyabr\u0131n 7-d\u0259 Az\u0259rbaycan Respublikas\u0131n\u0131n Prezidenti \u0130lham \u018fliyev Rusiya Federasiyas\u0131n\u0131n Prezidenti Vladimir Putin\u0259 telefonla z\u0259ng edib. ARANTV.AZ\u00a0AZ\u018fRTAC-a istinad\u0259n x\u0259b\u0259r verir ki, d\u00f6vl\u0259timizin ba\u015f\u00e7\u0131s\u0131 Vladimir Putini ad g\u00fcn\u00fc m\u00fcnasib\u0259til\u0259 s\u0259mimi q\u0259lbd\u0259n t\u0259brik edib, ona Rusiya d\u00f6vl\u0259tinin v\u0259 xalq\u0131n\u0131n t\u0259r\u0259qqisi namin\u0259 prezidentlik f\u0259aliyy\u0259tind\u0259 yeni-yeni u\u011furlar v\u0259 m\u00f6hk\u0259m cansa\u011fl\u0131\u011f\u0131 arzulay\u0131b. Prezident Vladimir Putin g\u00f6st\u0259ril\u0259n diqq\u0259t\u0259 v\u0259 t\u0259brik\u0259 g\u00f6r\u0259 minn\u0259tdarl\u0131\u011f\u0131n\u0131 bildirib. D\u00f6vl\u0259t ba\u015f\u00e7\u0131lar\u0131 bu yax\u0131nlarda ke\u00e7iril\u0259n &#8220;Valday&#8221; Beyn\u0259lxalq Diskussiya Klubunun n\u00f6vb\u0259ti iclas\u0131n\u0131n \u0259h\u0259miyy\u0259tin\u0259 toxunaraq, So\u00e7id\u0259 \u00f6lk\u0259 ba\u015f\u00e7\u0131lar\u0131 aras\u0131nda apar\u0131lan dan\u0131\u015f\u0131qlar\u0131n strateji t\u0259r\u0259fda\u015fl\u0131\u011fa \u0259saslanan ikit\u0259r\u0259fli dostluq m\u00fcnasib\u0259tl\u0259rimizin daha da inki\u015faf etdirilm\u0259si i\u015fin\u0259 t\u00f6hf\u0259 verdiyini vur\u011fulay\u0131b, \u0259laq\u0259l\u0259rimizin&hellip;<\/p>\n","protected":false},"author":2,"featured_media":83942,"comment_status":"closed","ping_status":"closed","sticky":false,"template":"","format":"standard","meta":{"om_disable_all_campaigns":false,"_monsterinsights_skip_tracking":false,"_monsterinsights_sitenote_active":false,"_monsterinsights_sitenote_note":"","_monsterinsights_sitenote_category":0},"categories":[4],"tags":[],"aioseo_notices":[],"gutentor_comment":0,"rttpg_featured_image_url":{"full":["https:\/\/arantv.az\/wp-content\/uploads\/2019\/10\/792252.jpg",800,600,false],"landscape":["https:\/\/arantv.az\/wp-content\/uploads\/2019\/10\/792252.jpg",800,600,false],"portraits":["https:\/\/arantv.az\/wp-content\/uploads\/2019\/10\/792252.jpg",800,600,false],"thumbnail":["https:\/\/arantv.az\/wp-content\/uploads\/2019\/10\/792252-150x150.jpg",150,150,true],"medium":["https:\/\/arantv.az\/wp-content\/uploads\/2019\/10\/792252-300x225.jpg",300,225,true],"large":["https:\/\/arantv.az\/wp-content\/uploads\/2019\/10\/792252.jpg",640,480,false],"1536x1536":["https:\/\/arantv.az\/wp-content\/uploads\/2019\/10\/792252.jpg",800,600,false],"2048x2048":["https:\/\/arantv.az\/wp-content\/uploads\/2019\/10\/792252.jpg",800,600,false],"post-thumbnail":["https:\/\/arantv.az\/wp-content\/uploads\/2019\/10\/792252-240x172.jpg",240,172,true],"advps-thumb-one":["https:\/\/arantv.az\/wp-content\/uploads\/2019\/10\/792252.jpg",800,600,false]},"rttpg_author":{"display_name":"V\u00fcsal Rafiqo\u011flu","author_link":"https:\/\/arantv.az\/?author=2"},"rttpg_comment":0,"rttpg_category":"<a href=\"https:\/\/arantv.az\/?cat=4\" rel=\"category\">Siyas\u0259t<\/a>","rttpg_excerpt":"Oktyabr\u0131n 7-d\u0259 Az\u0259rbaycan Respublikas\u0131n\u0131n Prezidenti \u0130lham \u018fliyev Rusiya Federasiyas\u0131n\u0131n Prezidenti Vladimir Putin\u0259 telefonla z\u0259ng edib. ARANTV.AZ\u00a0AZ\u018fRTAC-a istinad\u0259n x\u0259b\u0259r verir ki, d\u00f6vl\u0259timizin ba\u015f\u00e7\u0131s\u0131 Vladimir Putini ad g\u00fcn\u00fc m\u00fcnasib\u0259til\u0259 s\u0259mimi q\u0259lbd\u0259n t\u0259brik edib, ona Rusiya d\u00f6vl\u0259tinin v\u0259 xalq\u0131n\u0131n t\u0259r\u0259qqisi namin\u0259 prezidentlik f\u0259aliyy\u0259tind\u0259 yeni-yeni u\u011furlar v\u0259 m\u00f6hk\u0259m cansa\u011fl\u0131\u011f\u0131 arzulay\u0131b. Prezident Vladimir Putin g\u00f6st\u0259ril\u0259n diqq\u0259t\u0259 v\u0259 t\u0259brik\u0259 g\u00f6r\u0259 minn\u0259tdarl\u0131\u011f\u0131n\u0131&hellip;","_links":{"self":[{"href":"https:\/\/arantv.az\/index.php?rest_route=\/wp\/v2\/posts\/83941"}],"collection":[{"href":"https:\/\/arantv.az\/index.php?rest_route=\/wp\/v2\/posts"}],"about":[{"href":"https:\/\/arantv.az\/index.php?rest_route=\/wp\/v2\/types\/post"}],"author":[{"embeddable":true,"href":"https:\/\/arantv.az\/index.php?rest_route=\/wp\/v2\/users\/2"}],"replies":[{"embeddable":true,"href":"https:\/\/arantv.az\/index.php?rest_route=%2Fwp%2Fv2%2Fcomments&post=83941"}],"version-history":[{"count":0,"href":"https:\/\/arantv.az\/index.php?rest_route=\/wp\/v2\/posts\/83941\/revisions"}],"wp:featuredmedia":[{"embeddable":true,"href":"https:\/\/arantv.az\/index.php?rest_route=\/wp\/v2\/media\/83942"}],"wp:attachment":[{"href":"https:\/\/arantv.az\/index.php?rest_route=%2Fwp%2Fv2%2Fmedia&parent=83941"}],"wp:term":[{"taxonomy":"category","embeddable":true,"href":"https:\/\/arantv.az\/index.php?rest_route=%2Fwp%2Fv2%2Fcategories&post=83941"},{"taxonomy":"post_tag","embeddable":true,"href":"https:\/\/arantv.az\/index.php?rest_route=%2Fwp%2Fv2%2Ftags&post=83941"}],"curies":[{"name":"wp","href":"https:\/\/api.w.org\/{rel}","templated":true}]}}