{"id":83949,"date":"2019-10-07T13:33:40","date_gmt":"2019-10-07T10:33:40","guid":{"rendered":"http:\/\/arantv.az\/?p=83949"},"modified":"2019-10-07T13:33:40","modified_gmt":"2019-10-07T10:33:40","slug":"umayra-tagiyevadan-hava-s%c9%99raiti-il%c9%99-bagli-muhum-aciqlama","status":"publish","type":"post","link":"https:\/\/arantv.az\/?p=83949","title":{"rendered":"Umayra Ta\u011f\u0131yevadan hava \u015f\u0259raiti il\u0259 ba\u011fl\u0131 M\u00dcH\u00dcM A\u00c7IQLAMA"},"content":{"rendered":"<p>Bu g\u00fcn g\u00fcn\u00fcn ikinci yar\u0131s\u0131ndan \u00f6lk\u0259 \u0259razisind\u0259 havan\u0131n temperaturu bir q\u0259d\u0259r a\u015fa\u011f\u0131 en\u0259c\u0259k.<\/p>\n<p><b>ARANTV.AZ\u00a0<\/b>\u00a0x\u0259b\u0259r verir ki, bunu Trend-\u0259 Ekologiya v\u0259 T\u0259bii S\u0259rv\u0259tl\u0259r Nazirliyinin Milli Hidrometeorologiya Departamentinin direktoru Umayra Ta\u011f\u0131yeva deyib.<\/p>\n<div id=\"AdviadNativeVideo0\" class=\"AdviadNativeVideo\"><\/div>\n<p>Onun s\u00f6zl\u0259rin\u0259 g\u00f6r\u0259, \u00f6t\u0259n g\u00fcn \u0259rzind\u0259 \u00f6lk\u0259 \u0259razisind\u0259 havan\u0131n temperaturu \u00e7oxillik norma g\u00f6st\u0259ricisind\u0259n 4,5 d\u0259r\u0259c\u0259 y\u00fcks\u0259k olub.<\/p>\n<p>U.Ta\u011f\u0131yeva qeyd edib ki, sabah havan\u0131n temperaturu iqlim normas\u0131 daxilind\u0259 t\u0259r\u0259dd\u00fcd ed\u0259c\u0259k: &#8220;Sabah s\u0259h\u0259r saatlar\u0131ndan ba\u015flayaraq, g\u00fcn \u0259rzind\u0259 k\u00fcl\u0259k z\u0259ifl\u0259y\u0259c\u0259k, g\u00fcnorta saatlar\u0131nda k\u00fcl\u0259k m\u00fclayim c\u0259nub-\u015f\u0259rq k\u00fcl\u0259yi il\u0259 \u0259v\u0259z olunacaq. Lakin oktyabr\u0131n 9-da g\u00fcnd\u00fcz saatlar\u0131ndan ba\u015flayaraq, Bak\u0131da v\u0259 Ab\u015feron yar\u0131madas\u0131nda yenid\u0259n k\u00fcl\u0259k istiqam\u0259tini d\u0259yi\u015fib \u015fimal-q\u0259rb k\u00fcl\u0259yi il\u0259 \u0259v\u0259zl\u0259n\u0259c\u0259k v\u0259 g\u00fccl\u0259n\u0259c\u0259k&#8221;.<\/p>\n","protected":false},"excerpt":{"rendered":"<p>Bu g\u00fcn g\u00fcn\u00fcn ikinci yar\u0131s\u0131ndan \u00f6lk\u0259 \u0259razisind\u0259 havan\u0131n temperaturu bir q\u0259d\u0259r a\u015fa\u011f\u0131 en\u0259c\u0259k. ARANTV.AZ\u00a0\u00a0x\u0259b\u0259r verir ki, bunu Trend-\u0259 Ekologiya v\u0259 T\u0259bii S\u0259rv\u0259tl\u0259r Nazirliyinin Milli Hidrometeorologiya Departamentinin direktoru Umayra Ta\u011f\u0131yeva deyib. Onun s\u00f6zl\u0259rin\u0259 g\u00f6r\u0259, \u00f6t\u0259n g\u00fcn \u0259rzind\u0259 \u00f6lk\u0259 \u0259razisind\u0259 havan\u0131n temperaturu \u00e7oxillik norma g\u00f6st\u0259ricisind\u0259n 4,5 d\u0259r\u0259c\u0259 y\u00fcks\u0259k olub. U.Ta\u011f\u0131yeva qeyd edib ki, sabah havan\u0131n temperaturu iqlim normas\u0131 daxilind\u0259 t\u0259r\u0259dd\u00fcd ed\u0259c\u0259k: &#8220;Sabah s\u0259h\u0259r saatlar\u0131ndan ba\u015flayaraq, g\u00fcn \u0259rzind\u0259 k\u00fcl\u0259k z\u0259ifl\u0259y\u0259c\u0259k, g\u00fcnorta saatlar\u0131nda k\u00fcl\u0259k m\u00fclayim c\u0259nub-\u015f\u0259rq k\u00fcl\u0259yi il\u0259 \u0259v\u0259z olunacaq. Lakin oktyabr\u0131n 9-da g\u00fcnd\u00fcz saatlar\u0131ndan ba\u015flayaraq, Bak\u0131da v\u0259 Ab\u015feron yar\u0131madas\u0131nda yenid\u0259n k\u00fcl\u0259k istiqam\u0259tini d\u0259yi\u015fib&hellip;<\/p>\n","protected":false},"author":2,"featured_media":83950,"comment_status":"closed","ping_status":"closed","sticky":false,"template":"","format":"standard","meta":{"om_disable_all_campaigns":false,"_monsterinsights_skip_tracking":false,"_monsterinsights_sitenote_active":false,"_monsterinsights_sitenote_note":"","_monsterinsights_sitenote_category":0},"categories":[1],"tags":[],"aioseo_notices":[],"gutentor_comment":0,"rttpg_featured_image_url":{"full":["https:\/\/arantv.az\/wp-content\/uploads\/2019\/10\/image_660x441_5cc999829ccd4.jpg",549,367,false],"landscape":["https:\/\/arantv.az\/wp-content\/uploads\/2019\/10\/image_660x441_5cc999829ccd4.jpg",549,367,false],"portraits":["https:\/\/arantv.az\/wp-content\/uploads\/2019\/10\/image_660x441_5cc999829ccd4.jpg",549,367,false],"thumbnail":["https:\/\/arantv.az\/wp-content\/uploads\/2019\/10\/image_660x441_5cc999829ccd4-150x150.jpg",150,150,true],"medium":["https:\/\/arantv.az\/wp-content\/uploads\/2019\/10\/image_660x441_5cc999829ccd4-300x201.jpg",300,201,true],"large":["https:\/\/arantv.az\/wp-content\/uploads\/2019\/10\/image_660x441_5cc999829ccd4.jpg",549,367,false],"1536x1536":["https:\/\/arantv.az\/wp-content\/uploads\/2019\/10\/image_660x441_5cc999829ccd4.jpg",549,367,false],"2048x2048":["https:\/\/arantv.az\/wp-content\/uploads\/2019\/10\/image_660x441_5cc999829ccd4.jpg",549,367,false],"post-thumbnail":["https:\/\/arantv.az\/wp-content\/uploads\/2019\/10\/image_660x441_5cc999829ccd4-240x172.jpg",240,172,true],"advps-thumb-one":["https:\/\/arantv.az\/wp-content\/uploads\/2019\/10\/image_660x441_5cc999829ccd4.jpg",549,367,false]},"rttpg_author":{"display_name":"V\u00fcsal Rafiqo\u011flu","author_link":"https:\/\/arantv.az\/?author=2"},"rttpg_comment":0,"rttpg_category":"<a href=\"https:\/\/arantv.az\/?cat=1\" rel=\"category\">C\u0259miyy\u0259t<\/a>","rttpg_excerpt":"Bu g\u00fcn g\u00fcn\u00fcn ikinci yar\u0131s\u0131ndan \u00f6lk\u0259 \u0259razisind\u0259 havan\u0131n temperaturu bir q\u0259d\u0259r a\u015fa\u011f\u0131 en\u0259c\u0259k. ARANTV.AZ\u00a0\u00a0x\u0259b\u0259r verir ki, bunu Trend-\u0259 Ekologiya v\u0259 T\u0259bii S\u0259rv\u0259tl\u0259r Nazirliyinin Milli Hidrometeorologiya Departamentinin direktoru Umayra Ta\u011f\u0131yeva deyib. Onun s\u00f6zl\u0259rin\u0259 g\u00f6r\u0259, \u00f6t\u0259n g\u00fcn \u0259rzind\u0259 \u00f6lk\u0259 \u0259razisind\u0259 havan\u0131n temperaturu \u00e7oxillik norma g\u00f6st\u0259ricisind\u0259n 4,5 d\u0259r\u0259c\u0259 y\u00fcks\u0259k olub. U.Ta\u011f\u0131yeva qeyd edib ki, sabah havan\u0131n temperaturu iqlim&hellip;","_links":{"self":[{"href":"https:\/\/arantv.az\/index.php?rest_route=\/wp\/v2\/posts\/83949"}],"collection":[{"href":"https:\/\/arantv.az\/index.php?rest_route=\/wp\/v2\/posts"}],"about":[{"href":"https:\/\/arantv.az\/index.php?rest_route=\/wp\/v2\/types\/post"}],"author":[{"embeddable":true,"href":"https:\/\/arantv.az\/index.php?rest_route=\/wp\/v2\/users\/2"}],"replies":[{"embeddable":true,"href":"https:\/\/arantv.az\/index.php?rest_route=%2Fwp%2Fv2%2Fcomments&post=83949"}],"version-history":[{"count":0,"href":"https:\/\/arantv.az\/index.php?rest_route=\/wp\/v2\/posts\/83949\/revisions"}],"wp:featuredmedia":[{"embeddable":true,"href":"https:\/\/arantv.az\/index.php?rest_route=\/wp\/v2\/media\/83950"}],"wp:attachment":[{"href":"https:\/\/arantv.az\/index.php?rest_route=%2Fwp%2Fv2%2Fmedia&parent=83949"}],"wp:term":[{"taxonomy":"category","embeddable":true,"href":"https:\/\/arantv.az\/index.php?rest_route=%2Fwp%2Fv2%2Fcategories&post=83949"},{"taxonomy":"post_tag","embeddable":true,"href":"https:\/\/arantv.az\/index.php?rest_route=%2Fwp%2Fv2%2Ftags&post=83949"}],"curies":[{"name":"wp","href":"https:\/\/api.w.org\/{rel}","templated":true}]}}