{"id":84237,"date":"2019-10-08T12:33:43","date_gmt":"2019-10-08T09:33:43","guid":{"rendered":"http:\/\/arantv.az\/?p=84237"},"modified":"2019-10-08T12:33:43","modified_gmt":"2019-10-08T09:33:43","slug":"parlament-yeni-bas-naziri-t%c9%99sdiq-etdi-novruz-m%c9%99mm%c9%99dov-niy%c9%99-postundan-getdi","status":"publish","type":"post","link":"https:\/\/arantv.az\/?p=84237","title":{"rendered":"Parlament yeni Ba\u015f naziri t\u0259sdiq etdi &#8211; Novruz M\u0259mm\u0259dov niy\u0259 postundan getdi?"},"content":{"rendered":"<p>Az\u0259rbaycanda yeni Ba\u015f nazir t\u0259yin edilib. Novruz M\u0259mm\u0259dovun \u0259v\u0259zin\u0259 \u00f6lk\u0259nin h\u00f6kum\u0259tini Az\u0259rbaycan prezidentinin iqtisadi m\u0259s\u0259l\u0259l\u0259r \u00fczr\u0259 k\u00f6m\u0259k\u00e7isi \u018fli \u018fs\u0259dov r\u0259hb\u0259rlik ed\u0259c\u0259k. Yeni Ba\u015f nazirin namiz\u0259dliyini Milli M\u0259clis bu g\u00fcn ke\u00e7iril\u0259n plenar iclasda t\u0259sdiql\u0259yib.<\/p>\n<p>H\u00f6kum\u0259t ba\u015f\u00e7\u0131s\u0131n\u0131n d\u0259yi\u015fdirilm\u0259si Az\u0259rbaycan Prezidenti \u0130lham \u018fliyevin ke\u00e7irdiyi islahatlar\u0131n bir hiss\u0259sidir. S\u00f6hb\u0259t kadr islahatlar\u0131ndan, o c\u00fcml\u0259d\u0259n, h\u00f6kum\u0259tin cavanla\u015fd\u0131r\u0131lmas\u0131ndan gedir. Bununla \u0259laq\u0259dar son bir il yar\u0131m \u0259rzind\u0259 \u00f6lk\u0259d\u0259 nazirlik v\u0259 dig\u0259r idar\u0259l\u0259rin r\u0259hb\u0259rl\u0259ri daxil olmaqla m\u00fcvafiq kadr d\u0259yi\u015fiklikl\u0259ri ba\u015f verib.<\/p>\n<p>\u201c\u00d6n\u00fcm\u00fczd\u0259ki ill\u0259rd\u0259 i\u015f m\u00fchitinin yax\u015f\u0131la\u015fd\u0131r\u0131lmas\u0131 \u00fc\u00e7\u00fcn \u0259lav\u0259 add\u0131mlar at\u0131lacaq, iqtisadi islahatlar d\u0259rinl\u0259\u015f\u0259c\u0259k. \u0130qtisadi sah\u0259d\u0259 tam \u015f\u0259ffafl\u0131\u011f\u0131 t\u0259min etm\u0259k, b\u00fct\u00fcn m\u0259nfi hadis\u0259l\u0259r\u0259 son qoymaq laz\u0131md\u0131r\u201d, &#8211; \u0130.\u018fliyev 2018-ci il aprelin 18-d\u0259 ke\u00e7iril\u0259n inauqurasiya m\u0259rasimind\u0259 deyib.<\/p>\n<div id=\"AdviadNativeVideo0\" class=\"AdviadNativeVideo\"><\/div>\n<p>D\u00f6vl\u0259t ba\u015f\u00e7\u0131s\u0131 qeyd edib ki, \u00f6lk\u0259nin qar\u015f\u0131s\u0131na qoydu\u011fu m\u0259qs\u0259dl\u0259r\u0259, o c\u00fcml\u0259d\u0259n, islahatlar\u0131n s\u0259m\u0259r\u0259li h\u0259yata ke\u00e7irilm\u0259sin\u0259 nail olmaq \u00fc\u00e7\u00fcn yeti\u015fmi\u015f kadr potensial\u0131 laz\u0131md\u0131r.<\/p>\n<p>2018-ci il aprelin 21-d\u0259 &#8211; bir il yar\u0131m \u0259vv\u0259l \u2013 71 ya\u015fl\u0131 Novruz M\u0259mm\u0259dov Ba\u015f nazir postunda 20\u00a0il Az\u0259rbaycan h\u00f6kum\u0259tin\u0259 r\u0259hb\u0259rlik ed\u0259n (q\u0131sa fasil\u0259l\u0259rl\u0259) 83 ya\u015fl\u0131 Artur Rasizad\u0259ni \u0259v\u0259z etdi.<\/p>\n<p>Prezident yeni Ba\u015f nazir\u0259 b\u00f6y\u00fck \u00fcmidl\u0259r b\u0259sl\u0259yirdi, ancaq zaman g\u00f6st\u0259rdi ki, N.M\u0259mm\u0259dov d\u00f6vl\u0259t ba\u015f\u00e7\u0131s\u0131n\u0131n onun qar\u015f\u0131s\u0131na qoydu\u011fu v\u0259zif\u0259l\u0259rin \u00f6hd\u0259sind\u0259n g\u0259lm\u0259yib. X\u00fcsusil\u0259, son bir il yar\u0131m \u0259rzind\u0259 respublikada iqtisadi islahatlar\u0131n t\u0259\u015fkili kifay\u0259t q\u0259d\u0259r effektiv apar\u0131lmay\u0131b. \u00dcmumi daxili m\u0259hsulun nisb\u0259tind\u0259 t\u0259l\u0259b olunan art\u0131m s\u0259viyy\u0259sin\u0259 nail olmaq m\u00fcmk\u00fcn olmay\u0131b. H\u00f6kum\u0259tin s\u0259m\u0259r\u0259liliyinin art\u0131r\u0131lmas\u0131 bax\u0131m\u0131ndan ciddi probleml\u0259r m\u00f6vcuddur.<\/p>\n<p>Bununla yana\u015f\u0131, onu qeyd etm\u0259k laz\u0131md\u0131r ki, he\u00e7 kim N.M\u0259mm\u0259dovun s\u0259daq\u0259tini \u015f\u00fcbh\u0259 alt\u0131na alm\u0131r. O, h\u0259l\u0259 Prezident Heyd\u0259r \u018fliyev t\u0259r\u0259find\u0259n h\u00f6kum\u0259t\u0259 daxil edilib. Son 16 ild\u0259 haz\u0131rk\u0131 d\u00f6vl\u0259t ba\u015f\u00e7\u0131s\u0131 \u0130lham \u018fliyevin komandas\u0131nda \u00e7al\u0131\u015f\u0131r.<\/p>\n<p>N\u00f6vb\u0259ti d\u0259f\u0259 qeyd etm\u0259k laz\u0131md\u0131r ki, h\u00f6kum\u0259t ba\u015f\u00e7\u0131s\u0131n\u0131n d\u0259yi\u015fdirilm\u0259si N.M\u0259mm\u0259dovun s\u0259daq\u0259ti il\u0259 ba\u011fl\u0131 deyil. Problem ondad\u0131r ki, o, prezident t\u0259r\u0259find\u0259n qar\u015f\u0131s\u0131na qoydu\u011fu v\u0259zif\u0259l\u0259rin \u00f6hd\u0259sind\u0259n g\u0259lm\u0259yib. Y\u0259ni bu g\u00fcn yaln\u0131z s\u0259daq\u0259t kifay\u0259t deyil. H\u0259qiqi n\u0259tic\u0259l\u0259r\u0259 nail olmaq, h\u0259mi\u015f\u0259 t\u0259sirli olmaq v\u0259 u\u011furlar\u0131m\u0131za arxalanmamaq laz\u0131md\u0131r. Ke\u00e7mi\u015fin xidm\u0259tl\u0259ri \u2013 bu, s\u0259m\u0259r\u0259sizliyin v\u0259 s\u0259ri\u015ft\u0259sizliyin b\u0259x\u015fi\u015fi deyil. Haz\u0131rk\u0131 v\u0259zif\u0259l\u0259ri v\u0259 bu g\u00fcn\u00fcn t\u0259l\u0259bl\u0259rini yerin\u0259 yetirm\u0259y\u0259 haz\u0131r olmaq laz\u0131md\u0131r. Bu siqnal ilk n\u00f6vb\u0259d\u0259 uzun m\u00fcdd\u0259t r\u0259hb\u0259r v\u0259zif\u0259l\u0259ri tutanlara aiddir.<\/p>\n<p>Bir qayda olaraq, h\u0259r hans\u0131 bir \u00f6lk\u0259d\u0259 h\u00f6kum\u0259t ba\u015f\u00e7\u0131s\u0131n\u0131n d\u0259yi\u015fdirilm\u0259si b\u00fct\u00fcn h\u00f6kum\u0259t m\u0259murlar\u0131 \u00fc\u00e7\u00fcn bir x\u0259b\u0259rdarl\u0131qd\u0131r. Az\u0259rbaycan da istisna deyil. \u015e\u00fcbh\u0259siz ki, artan t\u0259l\u0259bl\u0259r onlara \u015famil edil\u0259c\u0259k, \u00e7\u00fcnki yuxar\u0131da qeyd edildiyi kimi, nailiyy\u0259tl\u0259r\u0259 arxalanmaq c\u0259miyy\u0259tin, iqtisadiyyat\u0131n v\u0259 b\u00fct\u00f6vl\u00fckd\u0259 \u00f6lk\u0259nin sonrak\u0131 inki\u015faf\u0131na m\u0259nfi t\u0259sir ed\u0259 bil\u0259r.<\/p>\n<p>Prezident ictimai-siyasi v\u0259 iqtisadi prosesl\u0259rin dur\u011funlu\u011funun qar\u015f\u0131s\u0131n\u0131 almaq \u00fc\u00e7\u00fcn son bir il yar\u0131m \u0259rzind\u0259 bir ne\u00e7\u0259 d\u00f6vl\u0259t qurumunun r\u0259hb\u0259rl\u0259rini \u0259v\u0259z edib.<\/p>\n<p>Son d\u00f6vrl\u0259rd\u0259 nazirlik r\u0259hb\u0259rl\u0259ri v\u0259zif\u0259l\u0259rin\u0259 t\u0259yinatlar Az\u0259rbaycan siyas\u0259tinin cavanla\u015fma meylinin bariz n\u00fcmun\u0259sidir. Haz\u0131rda Nazirl\u0259r Kabinetin\u0259 daxil olan 43 v\u0259zif\u0259li \u015f\u0259xsin orta ya\u015f\u0131 55,09 t\u0259\u015fkil edir, \u0259vv\u0259lki d\u00f6vrl\u0259r v\u0259 \u0259vv\u0259lki nazirl\u0259r il\u0259 m\u00fcqayis\u0259d\u0259 bu g\u00f6st\u0259rici xeyli a\u015fa\u011f\u0131d\u0131r.<\/p>\n<p>Sahil Babayevin (38 ya\u015f, \u018fm\u0259k v\u0259 \u018fhalinin Sosial M\u00fcdafi\u0259si Nazirliyi), \u0130nam K\u0259rimovun (42 ya\u015f, K\u0259nd T\u0259s\u0259rr\u00fcfat\u0131 Nazirliyi), Ceyhun Bayramovun (45 ya\u015f, T\u0259hsil Nazirliyi), Ramin Quluzad\u0259nin (42 ya\u015f, Az\u0259rbaycan N\u0259qliyyat, Rabit\u0259 v\u0259 \u0130nformasiya Texnologiyalar\u0131 Nazirliyi), V\u00fcsal H\u00fcseynovun (39 ya\u015f, Az\u0259rbaycan D\u00f6vl\u0259t Miqrasiya Xidm\u0259ti) v\u0259 dig\u0259rl\u0259rinin t\u0259yinat\u0131 Az\u0259rbaycan Respublikas\u0131n\u0131n Prezidenti \u0130lham \u018fliyevin cavanla\u015fma siyas\u0259tin\u0259 n\u00fcmun\u0259 ola bil\u0259r.<\/p>\n<p>Kabinetin cavanla\u015fmas\u0131 h\u00f6kum\u0259tin \u0259vv\u0259lkind\u0259n daha yax\u015f\u0131 olaca\u011f\u0131na \u00fcmid etm\u0259y\u0259 imkan verir. K\u00f6hn\u0259 kadrlar\u0131n g\u0259ncl\u0259rl\u0259 \u0259v\u0259zl\u0259nm\u0259si prosesi t\u0259kc\u0259 \u00f6lk\u0259nin \u0259sas d\u00f6vl\u0259t strukturlar\u0131nda deyil, dig\u0259r qurumlarda da ba\u015f verir.<\/p>\n<p>Az\u0259rbaycan\u0131n yeni ba\u015f nazirinin 62 ya\u015f\u0131 var. \u00c7ox t\u0259cr\u00fcb\u0259li iqtisad\u00e7\u0131d\u0131r &#8211; \u00f6lk\u0259nin \u0259n g\u00fccl\u00fc iqtisadi sahibl\u0259rind\u0259n biridir. Buna g\u00f6r\u0259 d\u0259 onun bel\u0259 y\u00fcks\u0259k v\u0259zif\u0259y\u0259 t\u0259yin olunmas\u0131, \u015f\u00fcbh\u0259siz ki, \u00f6lk\u0259 \u00fc\u00e7\u00fcn bir xeyirdir.<\/p>\n<p>\u018fminik ki, Az\u0259rbaycan\u0131n d\u00f6vl\u0259t idar\u0259\u00e7iliyind\u0259 islahatlar bundan sonra da davam ed\u0259c\u0259k. Onlar\u0131n m\u0259qs\u0259di idar\u0259etm\u0259nin s\u0259m\u0259r\u0259liliyini art\u0131rmaq, iqtisadi b\u00f6y\u00fcm\u0259ni laz\u0131mi s\u0259viyy\u0259d\u0259 t\u0259min etm\u0259k v\u0259 d\u00f6vl\u0259t qurumlar\u0131n\u0131n i\u015find\u0259 \u015f\u0259ffafl\u0131\u011fa nail olmaqd\u0131r.<\/p>\n<p>Y\u00fcks\u0259k v\u0259zif\u0259l\u0259r\u0259 t\u0259yinat prezidentin m\u0259murlara potensiallar\u0131n\u0131 realla\u015fd\u0131rmaq \u00fc\u00e7\u00fcn verdiyi bir \u015fansd\u0131r. D\u00f6vl\u0259t ba\u015f\u00e7\u0131s\u0131 onlar\u0131n qar\u015f\u0131s\u0131na d\u0259qiq tap\u015f\u0131r\u0131qlar, ayd\u0131n m\u0259qs\u0259dl\u0259r qoyur v\u0259 onlara \u00e7atmaq \u00fc\u00e7\u00fcn resurslar verir. Bir \u015f\u0259xs \u00f6hd\u0259sind\u0259n g\u0259lmirs\u0259, onu ba\u015fqa, daha effektli idaredici il\u0259 \u0259v\u0259z edirl\u0259r. Bu, iqtisadiyyat\u0131n v\u0259 c\u0259miyy\u0259tin u\u011furlu inki\u015faf\u0131 \u00fc\u00e7\u00fcn laz\u0131md\u0131r.<\/p>\n","protected":false},"excerpt":{"rendered":"<p>Az\u0259rbaycanda yeni Ba\u015f nazir t\u0259yin edilib. Novruz M\u0259mm\u0259dovun \u0259v\u0259zin\u0259 \u00f6lk\u0259nin h\u00f6kum\u0259tini Az\u0259rbaycan prezidentinin iqtisadi m\u0259s\u0259l\u0259l\u0259r \u00fczr\u0259 k\u00f6m\u0259k\u00e7isi \u018fli \u018fs\u0259dov r\u0259hb\u0259rlik ed\u0259c\u0259k. Yeni Ba\u015f nazirin namiz\u0259dliyini Milli M\u0259clis bu g\u00fcn ke\u00e7iril\u0259n plenar iclasda t\u0259sdiql\u0259yib. H\u00f6kum\u0259t ba\u015f\u00e7\u0131s\u0131n\u0131n d\u0259yi\u015fdirilm\u0259si Az\u0259rbaycan Prezidenti \u0130lham \u018fliyevin ke\u00e7irdiyi islahatlar\u0131n bir hiss\u0259sidir. S\u00f6hb\u0259t kadr islahatlar\u0131ndan, o c\u00fcml\u0259d\u0259n, h\u00f6kum\u0259tin cavanla\u015fd\u0131r\u0131lmas\u0131ndan gedir. Bununla \u0259laq\u0259dar son bir il yar\u0131m \u0259rzind\u0259 \u00f6lk\u0259d\u0259 nazirlik v\u0259 dig\u0259r idar\u0259l\u0259rin r\u0259hb\u0259rl\u0259ri daxil olmaqla m\u00fcvafiq kadr d\u0259yi\u015fiklikl\u0259ri ba\u015f verib. \u201c\u00d6n\u00fcm\u00fczd\u0259ki ill\u0259rd\u0259 i\u015f m\u00fchitinin yax\u015f\u0131la\u015fd\u0131r\u0131lmas\u0131 \u00fc\u00e7\u00fcn \u0259lav\u0259 add\u0131mlar at\u0131lacaq, iqtisadi islahatlar d\u0259rinl\u0259\u015f\u0259c\u0259k. \u0130qtisadi sah\u0259d\u0259 tam \u015f\u0259ffafl\u0131\u011f\u0131 t\u0259min etm\u0259k,&hellip;<\/p>\n","protected":false},"author":2,"featured_media":84238,"comment_status":"closed","ping_status":"closed","sticky":false,"template":"","format":"standard","meta":{"om_disable_all_campaigns":false,"_monsterinsights_skip_tracking":false,"_monsterinsights_sitenote_active":false,"_monsterinsights_sitenote_note":"","_monsterinsights_sitenote_category":0},"categories":[4],"tags":[],"aioseo_notices":[],"gutentor_comment":0,"rttpg_featured_image_url":{"full":["https:\/\/arantv.az\/wp-content\/uploads\/2019\/10\/FotoJet__1_-removebg-preview.jpg",601,401,false],"landscape":["https:\/\/arantv.az\/wp-content\/uploads\/2019\/10\/FotoJet__1_-removebg-preview.jpg",601,401,false],"portraits":["https:\/\/arantv.az\/wp-content\/uploads\/2019\/10\/FotoJet__1_-removebg-preview.jpg",601,401,false],"thumbnail":["https:\/\/arantv.az\/wp-content\/uploads\/2019\/10\/FotoJet__1_-removebg-preview-150x150.jpg",150,150,true],"medium":["https:\/\/arantv.az\/wp-content\/uploads\/2019\/10\/FotoJet__1_-removebg-preview-300x200.jpg",300,200,true],"large":["https:\/\/arantv.az\/wp-content\/uploads\/2019\/10\/FotoJet__1_-removebg-preview.jpg",601,401,false],"1536x1536":["https:\/\/arantv.az\/wp-content\/uploads\/2019\/10\/FotoJet__1_-removebg-preview.jpg",601,401,false],"2048x2048":["https:\/\/arantv.az\/wp-content\/uploads\/2019\/10\/FotoJet__1_-removebg-preview.jpg",601,401,false],"post-thumbnail":["https:\/\/arantv.az\/wp-content\/uploads\/2019\/10\/FotoJet__1_-removebg-preview-240x172.jpg",240,172,true],"advps-thumb-one":["https:\/\/arantv.az\/wp-content\/uploads\/2019\/10\/FotoJet__1_-removebg-preview.jpg",601,401,false]},"rttpg_author":{"display_name":"V\u00fcsal Rafiqo\u011flu","author_link":"https:\/\/arantv.az\/?author=2"},"rttpg_comment":0,"rttpg_category":"<a href=\"https:\/\/arantv.az\/?cat=4\" rel=\"category\">Siyas\u0259t<\/a>","rttpg_excerpt":"Az\u0259rbaycanda yeni Ba\u015f nazir t\u0259yin edilib. Novruz M\u0259mm\u0259dovun \u0259v\u0259zin\u0259 \u00f6lk\u0259nin h\u00f6kum\u0259tini Az\u0259rbaycan prezidentinin iqtisadi m\u0259s\u0259l\u0259l\u0259r \u00fczr\u0259 k\u00f6m\u0259k\u00e7isi \u018fli \u018fs\u0259dov r\u0259hb\u0259rlik ed\u0259c\u0259k. Yeni Ba\u015f nazirin namiz\u0259dliyini Milli M\u0259clis bu g\u00fcn ke\u00e7iril\u0259n plenar iclasda t\u0259sdiql\u0259yib. H\u00f6kum\u0259t ba\u015f\u00e7\u0131s\u0131n\u0131n d\u0259yi\u015fdirilm\u0259si Az\u0259rbaycan Prezidenti \u0130lham \u018fliyevin ke\u00e7irdiyi islahatlar\u0131n bir hiss\u0259sidir. S\u00f6hb\u0259t kadr islahatlar\u0131ndan, o c\u00fcml\u0259d\u0259n, h\u00f6kum\u0259tin cavanla\u015fd\u0131r\u0131lmas\u0131ndan gedir. Bununla \u0259laq\u0259dar son&hellip;","_links":{"self":[{"href":"https:\/\/arantv.az\/index.php?rest_route=\/wp\/v2\/posts\/84237"}],"collection":[{"href":"https:\/\/arantv.az\/index.php?rest_route=\/wp\/v2\/posts"}],"about":[{"href":"https:\/\/arantv.az\/index.php?rest_route=\/wp\/v2\/types\/post"}],"author":[{"embeddable":true,"href":"https:\/\/arantv.az\/index.php?rest_route=\/wp\/v2\/users\/2"}],"replies":[{"embeddable":true,"href":"https:\/\/arantv.az\/index.php?rest_route=%2Fwp%2Fv2%2Fcomments&post=84237"}],"version-history":[{"count":0,"href":"https:\/\/arantv.az\/index.php?rest_route=\/wp\/v2\/posts\/84237\/revisions"}],"wp:featuredmedia":[{"embeddable":true,"href":"https:\/\/arantv.az\/index.php?rest_route=\/wp\/v2\/media\/84238"}],"wp:attachment":[{"href":"https:\/\/arantv.az\/index.php?rest_route=%2Fwp%2Fv2%2Fmedia&parent=84237"}],"wp:term":[{"taxonomy":"category","embeddable":true,"href":"https:\/\/arantv.az\/index.php?rest_route=%2Fwp%2Fv2%2Fcategories&post=84237"},{"taxonomy":"post_tag","embeddable":true,"href":"https:\/\/arantv.az\/index.php?rest_route=%2Fwp%2Fv2%2Ftags&post=84237"}],"curies":[{"name":"wp","href":"https:\/\/api.w.org\/{rel}","templated":true}]}}