{"id":84253,"date":"2019-10-08T13:07:22","date_gmt":"2019-10-08T10:07:22","guid":{"rendered":"http:\/\/arantv.az\/?p=84253"},"modified":"2019-10-08T13:07:22","modified_gmt":"2019-10-08T10:07:22","slug":"das-karxanasinda-olum-darvaza-kisinin-basina-d%c9%99ydi","status":"publish","type":"post","link":"https:\/\/arantv.az\/?p=84253","title":{"rendered":"Da\u015f karxanas\u0131nda \u00f6l\u00fcm: darvaza ki\u015finin ba\u015f\u0131na d\u0259ydi"},"content":{"rendered":"<p>Bak\u0131da da\u015f karxanas\u0131nda b\u0259db\u0259xt hadis\u0259 ba\u015f verib.<\/p>\n<p><b>ARANTV.AZ\u00a0<\/b>x\u0259b\u0259r verir ki, hadis\u0259 Suraxan\u0131 rayonunda yerl\u0259\u015f\u0259n karxanalar\u0131n birind\u0259 qeyd\u0259 al\u0131n\u0131b.<\/p>\n<p>Bel\u0259 ki, 1968-ci il t\u0259v\u0259ll\u00fcdl\u00fc Bayramov Yusif H\u00fcseyn o\u011flu karxanan\u0131n darvazas\u0131n\u0131n qar\u015f\u0131s\u0131nda m\u00fcxt\u0259lif d\u0259r\u0259c\u0259li x\u0259sar\u0259tl\u0259rl\u0259 a\u015fkar edilib. O, x\u0259st\u0259xanaya \u00e7atd\u0131r\u0131lsa da, h\u0259yat\u0131n\u0131 xilas etm\u0259k m\u00fcmk\u00fcn olmay\u0131b.<\/p>\n<p>\u0130lkin m\u0259lumata g\u00f6r\u0259, Y.Bayramov iri y\u00fck avtoma\u015f\u0131nlar\u0131n giri\u015f-\u00e7\u0131x\u0131\u015f\u0131 \u00fc\u00e7\u00fcn n\u0259z\u0259rd\u0259 tutulan darvazan\u0131 r\u0259ng\u0259l\u0259m\u0259k ist\u0259y\u0259rk\u0259n qap\u0131 onun ba\u015f v\u0259 sif\u0259t hiss\u0259sin\u0259 d\u0259yib.<\/p>\n<p>Fakt ara\u015fd\u0131r\u0131l\u0131r.oxu.az<\/p>\n","protected":false},"excerpt":{"rendered":"<p>Bak\u0131da da\u015f karxanas\u0131nda b\u0259db\u0259xt hadis\u0259 ba\u015f verib. ARANTV.AZ\u00a0x\u0259b\u0259r verir ki, hadis\u0259 Suraxan\u0131 rayonunda yerl\u0259\u015f\u0259n karxanalar\u0131n birind\u0259 qeyd\u0259 al\u0131n\u0131b. Bel\u0259 ki, 1968-ci il t\u0259v\u0259ll\u00fcdl\u00fc Bayramov Yusif H\u00fcseyn o\u011flu karxanan\u0131n darvazas\u0131n\u0131n qar\u015f\u0131s\u0131nda m\u00fcxt\u0259lif d\u0259r\u0259c\u0259li x\u0259sar\u0259tl\u0259rl\u0259 a\u015fkar edilib. O, x\u0259st\u0259xanaya \u00e7atd\u0131r\u0131lsa da, h\u0259yat\u0131n\u0131 xilas etm\u0259k m\u00fcmk\u00fcn olmay\u0131b. \u0130lkin m\u0259lumata g\u00f6r\u0259, Y.Bayramov iri y\u00fck avtoma\u015f\u0131nlar\u0131n giri\u015f-\u00e7\u0131x\u0131\u015f\u0131 \u00fc\u00e7\u00fcn n\u0259z\u0259rd\u0259 tutulan darvazan\u0131 r\u0259ng\u0259l\u0259m\u0259k ist\u0259y\u0259rk\u0259n qap\u0131 onun ba\u015f v\u0259 sif\u0259t hiss\u0259sin\u0259 d\u0259yib. Fakt ara\u015fd\u0131r\u0131l\u0131r.oxu.az<\/p>\n","protected":false},"author":2,"featured_media":84254,"comment_status":"closed","ping_status":"closed","sticky":false,"template":"","format":"standard","meta":{"om_disable_all_campaigns":false,"_monsterinsights_skip_tracking":false,"_monsterinsights_sitenote_active":false,"_monsterinsights_sitenote_note":"","_monsterinsights_sitenote_category":0},"categories":[5],"tags":[],"aioseo_notices":[],"gutentor_comment":0,"rttpg_featured_image_url":{"full":["https:\/\/arantv.az\/wp-content\/uploads\/2019\/10\/karxana.jpg",620,336,false],"landscape":["https:\/\/arantv.az\/wp-content\/uploads\/2019\/10\/karxana.jpg",620,336,false],"portraits":["https:\/\/arantv.az\/wp-content\/uploads\/2019\/10\/karxana.jpg",620,336,false],"thumbnail":["https:\/\/arantv.az\/wp-content\/uploads\/2019\/10\/karxana-150x150.jpg",150,150,true],"medium":["https:\/\/arantv.az\/wp-content\/uploads\/2019\/10\/karxana-300x163.jpg",300,163,true],"large":["https:\/\/arantv.az\/wp-content\/uploads\/2019\/10\/karxana.jpg",620,336,false],"1536x1536":["https:\/\/arantv.az\/wp-content\/uploads\/2019\/10\/karxana.jpg",620,336,false],"2048x2048":["https:\/\/arantv.az\/wp-content\/uploads\/2019\/10\/karxana.jpg",620,336,false],"post-thumbnail":["https:\/\/arantv.az\/wp-content\/uploads\/2019\/10\/karxana-240x172.jpg",240,172,true],"advps-thumb-one":["https:\/\/arantv.az\/wp-content\/uploads\/2019\/10\/karxana.jpg",620,336,false]},"rttpg_author":{"display_name":"V\u00fcsal Rafiqo\u011flu","author_link":"https:\/\/arantv.az\/?author=2"},"rttpg_comment":0,"rttpg_category":"<a href=\"https:\/\/arantv.az\/?cat=5\" rel=\"category\">Hadis\u0259<\/a>","rttpg_excerpt":"Bak\u0131da da\u015f karxanas\u0131nda b\u0259db\u0259xt hadis\u0259 ba\u015f verib. ARANTV.AZ\u00a0x\u0259b\u0259r verir ki, hadis\u0259 Suraxan\u0131 rayonunda yerl\u0259\u015f\u0259n karxanalar\u0131n birind\u0259 qeyd\u0259 al\u0131n\u0131b. Bel\u0259 ki, 1968-ci il t\u0259v\u0259ll\u00fcdl\u00fc Bayramov Yusif H\u00fcseyn o\u011flu karxanan\u0131n darvazas\u0131n\u0131n qar\u015f\u0131s\u0131nda m\u00fcxt\u0259lif d\u0259r\u0259c\u0259li x\u0259sar\u0259tl\u0259rl\u0259 a\u015fkar edilib. O, x\u0259st\u0259xanaya \u00e7atd\u0131r\u0131lsa da, h\u0259yat\u0131n\u0131 xilas etm\u0259k m\u00fcmk\u00fcn olmay\u0131b. \u0130lkin m\u0259lumata g\u00f6r\u0259, Y.Bayramov iri y\u00fck avtoma\u015f\u0131nlar\u0131n giri\u015f-\u00e7\u0131x\u0131\u015f\u0131 \u00fc\u00e7\u00fcn n\u0259z\u0259rd\u0259 tutulan&hellip;","_links":{"self":[{"href":"https:\/\/arantv.az\/index.php?rest_route=\/wp\/v2\/posts\/84253"}],"collection":[{"href":"https:\/\/arantv.az\/index.php?rest_route=\/wp\/v2\/posts"}],"about":[{"href":"https:\/\/arantv.az\/index.php?rest_route=\/wp\/v2\/types\/post"}],"author":[{"embeddable":true,"href":"https:\/\/arantv.az\/index.php?rest_route=\/wp\/v2\/users\/2"}],"replies":[{"embeddable":true,"href":"https:\/\/arantv.az\/index.php?rest_route=%2Fwp%2Fv2%2Fcomments&post=84253"}],"version-history":[{"count":0,"href":"https:\/\/arantv.az\/index.php?rest_route=\/wp\/v2\/posts\/84253\/revisions"}],"wp:featuredmedia":[{"embeddable":true,"href":"https:\/\/arantv.az\/index.php?rest_route=\/wp\/v2\/media\/84254"}],"wp:attachment":[{"href":"https:\/\/arantv.az\/index.php?rest_route=%2Fwp%2Fv2%2Fmedia&parent=84253"}],"wp:term":[{"taxonomy":"category","embeddable":true,"href":"https:\/\/arantv.az\/index.php?rest_route=%2Fwp%2Fv2%2Fcategories&post=84253"},{"taxonomy":"post_tag","embeddable":true,"href":"https:\/\/arantv.az\/index.php?rest_route=%2Fwp%2Fv2%2Ftags&post=84253"}],"curies":[{"name":"wp","href":"https:\/\/api.w.org\/{rel}","templated":true}]}}