{"id":84261,"date":"2019-10-08T13:14:45","date_gmt":"2019-10-08T10:14:45","guid":{"rendered":"http:\/\/arantv.az\/?p=84261"},"modified":"2019-10-08T13:14:45","modified_gmt":"2019-10-08T10:14:45","slug":"az%c9%99rbaycan-turkiy%c9%99-v%c9%99-rusiya-uct%c9%99r%c9%99fli-%c9%99m%c9%99kdasliq-ucun-boyuk-potensiala-malikdir","status":"publish","type":"post","link":"https:\/\/arantv.az\/?p=84261","title":{"rendered":"Az\u0259rbaycan, T\u00fcrkiy\u0259 v\u0259 Rusiya \u00fc\u00e7t\u0259r\u0259fli \u0259m\u0259kda\u015fl\u0131q \u00fc\u00e7\u00fcn b\u00f6y\u00fck potensiala malikdir"},"content":{"rendered":"<blockquote><p><em><strong>Az\u0259rbaycan, T\u00fcrkiy\u0259 v\u0259 Rusiya siyas\u0259t v\u0259 iqtisadiyyat\u0131n m\u00fcxt\u0259lif sah\u0259l\u0259rind\u0259 \u00fc\u00e7t\u0259r\u0259fli \u0259m\u0259kda\u015fl\u0131\u011f\u0131n inki\u015faf\u0131 \u00fc\u00e7\u00fcn ciddi potensiala malikdir.<\/strong><\/em><\/p><\/blockquote>\n<p><strong>ARANTV.AZ<\/strong>\u00a0\u00a0<a href=\"https:\/\/az.trend.az\/\" target=\"_blank\" rel=\"noopener\">Trend<\/a>-\u0259 istinad\u0259n x\u0259b\u0259r verir ki, bunu T\u00fcrkiy\u0259 Prezidentinin yan\u0131nda T\u0259hl\u00fck\u0259sizlik v\u0259 Xarici Siyas\u0259t m\u0259s\u0259l\u0259l\u0259ri \u015euras\u0131n\u0131n \u00fczv\u00fc Mesut Hakk\u0131 Ca\u015fin Bak\u0131da Trend Beyn\u0259lxalq \u0130nformasiya Agentliyinin m\u0259tbuat m\u0259rk\u0259zind\u0259 ke\u00e7iril\u0259n &#8220;Az\u0259rbaycan-Rusiya-T\u00fcrkiy\u0259: siyasi dialoq, iqtisadiyyat, t\u0259hl\u00fck\u0259sizlik&#8221; m\u00f6vzusunda beyn\u0259lxalq konfrans zaman\u0131 deyib.<\/p>\n<p>O bildirib ki, bug\u00fcnk\u00fc g\u00fcn Bak\u0131, Ankara v\u0259 Moskva iqtisadiyyat\u0131n apar\u0131c\u0131 sah\u0259l\u0259ri v\u0259 enerji sah\u0259sind\u0259 u\u011furla \u0259m\u0259kda\u015fl\u0131q edir:<\/p>\n<p>&#8220;\u00d6lk\u0259l\u0259rimiz birg\u0259 layih\u0259l\u0259r realla\u015fd\u0131r\u0131r v\u0259 realla\u015fan layih\u0259l\u0259rin t\u0259hl\u00fck\u0259sizliyinin qarant\u0131 olaraq \u00fc\u00e7 \u00f6lk\u0259nin liderl\u0259ri \u00e7\u0131x\u0131\u015f edir. Hesab edir\u0259m ki, enerji sah\u0259sind\u0259 irimiqyasl\u0131 layih\u0259l\u0259rin realla\u015fd\u0131r\u0131lmas\u0131 b\u00f6y\u00fck \u0259h\u0259miyy\u0259t k\u0259sb etm\u0259y\u0259 ba\u015flay\u0131r v\u0259 bu, z\u0259min yarad\u0131r ki, \u00fc\u00e7 vacib \u00f6lk\u0259 Avropan\u0131n enerji x\u0259rit\u0259sini formala\u015fd\u0131rs\u0131n&#8221;.<\/p>\n<p>M.S.Ca\u015fin qeyd edib ki, \u00fc\u00e7t\u0259r\u0259fli \u0259m\u0259kda\u015fl\u0131q format\u0131 iqtisadi, siyasi v\u0259 t\u0259hl\u00fck\u0259sizlik sah\u0259l\u0259rind\u0259 s\u0131x \u0259m\u0259kda\u015fl\u0131q \u00fc\u00e7\u00fcn b\u00f6y\u00fck perspektivl\u0259r\u0259 malikdir.<\/p>\n","protected":false},"excerpt":{"rendered":"<p>Az\u0259rbaycan, T\u00fcrkiy\u0259 v\u0259 Rusiya siyas\u0259t v\u0259 iqtisadiyyat\u0131n m\u00fcxt\u0259lif sah\u0259l\u0259rind\u0259 \u00fc\u00e7t\u0259r\u0259fli \u0259m\u0259kda\u015fl\u0131\u011f\u0131n inki\u015faf\u0131 \u00fc\u00e7\u00fcn ciddi potensiala malikdir. ARANTV.AZ\u00a0\u00a0Trend-\u0259 istinad\u0259n x\u0259b\u0259r verir ki, bunu T\u00fcrkiy\u0259 Prezidentinin yan\u0131nda T\u0259hl\u00fck\u0259sizlik v\u0259 Xarici Siyas\u0259t m\u0259s\u0259l\u0259l\u0259ri \u015euras\u0131n\u0131n \u00fczv\u00fc Mesut Hakk\u0131 Ca\u015fin Bak\u0131da Trend Beyn\u0259lxalq \u0130nformasiya Agentliyinin m\u0259tbuat m\u0259rk\u0259zind\u0259 ke\u00e7iril\u0259n &#8220;Az\u0259rbaycan-Rusiya-T\u00fcrkiy\u0259: siyasi dialoq, iqtisadiyyat, t\u0259hl\u00fck\u0259sizlik&#8221; m\u00f6vzusunda beyn\u0259lxalq konfrans zaman\u0131 deyib. O bildirib ki, bug\u00fcnk\u00fc g\u00fcn Bak\u0131, Ankara v\u0259 Moskva iqtisadiyyat\u0131n apar\u0131c\u0131 sah\u0259l\u0259ri v\u0259 enerji sah\u0259sind\u0259 u\u011furla \u0259m\u0259kda\u015fl\u0131q edir: &#8220;\u00d6lk\u0259l\u0259rimiz birg\u0259 layih\u0259l\u0259r realla\u015fd\u0131r\u0131r v\u0259 realla\u015fan layih\u0259l\u0259rin t\u0259hl\u00fck\u0259sizliyinin qarant\u0131 olaraq \u00fc\u00e7 \u00f6lk\u0259nin liderl\u0259ri \u00e7\u0131x\u0131\u015f edir. Hesab edir\u0259m ki, enerji&hellip;<\/p>\n","protected":false},"author":2,"featured_media":84262,"comment_status":"closed","ping_status":"closed","sticky":false,"template":"","format":"standard","meta":{"om_disable_all_campaigns":false,"_monsterinsights_skip_tracking":false,"_monsterinsights_sitenote_active":false,"_monsterinsights_sitenote_note":"","_monsterinsights_sitenote_category":0},"categories":[4],"tags":[],"aioseo_notices":[],"gutentor_comment":0,"rttpg_featured_image_url":{"full":["https:\/\/arantv.az\/wp-content\/uploads\/2019\/10\/azerbaycan-rusiya-turkiye.jpg",800,600,false],"landscape":["https:\/\/arantv.az\/wp-content\/uploads\/2019\/10\/azerbaycan-rusiya-turkiye.jpg",800,600,false],"portraits":["https:\/\/arantv.az\/wp-content\/uploads\/2019\/10\/azerbaycan-rusiya-turkiye.jpg",800,600,false],"thumbnail":["https:\/\/arantv.az\/wp-content\/uploads\/2019\/10\/azerbaycan-rusiya-turkiye-150x150.jpg",150,150,true],"medium":["https:\/\/arantv.az\/wp-content\/uploads\/2019\/10\/azerbaycan-rusiya-turkiye-300x225.jpg",300,225,true],"large":["https:\/\/arantv.az\/wp-content\/uploads\/2019\/10\/azerbaycan-rusiya-turkiye.jpg",640,480,false],"1536x1536":["https:\/\/arantv.az\/wp-content\/uploads\/2019\/10\/azerbaycan-rusiya-turkiye.jpg",800,600,false],"2048x2048":["https:\/\/arantv.az\/wp-content\/uploads\/2019\/10\/azerbaycan-rusiya-turkiye.jpg",800,600,false],"post-thumbnail":["https:\/\/arantv.az\/wp-content\/uploads\/2019\/10\/azerbaycan-rusiya-turkiye-240x172.jpg",240,172,true],"advps-thumb-one":["https:\/\/arantv.az\/wp-content\/uploads\/2019\/10\/azerbaycan-rusiya-turkiye.jpg",800,600,false]},"rttpg_author":{"display_name":"V\u00fcsal Rafiqo\u011flu","author_link":"https:\/\/arantv.az\/?author=2"},"rttpg_comment":0,"rttpg_category":"<a href=\"https:\/\/arantv.az\/?cat=4\" rel=\"category\">Siyas\u0259t<\/a>","rttpg_excerpt":"Az\u0259rbaycan, T\u00fcrkiy\u0259 v\u0259 Rusiya siyas\u0259t v\u0259 iqtisadiyyat\u0131n m\u00fcxt\u0259lif sah\u0259l\u0259rind\u0259 \u00fc\u00e7t\u0259r\u0259fli \u0259m\u0259kda\u015fl\u0131\u011f\u0131n inki\u015faf\u0131 \u00fc\u00e7\u00fcn ciddi potensiala malikdir. ARANTV.AZ\u00a0\u00a0Trend-\u0259 istinad\u0259n x\u0259b\u0259r verir ki, bunu T\u00fcrkiy\u0259 Prezidentinin yan\u0131nda T\u0259hl\u00fck\u0259sizlik v\u0259 Xarici Siyas\u0259t m\u0259s\u0259l\u0259l\u0259ri \u015euras\u0131n\u0131n \u00fczv\u00fc Mesut Hakk\u0131 Ca\u015fin Bak\u0131da Trend Beyn\u0259lxalq \u0130nformasiya Agentliyinin m\u0259tbuat m\u0259rk\u0259zind\u0259 ke\u00e7iril\u0259n &#8220;Az\u0259rbaycan-Rusiya-T\u00fcrkiy\u0259: siyasi dialoq, iqtisadiyyat, t\u0259hl\u00fck\u0259sizlik&#8221; m\u00f6vzusunda beyn\u0259lxalq konfrans zaman\u0131 deyib. O bildirib&hellip;","_links":{"self":[{"href":"https:\/\/arantv.az\/index.php?rest_route=\/wp\/v2\/posts\/84261"}],"collection":[{"href":"https:\/\/arantv.az\/index.php?rest_route=\/wp\/v2\/posts"}],"about":[{"href":"https:\/\/arantv.az\/index.php?rest_route=\/wp\/v2\/types\/post"}],"author":[{"embeddable":true,"href":"https:\/\/arantv.az\/index.php?rest_route=\/wp\/v2\/users\/2"}],"replies":[{"embeddable":true,"href":"https:\/\/arantv.az\/index.php?rest_route=%2Fwp%2Fv2%2Fcomments&post=84261"}],"version-history":[{"count":0,"href":"https:\/\/arantv.az\/index.php?rest_route=\/wp\/v2\/posts\/84261\/revisions"}],"wp:featuredmedia":[{"embeddable":true,"href":"https:\/\/arantv.az\/index.php?rest_route=\/wp\/v2\/media\/84262"}],"wp:attachment":[{"href":"https:\/\/arantv.az\/index.php?rest_route=%2Fwp%2Fv2%2Fmedia&parent=84261"}],"wp:term":[{"taxonomy":"category","embeddable":true,"href":"https:\/\/arantv.az\/index.php?rest_route=%2Fwp%2Fv2%2Fcategories&post=84261"},{"taxonomy":"post_tag","embeddable":true,"href":"https:\/\/arantv.az\/index.php?rest_route=%2Fwp%2Fv2%2Ftags&post=84261"}],"curies":[{"name":"wp","href":"https:\/\/api.w.org\/{rel}","templated":true}]}}