{"id":843751,"date":"2026-03-08T17:38:21","date_gmt":"2026-03-08T13:38:21","guid":{"rendered":"https:\/\/arantv.az\/?p=843751"},"modified":"2026-03-08T17:38:21","modified_gmt":"2026-03-08T13:38:21","slug":"heyd%c9%99r-%c9%99liyevin-1992-ci-ild%c9%99-irana-muraci%c9%99ti-naxcivana-bigan%c9%99-qalmaq-t%c9%99%c9%99ssuf-dogururvideo","status":"publish","type":"post","link":"https:\/\/arantv.az\/?p=843751","title":{"rendered":"Heyd\u0259r \u018fliyevin 1992-ci ild\u0259 \u0130rana m\u00fcraci\u0259ti: \u201cNax\u00e7\u0131vana bigan\u0259 qalmaq t\u0259\u0259ss\u00fcf do\u011furur\u201dV\u0130DEO"},"content":{"rendered":"<p><strong>M\u0259rhum prezident Heyd\u0259r \u018fliyevin 1992-ci ilin may ay\u0131nda \u0130rana \u00fcnvanlad\u0131\u011f\u0131 tarixi m\u00fcraci\u0259t yay\u0131l\u0131b.<\/strong><\/p>\n<p><strong>Musavat.com<\/strong>-un x\u0259b\u0259rin\u0259 g\u00f6r\u0259, Ulu \u00d6nd\u0259r h\u0259min m\u00fcraci\u0259tind\u0259 bildirib ki, o vaxt 57 \u00f6lk\u0259 Erm\u0259nistan\u0131n Nax\u00e7\u0131vana h\u0259rbi h\u00fccumunu r\u0259smi \u015f\u0259kild\u0259 pisl\u0259mi\u015f, ciddi b\u0259yanatlar vermi\u015fdi. Lakin qon\u015fumuz olan \u0130ran bu m\u0259s\u0259l\u0259 il\u0259 ba\u011fl\u0131 r\u0259smi m\u00fcnasib\u0259t bildirm\u0259yib.<\/p>\n<p>\u201cM\u0259n \u00fcz\u00fcm\u00fc din v\u0259 qan qarda\u015f\u0131m\u0131z m\u00fcs\u0259lmanlara, \u0130ran h\u00f6kum\u0259tinin r\u0259hb\u0259rl\u0259rin\u0259 tuturam v\u0259 deyir\u0259m ki, \u0130ran\u0131n yax\u0131nl\u0131\u011f\u0131ndak\u0131 Nax\u00e7\u0131vanda 5 g\u00fcnd\u0259 ba\u015f ver\u0259n m\u00fcharib\u0259y\u0259 bigan\u0259 qalmaq t\u0259\u0259ss\u00fcf do\u011furur v\u0259 t\u0259cc\u00fcbl\u0259ndirir\u201d, &#8211; Heyd\u0259r \u018fliyev deyib.<\/p>\n<div id=\"jwplayer_video_1\" class=\"jwplayer jw-reset jw-state-idle jw-skin-seven jw-stretch-uniform jw-breakpoint-4 jw-flag-user-inactive\" tabindex=\"0\">\n<div class=\"jw-media jw-reset\"><\/div>\n<div class=\"jw-preview jw-reset\"><\/div>\n<div class=\"jw-overlays jw-reset\">\n<div id=\"jwplayer_video_1_jwpsrv\" class=\"jw-plugin jw-reset\"><\/div>\n<div id=\"jwplayer_video_1_related\" class=\"jw-plugin jw-reset jw-plugin-related\"><\/div>\n<\/div>\n<div class=\"jw-controls jw-reset\">\n<div class=\"jw-display-icon-container jw-background-color jw-reset\">\n<div class=\"jw-icon jw-icon-display jw-button-color jw-reset\" tabindex=\"0\" role=\"button\" aria-label=\"Start playback\"><\/div>\n<\/div>\n<div class=\"jw-controls-right jw-reset\">\n<div class=\"jw-dock jw-reset\"><\/div>\n<\/div>\n<div class=\"jw-nextup-container jw-reset\">\n<div class=\"jw-nextup jw-reset\">\n<div class=\"jw-nextup-tooltip jw-reset\">\n<div class=\"jw-nextup-header jw-reset\"><\/div>\n<div class=\"jw-nextup-body jw-background-color jw-reset\">\n<div class=\"jw-nextup-title jw-reset\"><\/div>\n<\/div>\n<\/div>\n<p><button class=\"jw-nextup-close\" aria-label=\"Next Up Close\"><\/button><\/div>\n<\/div>\n<\/div>\n<div class=\"afs_ads\"><\/div>\n<\/div>\n<p><strong>Qeyd ed\u0259k ki,<\/strong>\u00a01992-ci ilin may ay\u0131nda Erm\u0259nistan silahl\u0131 q\u00fcvv\u0259l\u0259ri S\u0259d\u0259r\u0259k istiqam\u0259tind\u0259 v\u0259 dem\u0259k olar ki, b\u00fct\u00fcn s\u0259rh\u0259d x\u0259tti boyunca Nax\u00e7\u0131van Muxtar Respublikas\u0131na h\u00fccum etmi\u015fdi. Bak\u0131dak\u0131 ciddi siyasi b\u00f6hrandan h\u0259v\u0259sl\u0259n\u0259n erm\u0259ni t\u0259r\u0259fi Nax\u00e7\u0131vana h\u00fccumun ilk g\u00fcn\u00fcnd\u0259 S\u0259d\u0259r\u0259kd\u0259 b\u0259zi m\u00f6vqel\u0259ri \u0259l\u0259 ke\u00e7ir\u0259r\u0259k h\u00fccumlar\u0131n\u0131 davam etdirm\u0259y\u0259 \u00e7al\u0131\u015fm\u0131\u015fd\u0131. M\u0259qs\u0259d Nax\u00e7\u0131van\u0131 T\u00fcrkiy\u0259 il\u0259 birl\u0259\u015fdir\u0259c\u0259k strateji m\u0259nt\u0259q\u0259ni n\u0259zar\u0259t\u0259 g\u00f6t\u00fcrm\u0259k idi. Nax\u00e7\u0131van\u0131 m\u00fcdafi\u0259 ed\u0259nl\u0259rd\u0259n 15-i \u015f\u0259hid olmu\u015fdu, xeyli sayda yaralanan var idi.<\/p>\n<p>O zaman Nax\u00e7\u0131van Muxtar Respublikas\u0131 Ali M\u0259clisinin s\u0259dri\u00a0v\u0259zif\u0259sini icra ed\u0259n Heyd\u0259r \u018fliyevin ciddi siyasi, diplomatik f\u0259aliyy\u0259ti n\u0259tic\u0259sind\u0259 v\u0259ziyy\u0259t stabill\u0259\u015fdirildi. Erm\u0259ni t\u0259cav\u00fcz\u00fcn\u0259 qar\u015f\u0131 ciddi diplomatik sava\u015f a\u00e7\u0131ld\u0131, d\u00fcnya medias\u0131n\u0131n diqq\u0259ti Nax\u00e7\u0131vana y\u00f6n\u0259ldildi v\u0259 b\u00f6lg\u0259y\u0259 qar\u015f\u0131 m\u0259krli planlar\u0131n qar\u015f\u0131s\u0131 al\u0131nd\u0131. Erm\u0259nistan ilk d\u0259f\u0259 diplomatik v\u0259 t\u0259bli\u011fat sah\u0259sind\u0259 1992-ci ilin may\u0131nda Nax\u00e7\u0131vanda Heyd\u0259r \u018fliyev\u0259 m\u0259\u011flub oldu. Bir \u00e7ox d\u00f6vl\u0259t v\u0259 beyn\u0259lxalq t\u0259\u015fkilatlar Nax\u00e7\u0131vana h\u00fccumlar\u0131 pisl\u0259di.<\/p>\n<p>Meydanda is\u0259 Ulu \u00d6nd\u0259rin ilk d\u0259f\u0259 Nax\u00e7\u0131vanda \u0259sas\u0131n\u0131 qoydu\u011fu milli silahl\u0131 q\u00fcvv\u0259l\u0259r may\u0131n 18-d\u0259 itirilmi\u015f m\u00f6vqel\u0259ri d\u00fc\u015fm\u0259nd\u0259n geri ald\u0131. Erm\u0259nistan ordusu ciddi itkil\u0259rl\u0259 \u00fczl\u0259\u015fdi, \u0259n \u0259sas\u0131 is\u0259 S\u0259d\u0259r\u0259k kimi strateji m\u0259kan \u2013 T\u00fcrk d\u00fcnyas\u0131n\u0131n qap\u0131s\u0131 \u2013 Az\u0259rbaycan d\u00f6vl\u0259tinin n\u0259zar\u0259ti alt\u0131nda qald\u0131.<\/p>\n<p>28 may 1992-ci ild\u0259 is\u0259 T\u00fcrkiy\u0259nin ba\u015f naziri S\u00fcleyman D\u0259mir\u0259l v\u0259 Heyd\u0259r \u018fliyevin i\u015ftirak\u0131 il\u0259 Nax\u00e7\u0131van\u0131 T\u00fcrkiy\u0259 il\u0259 birl\u0259\u015fdir\u0259n \u201c\u00dcmid\u201d k\u00f6rp\u00fcs\u00fc a\u00e7\u0131ld\u0131.<\/p>\n","protected":false},"excerpt":{"rendered":"<p>M\u0259rhum prezident Heyd\u0259r \u018fliyevin 1992-ci ilin may ay\u0131nda \u0130rana \u00fcnvanlad\u0131\u011f\u0131 tarixi m\u00fcraci\u0259t yay\u0131l\u0131b. Musavat.com-un x\u0259b\u0259rin\u0259 g\u00f6r\u0259, Ulu \u00d6nd\u0259r h\u0259min m\u00fcraci\u0259tind\u0259 bildirib ki, o vaxt 57 \u00f6lk\u0259 Erm\u0259nistan\u0131n Nax\u00e7\u0131vana h\u0259rbi h\u00fccumunu r\u0259smi \u015f\u0259kild\u0259 pisl\u0259mi\u015f, ciddi b\u0259yanatlar vermi\u015fdi. Lakin qon\u015fumuz olan \u0130ran bu m\u0259s\u0259l\u0259 il\u0259 ba\u011fl\u0131 r\u0259smi m\u00fcnasib\u0259t bildirm\u0259yib. \u201cM\u0259n \u00fcz\u00fcm\u00fc din v\u0259 qan qarda\u015f\u0131m\u0131z m\u00fcs\u0259lmanlara, \u0130ran h\u00f6kum\u0259tinin r\u0259hb\u0259rl\u0259rin\u0259 tuturam v\u0259 deyir\u0259m ki, \u0130ran\u0131n yax\u0131nl\u0131\u011f\u0131ndak\u0131 Nax\u00e7\u0131vanda 5 g\u00fcnd\u0259 ba\u015f ver\u0259n m\u00fcharib\u0259y\u0259 bigan\u0259 qalmaq t\u0259\u0259ss\u00fcf do\u011furur v\u0259 t\u0259cc\u00fcbl\u0259ndirir\u201d, &#8211; Heyd\u0259r \u018fliyev deyib. Qeyd ed\u0259k ki,\u00a01992-ci ilin may ay\u0131nda Erm\u0259nistan silahl\u0131 q\u00fcvv\u0259l\u0259ri S\u0259d\u0259r\u0259k istiqam\u0259tind\u0259&hellip;<\/p>\n","protected":false},"author":2,"featured_media":843752,"comment_status":"closed","ping_status":"closed","sticky":false,"template":"","format":"standard","meta":{"om_disable_all_campaigns":false,"_monsterinsights_skip_tracking":false,"_monsterinsights_sitenote_active":false,"_monsterinsights_sitenote_note":"","_monsterinsights_sitenote_category":0},"categories":[19],"tags":[],"aioseo_notices":[],"gutentor_comment":0,"rttpg_featured_image_url":{"full":["https:\/\/arantv.az\/wp-content\/uploads\/2026\/03\/87d91d91ea459f02a5746cf409c25ccb.jpg",870,500,false],"landscape":["https:\/\/arantv.az\/wp-content\/uploads\/2026\/03\/87d91d91ea459f02a5746cf409c25ccb.jpg",870,500,false],"portraits":["https:\/\/arantv.az\/wp-content\/uploads\/2026\/03\/87d91d91ea459f02a5746cf409c25ccb.jpg",870,500,false],"thumbnail":["https:\/\/arantv.az\/wp-content\/uploads\/2026\/03\/87d91d91ea459f02a5746cf409c25ccb-500x280.jpg",500,280,true],"medium":["https:\/\/arantv.az\/wp-content\/uploads\/2026\/03\/87d91d91ea459f02a5746cf409c25ccb-635x365.jpg",635,365,true],"large":["https:\/\/arantv.az\/wp-content\/uploads\/2026\/03\/87d91d91ea459f02a5746cf409c25ccb-840x483.jpg",640,368,true],"1536x1536":["https:\/\/arantv.az\/wp-content\/uploads\/2026\/03\/87d91d91ea459f02a5746cf409c25ccb.jpg",870,500,false],"2048x2048":["https:\/\/arantv.az\/wp-content\/uploads\/2026\/03\/87d91d91ea459f02a5746cf409c25ccb.jpg",870,500,false],"post-thumbnail":["https:\/\/arantv.az\/wp-content\/uploads\/2026\/03\/87d91d91ea459f02a5746cf409c25ccb-240x172.jpg",240,172,true],"advps-thumb-one":["https:\/\/arantv.az\/wp-content\/uploads\/2026\/03\/87d91d91ea459f02a5746cf409c25ccb.jpg",870,500,false]},"rttpg_author":{"display_name":"V\u00fcsal Rafiqo\u011flu","author_link":"https:\/\/arantv.az\/?author=2"},"rttpg_comment":0,"rttpg_category":"<a href=\"https:\/\/arantv.az\/?cat=19\" rel=\"category\">G\u00fcnd\u0259m<\/a>","rttpg_excerpt":"M\u0259rhum prezident Heyd\u0259r \u018fliyevin 1992-ci ilin may ay\u0131nda \u0130rana \u00fcnvanlad\u0131\u011f\u0131 tarixi m\u00fcraci\u0259t yay\u0131l\u0131b. Musavat.com-un x\u0259b\u0259rin\u0259 g\u00f6r\u0259, Ulu \u00d6nd\u0259r h\u0259min m\u00fcraci\u0259tind\u0259 bildirib ki, o vaxt 57 \u00f6lk\u0259 Erm\u0259nistan\u0131n Nax\u00e7\u0131vana h\u0259rbi h\u00fccumunu r\u0259smi \u015f\u0259kild\u0259 pisl\u0259mi\u015f, ciddi b\u0259yanatlar vermi\u015fdi. Lakin qon\u015fumuz olan \u0130ran bu m\u0259s\u0259l\u0259 il\u0259 ba\u011fl\u0131 r\u0259smi m\u00fcnasib\u0259t bildirm\u0259yib. \u201cM\u0259n \u00fcz\u00fcm\u00fc din v\u0259 qan qarda\u015f\u0131m\u0131z m\u00fcs\u0259lmanlara, \u0130ran&hellip;","_links":{"self":[{"href":"https:\/\/arantv.az\/index.php?rest_route=\/wp\/v2\/posts\/843751"}],"collection":[{"href":"https:\/\/arantv.az\/index.php?rest_route=\/wp\/v2\/posts"}],"about":[{"href":"https:\/\/arantv.az\/index.php?rest_route=\/wp\/v2\/types\/post"}],"author":[{"embeddable":true,"href":"https:\/\/arantv.az\/index.php?rest_route=\/wp\/v2\/users\/2"}],"replies":[{"embeddable":true,"href":"https:\/\/arantv.az\/index.php?rest_route=%2Fwp%2Fv2%2Fcomments&post=843751"}],"version-history":[{"count":1,"href":"https:\/\/arantv.az\/index.php?rest_route=\/wp\/v2\/posts\/843751\/revisions"}],"predecessor-version":[{"id":843753,"href":"https:\/\/arantv.az\/index.php?rest_route=\/wp\/v2\/posts\/843751\/revisions\/843753"}],"wp:featuredmedia":[{"embeddable":true,"href":"https:\/\/arantv.az\/index.php?rest_route=\/wp\/v2\/media\/843752"}],"wp:attachment":[{"href":"https:\/\/arantv.az\/index.php?rest_route=%2Fwp%2Fv2%2Fmedia&parent=843751"}],"wp:term":[{"taxonomy":"category","embeddable":true,"href":"https:\/\/arantv.az\/index.php?rest_route=%2Fwp%2Fv2%2Fcategories&post=843751"},{"taxonomy":"post_tag","embeddable":true,"href":"https:\/\/arantv.az\/index.php?rest_route=%2Fwp%2Fv2%2Ftags&post=843751"}],"curies":[{"name":"wp","href":"https:\/\/api.w.org\/{rel}","templated":true}]}}