{"id":843771,"date":"2026-03-08T22:09:06","date_gmt":"2026-03-08T18:09:06","guid":{"rendered":"https:\/\/arantv.az\/?p=843771"},"modified":"2026-03-08T22:09:06","modified_gmt":"2026-03-08T18:09:06","slug":"bu-gun-ilk-q%c9%99dr-gec%c9%99sidir-5","status":"publish","type":"post","link":"https:\/\/arantv.az\/?p=843771","title":{"rendered":"Bu g\u00fcn ilk Q\u0259dr GEC\u018fS\u0130D\u0130R"},"content":{"rendered":"<p><strong>Bu gec\u0259 Az\u0259rbaycanda Ramazan ay\u0131n\u0131n ilk Q\u0259dr (\u0259hya) gec\u0259sidir.<\/strong><\/p>\n<p><strong>Musavat.com<\/strong>\u00a0x\u0259b\u0259r verir ki, ikinci Q\u0259dr gec\u0259si mart\u0131n 10-da, \u00fc\u00e7\u00fcnc\u00fcs\u00fc 12, sonuncusu is\u0259 16-da olacaq.<\/p>\n<p>\u015e\u0259vval ay\u0131n\u0131n 1-i (mart\u0131n 20-si) Az\u0259rbaycanda Ramazan (Fitr) bayram\u0131 qeyd olunacaq. Nazirl\u0259r Kabinetinin m\u00fcvafiq q\u0259rar\u0131na \u0259sas\u0259n mart\u0131n 20, 21-i Az\u0259rbaycanda Ramazan bayram\u0131d\u0131r.<\/p>\n<p>Qeyd ed\u0259k ki, m\u0259rh\u0259m\u0259t v\u0259 \u015f\u0259fq\u0259t ay\u0131 olan m\u00fcq\u0259dd\u0259s Ramazan ay\u0131 \u0259rzind\u0259 iftar s\u00fcfr\u0259l\u0259ri a\u00e7maq, yard\u0131m v\u0259 xeyriyy\u0259\u00e7ilik etm\u0259k, ehtiyac\u0131 olanlara, kims\u0259siz insanlara, u\u015faq evl\u0259rin\u0259, ah\u0131l v\u0259 qocalara imkan daxilind\u0259 k\u00f6m\u0259klik g\u00f6st\u0259rm\u0259k Allah n\u0259z\u0259rind\u0259 b\u0259y\u0259nil\u0259n \u0259m\u0259ll\u0259rd\u0259ndir. Quran tilav\u0259ti, valideynl\u0259rin qay\u011f\u0131s\u0131na qalmaq, d\u00fcnyas\u0131n\u0131 d\u0259yi\u015f\u0259nl\u0259rin ruhlar\u0131n\u0131 yad etm\u0259k, elm-irfan v\u0259 ibad\u0259tl\u0259 m\u0259\u015f\u011ful olmaq bu ayda \u0259n b\u00f6y\u00fck savab \u0259m\u0259ll\u0259rd\u0259n say\u0131l\u0131r.<\/p>\n","protected":false},"excerpt":{"rendered":"<p>Bu gec\u0259 Az\u0259rbaycanda Ramazan ay\u0131n\u0131n ilk Q\u0259dr (\u0259hya) gec\u0259sidir. Musavat.com\u00a0x\u0259b\u0259r verir ki, ikinci Q\u0259dr gec\u0259si mart\u0131n 10-da, \u00fc\u00e7\u00fcnc\u00fcs\u00fc 12, sonuncusu is\u0259 16-da olacaq. \u015e\u0259vval ay\u0131n\u0131n 1-i (mart\u0131n 20-si) Az\u0259rbaycanda Ramazan (Fitr) bayram\u0131 qeyd olunacaq. Nazirl\u0259r Kabinetinin m\u00fcvafiq q\u0259rar\u0131na \u0259sas\u0259n mart\u0131n 20, 21-i Az\u0259rbaycanda Ramazan bayram\u0131d\u0131r. Qeyd ed\u0259k ki, m\u0259rh\u0259m\u0259t v\u0259 \u015f\u0259fq\u0259t ay\u0131 olan m\u00fcq\u0259dd\u0259s Ramazan ay\u0131 \u0259rzind\u0259 iftar s\u00fcfr\u0259l\u0259ri a\u00e7maq, yard\u0131m v\u0259 xeyriyy\u0259\u00e7ilik etm\u0259k, ehtiyac\u0131 olanlara, kims\u0259siz insanlara, u\u015faq evl\u0259rin\u0259, ah\u0131l v\u0259 qocalara imkan daxilind\u0259 k\u00f6m\u0259klik g\u00f6st\u0259rm\u0259k Allah n\u0259z\u0259rind\u0259 b\u0259y\u0259nil\u0259n \u0259m\u0259ll\u0259rd\u0259ndir. Quran tilav\u0259ti, valideynl\u0259rin qay\u011f\u0131s\u0131na qalmaq, d\u00fcnyas\u0131n\u0131 d\u0259yi\u015f\u0259nl\u0259rin ruhlar\u0131n\u0131 yad&hellip;<\/p>\n","protected":false},"author":2,"featured_media":843773,"comment_status":"closed","ping_status":"closed","sticky":false,"template":"","format":"standard","meta":{"om_disable_all_campaigns":false,"_monsterinsights_skip_tracking":false,"_monsterinsights_sitenote_active":false,"_monsterinsights_sitenote_note":"","_monsterinsights_sitenote_category":0},"categories":[27,25],"tags":[],"aioseo_notices":[],"gutentor_comment":0,"rttpg_featured_image_url":{"full":["https:\/\/arantv.az\/wp-content\/uploads\/2026\/03\/86f4852e19c768a49b8dff4b37f824e4.jpg",870,500,false],"landscape":["https:\/\/arantv.az\/wp-content\/uploads\/2026\/03\/86f4852e19c768a49b8dff4b37f824e4.jpg",870,500,false],"portraits":["https:\/\/arantv.az\/wp-content\/uploads\/2026\/03\/86f4852e19c768a49b8dff4b37f824e4.jpg",870,500,false],"thumbnail":["https:\/\/arantv.az\/wp-content\/uploads\/2026\/03\/86f4852e19c768a49b8dff4b37f824e4-500x280.jpg",500,280,true],"medium":["https:\/\/arantv.az\/wp-content\/uploads\/2026\/03\/86f4852e19c768a49b8dff4b37f824e4-635x365.jpg",635,365,true],"large":["https:\/\/arantv.az\/wp-content\/uploads\/2026\/03\/86f4852e19c768a49b8dff4b37f824e4-840x483.jpg",640,368,true],"1536x1536":["https:\/\/arantv.az\/wp-content\/uploads\/2026\/03\/86f4852e19c768a49b8dff4b37f824e4.jpg",870,500,false],"2048x2048":["https:\/\/arantv.az\/wp-content\/uploads\/2026\/03\/86f4852e19c768a49b8dff4b37f824e4.jpg",870,500,false],"post-thumbnail":["https:\/\/arantv.az\/wp-content\/uploads\/2026\/03\/86f4852e19c768a49b8dff4b37f824e4-240x172.jpg",240,172,true],"advps-thumb-one":["https:\/\/arantv.az\/wp-content\/uploads\/2026\/03\/86f4852e19c768a49b8dff4b37f824e4.jpg",870,500,false]},"rttpg_author":{"display_name":"V\u00fcsal Rafiqo\u011flu","author_link":"https:\/\/arantv.az\/?author=2"},"rttpg_comment":0,"rttpg_category":"<a href=\"https:\/\/arantv.az\/?cat=27\" rel=\"category\">\u0130SLAM<\/a> <a href=\"https:\/\/arantv.az\/?cat=25\" rel=\"category\">Ramazan<\/a>","rttpg_excerpt":"Bu gec\u0259 Az\u0259rbaycanda Ramazan ay\u0131n\u0131n ilk Q\u0259dr (\u0259hya) gec\u0259sidir. Musavat.com\u00a0x\u0259b\u0259r verir ki, ikinci Q\u0259dr gec\u0259si mart\u0131n 10-da, \u00fc\u00e7\u00fcnc\u00fcs\u00fc 12, sonuncusu is\u0259 16-da olacaq. \u015e\u0259vval ay\u0131n\u0131n 1-i (mart\u0131n 20-si) Az\u0259rbaycanda Ramazan (Fitr) bayram\u0131 qeyd olunacaq. Nazirl\u0259r Kabinetinin m\u00fcvafiq q\u0259rar\u0131na \u0259sas\u0259n mart\u0131n 20, 21-i Az\u0259rbaycanda Ramazan bayram\u0131d\u0131r. Qeyd ed\u0259k ki, m\u0259rh\u0259m\u0259t v\u0259 \u015f\u0259fq\u0259t ay\u0131 olan m\u00fcq\u0259dd\u0259s Ramazan&hellip;","_links":{"self":[{"href":"https:\/\/arantv.az\/index.php?rest_route=\/wp\/v2\/posts\/843771"}],"collection":[{"href":"https:\/\/arantv.az\/index.php?rest_route=\/wp\/v2\/posts"}],"about":[{"href":"https:\/\/arantv.az\/index.php?rest_route=\/wp\/v2\/types\/post"}],"author":[{"embeddable":true,"href":"https:\/\/arantv.az\/index.php?rest_route=\/wp\/v2\/users\/2"}],"replies":[{"embeddable":true,"href":"https:\/\/arantv.az\/index.php?rest_route=%2Fwp%2Fv2%2Fcomments&post=843771"}],"version-history":[{"count":1,"href":"https:\/\/arantv.az\/index.php?rest_route=\/wp\/v2\/posts\/843771\/revisions"}],"predecessor-version":[{"id":843774,"href":"https:\/\/arantv.az\/index.php?rest_route=\/wp\/v2\/posts\/843771\/revisions\/843774"}],"wp:featuredmedia":[{"embeddable":true,"href":"https:\/\/arantv.az\/index.php?rest_route=\/wp\/v2\/media\/843773"}],"wp:attachment":[{"href":"https:\/\/arantv.az\/index.php?rest_route=%2Fwp%2Fv2%2Fmedia&parent=843771"}],"wp:term":[{"taxonomy":"category","embeddable":true,"href":"https:\/\/arantv.az\/index.php?rest_route=%2Fwp%2Fv2%2Fcategories&post=843771"},{"taxonomy":"post_tag","embeddable":true,"href":"https:\/\/arantv.az\/index.php?rest_route=%2Fwp%2Fv2%2Ftags&post=843771"}],"curies":[{"name":"wp","href":"https:\/\/api.w.org\/{rel}","templated":true}]}}