{"id":843779,"date":"2026-03-08T22:11:39","date_gmt":"2026-03-08T18:11:39","guid":{"rendered":"https:\/\/arantv.az\/?p=843779"},"modified":"2026-03-08T22:11:39","modified_gmt":"2026-03-08T18:11:39","slug":"ramazanin-on-doqquzuncu-gununun-duasi-imsak-v%c9%99-iftar-vaxti","status":"publish","type":"post","link":"https:\/\/arantv.az\/?p=843779","title":{"rendered":"Ramazan\u0131n on doqquzuncu g\u00fcn\u00fcn\u00fcn duas\u0131 &#8211; \u0130msak v\u0259 iftar vaxt\u0131"},"content":{"rendered":"<p>Sabah Ramazan ay\u0131n\u0131n on doqquzuncu g\u00fcn\u00fcd\u00fcr.<\/p>\n<p><strong>\u201c\u0130ki sahil\u201d x\u0259b\u0259r verir ki,<\/strong>\u00a0Qafqaz M\u00fcs\u0259lmanlar\u0131 \u0130dar\u0259sinin a\u00e7\u0131qlad\u0131\u011f\u0131 ramazan t\u0259qvimin\u0259 \u0259sas\u0259n,\u00a0imsak vaxt\u0131 05:36-ya, iftar is\u0259 18:55-\u0259 t\u0259yin olunub.<\/p>\n<p><strong>On doqquzuncu g\u00fcn\u00fcn imsak duas\u0131:<\/strong><\/p>\n<p>\u201cAllahumm\u0259 v\u0259ffir fihi h\u0259zzi min b\u0259r\u0259katih. V\u0259 s\u0259hhil s\u0259bili ila xeyratih. V\u0259 la t\u0259hrimni q\u0259bul\u0259 h\u0259s\u0259natih. Ya hadiy\u0259n il\u0259l-h\u0259qqil-mubin\u201d.<\/p>\n<p><strong><em>T\u0259rc\u00fcm\u0259si:<\/em><\/strong><\/p>\n<p>\u201c\u0130lahi, bu g\u00fcn\u00fcn b\u0259r\u0259k\u0259ti il\u0259 m\u0259ni b\u0259hr\u0259l\u0259ndir! Xeyirlikl\u0259r\u0259 do\u011fru yolumu hamarla! Bu g\u00fcn\u00fcn ehsan\u0131n\u0131 q\u0259bul etm\u0259kd\u0259n m\u0259ni m\u0259hrum etm\u0259! Ey a\u015fkar haqq yolunun hiday\u0259t\u00e7isi\u201d.<\/p>\n<p><strong>\u0130ftar duas\u0131:<\/strong><\/p>\n<p>\u201cAllahumm\u0259 l\u0259k\u0259 sumtu v\u0259 \u0259la rizqik\u0259 \u0259ft\u0259rtu v\u0259 \u0259leyk\u0259 t\u0259v\u0259kk\u0259ltu. Bismillahir-R\u0259hmanir-R\u0259him. Ya vasi\u0259l-m\u0259\u011ffir\u0259ti i\u011ffirli\u201d.<\/p>\n<p><strong><em>T\u0259rc\u00fcm\u0259si:<\/em><\/strong><\/p>\n<p>\u201c\u0130lahi, s\u0259nd\u0259n \u00f6tr\u00fc oruc tutdum, s\u0259nin verdiyin ruzi il\u0259 iftar a\u00e7d\u0131m v\u0259 s\u0259n\u0259 t\u0259v\u0259kk\u00fcl etdim. Ba\u011f\u0131\u015flayan v\u0259 mehriban Allah\u0131n ad\u0131 il\u0259. Ey h\u00fcdudsuz ba\u011f\u0131\u015flama sahibi, m\u0259nim g\u00fcnahlar\u0131m\u0131 ba\u011f\u0131\u015fla!\u201d<\/p>\n<p><strong>Allah orucunuzu q\u0259bul etsin!<\/strong><\/p>\n","protected":false},"excerpt":{"rendered":"<p>Sabah Ramazan ay\u0131n\u0131n on doqquzuncu g\u00fcn\u00fcd\u00fcr. \u201c\u0130ki sahil\u201d x\u0259b\u0259r verir ki,\u00a0Qafqaz M\u00fcs\u0259lmanlar\u0131 \u0130dar\u0259sinin a\u00e7\u0131qlad\u0131\u011f\u0131 ramazan t\u0259qvimin\u0259 \u0259sas\u0259n,\u00a0imsak vaxt\u0131 05:36-ya, iftar is\u0259 18:55-\u0259 t\u0259yin olunub. On doqquzuncu g\u00fcn\u00fcn imsak duas\u0131: \u201cAllahumm\u0259 v\u0259ffir fihi h\u0259zzi min b\u0259r\u0259katih. V\u0259 s\u0259hhil s\u0259bili ila xeyratih. V\u0259 la t\u0259hrimni q\u0259bul\u0259 h\u0259s\u0259natih. Ya hadiy\u0259n il\u0259l-h\u0259qqil-mubin\u201d. T\u0259rc\u00fcm\u0259si: \u201c\u0130lahi, bu g\u00fcn\u00fcn b\u0259r\u0259k\u0259ti il\u0259 m\u0259ni b\u0259hr\u0259l\u0259ndir! Xeyirlikl\u0259r\u0259 do\u011fru yolumu hamarla! Bu g\u00fcn\u00fcn ehsan\u0131n\u0131 q\u0259bul etm\u0259kd\u0259n m\u0259ni m\u0259hrum etm\u0259! Ey a\u015fkar haqq yolunun hiday\u0259t\u00e7isi\u201d. \u0130ftar duas\u0131: \u201cAllahumm\u0259 l\u0259k\u0259 sumtu v\u0259 \u0259la rizqik\u0259 \u0259ft\u0259rtu v\u0259 \u0259leyk\u0259 t\u0259v\u0259kk\u0259ltu. Bismillahir-R\u0259hmanir-R\u0259him. Ya vasi\u0259l-m\u0259\u011ffir\u0259ti i\u011ffirli\u201d. T\u0259rc\u00fcm\u0259si:&hellip;<\/p>\n","protected":false},"author":2,"featured_media":843781,"comment_status":"closed","ping_status":"closed","sticky":false,"template":"","format":"standard","meta":{"om_disable_all_campaigns":false,"_monsterinsights_skip_tracking":false,"_monsterinsights_sitenote_active":false,"_monsterinsights_sitenote_note":"","_monsterinsights_sitenote_category":0},"categories":[27,25],"tags":[],"aioseo_notices":[],"gutentor_comment":0,"rttpg_featured_image_url":{"full":["https:\/\/arantv.az\/wp-content\/uploads\/2026\/03\/cf1f78fe168049953655136993410236312-1.jpg",975,540,false],"landscape":["https:\/\/arantv.az\/wp-content\/uploads\/2026\/03\/cf1f78fe168049953655136993410236312-1.jpg",975,540,false],"portraits":["https:\/\/arantv.az\/wp-content\/uploads\/2026\/03\/cf1f78fe168049953655136993410236312-1.jpg",975,540,false],"thumbnail":["https:\/\/arantv.az\/wp-content\/uploads\/2026\/03\/cf1f78fe168049953655136993410236312-1-500x280.jpg",500,280,true],"medium":["https:\/\/arantv.az\/wp-content\/uploads\/2026\/03\/cf1f78fe168049953655136993410236312-1-660x365.jpg",660,365,true],"large":["https:\/\/arantv.az\/wp-content\/uploads\/2026\/03\/cf1f78fe168049953655136993410236312-1-840x465.jpg",640,354,true],"1536x1536":["https:\/\/arantv.az\/wp-content\/uploads\/2026\/03\/cf1f78fe168049953655136993410236312-1.jpg",975,540,false],"2048x2048":["https:\/\/arantv.az\/wp-content\/uploads\/2026\/03\/cf1f78fe168049953655136993410236312-1.jpg",975,540,false],"post-thumbnail":["https:\/\/arantv.az\/wp-content\/uploads\/2026\/03\/cf1f78fe168049953655136993410236312-1-240x172.jpg",240,172,true],"advps-thumb-one":["https:\/\/arantv.az\/wp-content\/uploads\/2026\/03\/cf1f78fe168049953655136993410236312-1.jpg",975,540,false]},"rttpg_author":{"display_name":"V\u00fcsal Rafiqo\u011flu","author_link":"https:\/\/arantv.az\/?author=2"},"rttpg_comment":0,"rttpg_category":"<a href=\"https:\/\/arantv.az\/?cat=27\" rel=\"category\">\u0130SLAM<\/a> <a href=\"https:\/\/arantv.az\/?cat=25\" rel=\"category\">Ramazan<\/a>","rttpg_excerpt":"Sabah Ramazan ay\u0131n\u0131n on doqquzuncu g\u00fcn\u00fcd\u00fcr. \u201c\u0130ki sahil\u201d x\u0259b\u0259r verir ki,\u00a0Qafqaz M\u00fcs\u0259lmanlar\u0131 \u0130dar\u0259sinin a\u00e7\u0131qlad\u0131\u011f\u0131 ramazan t\u0259qvimin\u0259 \u0259sas\u0259n,\u00a0imsak vaxt\u0131 05:36-ya, iftar is\u0259 18:55-\u0259 t\u0259yin olunub. On doqquzuncu g\u00fcn\u00fcn imsak duas\u0131: \u201cAllahumm\u0259 v\u0259ffir fihi h\u0259zzi min b\u0259r\u0259katih. V\u0259 s\u0259hhil s\u0259bili ila xeyratih. V\u0259 la t\u0259hrimni q\u0259bul\u0259 h\u0259s\u0259natih. Ya hadiy\u0259n il\u0259l-h\u0259qqil-mubin\u201d. T\u0259rc\u00fcm\u0259si: \u201c\u0130lahi, bu g\u00fcn\u00fcn b\u0259r\u0259k\u0259ti il\u0259 m\u0259ni&hellip;","_links":{"self":[{"href":"https:\/\/arantv.az\/index.php?rest_route=\/wp\/v2\/posts\/843779"}],"collection":[{"href":"https:\/\/arantv.az\/index.php?rest_route=\/wp\/v2\/posts"}],"about":[{"href":"https:\/\/arantv.az\/index.php?rest_route=\/wp\/v2\/types\/post"}],"author":[{"embeddable":true,"href":"https:\/\/arantv.az\/index.php?rest_route=\/wp\/v2\/users\/2"}],"replies":[{"embeddable":true,"href":"https:\/\/arantv.az\/index.php?rest_route=%2Fwp%2Fv2%2Fcomments&post=843779"}],"version-history":[{"count":2,"href":"https:\/\/arantv.az\/index.php?rest_route=\/wp\/v2\/posts\/843779\/revisions"}],"predecessor-version":[{"id":843783,"href":"https:\/\/arantv.az\/index.php?rest_route=\/wp\/v2\/posts\/843779\/revisions\/843783"}],"wp:featuredmedia":[{"embeddable":true,"href":"https:\/\/arantv.az\/index.php?rest_route=\/wp\/v2\/media\/843781"}],"wp:attachment":[{"href":"https:\/\/arantv.az\/index.php?rest_route=%2Fwp%2Fv2%2Fmedia&parent=843779"}],"wp:term":[{"taxonomy":"category","embeddable":true,"href":"https:\/\/arantv.az\/index.php?rest_route=%2Fwp%2Fv2%2Fcategories&post=843779"},{"taxonomy":"post_tag","embeddable":true,"href":"https:\/\/arantv.az\/index.php?rest_route=%2Fwp%2Fv2%2Ftags&post=843779"}],"curies":[{"name":"wp","href":"https:\/\/api.w.org\/{rel}","templated":true}]}}