{"id":843785,"date":"2026-03-09T10:49:45","date_gmt":"2026-03-09T06:49:45","guid":{"rendered":"https:\/\/arantv.az\/?p=843785"},"modified":"2026-03-09T10:49:45","modified_gmt":"2026-03-09T06:49:45","slug":"israil-irana-yenid%c9%99n-z%c9%99rb%c9%99l%c9%99r-endirm%c9%99y%c9%99-basladi","status":"publish","type":"post","link":"https:\/\/arantv.az\/?p=843785","title":{"rendered":"\u0130srail \u0130rana yenid\u0259n z\u0259rb\u0259l\u0259r endirm\u0259y\u0259 ba\u015flad\u0131"},"content":{"rendered":"<p>\u0130srail M\u00fcdafi\u0259 Q\u00fcvv\u0259l\u0259ri (SAXAL) \u0130ran\u0131n m\u0259rk\u0259zi hiss\u0259sind\u0259ki infrastruktur obyektl\u0259rin\u0259 yeni z\u0259rb\u0259 dal\u011fas\u0131 endirm\u0259y\u0259 ba\u015flay\u0131b.<\/p>\n<p>Bu bar\u0259d\u0259 SAXAL-\u0131n m\u0259tbuat xidm\u0259ti m\u0259lumat yay\u0131b.<\/p>\n<p>&#8220;SAXAL \u0130ran\u0131n m\u0259rk\u0259zi hiss\u0259sind\u0259 rejimin infrastrukturuna \u0259lav\u0259 z\u0259rb\u0259 dal\u011fas\u0131na ba\u015flad\u0131&#8221;, &#8211; dey\u0259 \u0130srail ordusundan bildirilib.<\/p>\n<p>Xat\u0131rladaq ki, fevral\u0131n 28-d\u0259 \u0130srailin m\u00fcdafi\u0259 naziri \u0130srael Kats \u0130srail M\u00fcdafi\u0259 Q\u00fcvv\u0259l\u0259rinin \u0130rana qabaqlay\u0131c\u0131 z\u0259rb\u0259 endirdiyini a\u00e7\u0131qlay\u0131b. Daha sonra AB\u015e Prezidenti Donald Tramp \u00f6lk\u0259sinin d\u0259 \u0130rana qar\u015f\u0131 h\u0259rbi \u0259m\u0259liyyatda i\u015ftirak etdiyini bildirib.<\/p>\n<p>\u0130ran is\u0259 \u00f6z n\u00f6vb\u0259sind\u0259 \u0130srail\u0259 onlarla ballistik raket at\u0131b. \u0130srail M\u00fcdafi\u0259 Q\u00fcvv\u0259l\u0259ri at\u0131\u015flar\u0131 t\u0259sdiql\u0259yib, \u00f6lk\u0259 daxilind\u0259 sirenl\u0259r s\u0259sl\u0259nib v\u0259 hava h\u00fccumundan m\u00fcdafi\u0259 sisteml\u0259ri i\u015f\u0259 sal\u0131n\u0131b.<\/p>\n<p>Mart\u0131n 1-d\u0259 \u0130ran\u0131n Ali Lideri \u018fli Xameneinin h\u00fccumlar zaman\u0131 \u00f6ld\u00fcr\u00fcld\u00fcy\u00fc b\u0259yan olunub.<\/p>\n<p>\u0130ran AB\u015e-nin h\u0259rbi bazalar\u0131n\u0131n yerl\u0259\u015fdiyi qon\u015fu \u00f6lk\u0259l\u0259rin \u0259ks\u0259riyy\u0259tin\u0259 raket z\u0259rb\u0259l\u0259ri endirib. Buna g\u00f6r\u0259 d\u0259 h\u0259min \u00f6lk\u0259l\u0259rd\u0259 hava m\u0259kan\u0131 m\u00fcv\u0259qq\u0259ti ba\u011flan\u0131b.\/Oxu.Az<\/p>\n","protected":false},"excerpt":{"rendered":"<p>\u0130srail M\u00fcdafi\u0259 Q\u00fcvv\u0259l\u0259ri (SAXAL) \u0130ran\u0131n m\u0259rk\u0259zi hiss\u0259sind\u0259ki infrastruktur obyektl\u0259rin\u0259 yeni z\u0259rb\u0259 dal\u011fas\u0131 endirm\u0259y\u0259 ba\u015flay\u0131b. Bu bar\u0259d\u0259 SAXAL-\u0131n m\u0259tbuat xidm\u0259ti m\u0259lumat yay\u0131b. &#8220;SAXAL \u0130ran\u0131n m\u0259rk\u0259zi hiss\u0259sind\u0259 rejimin infrastrukturuna \u0259lav\u0259 z\u0259rb\u0259 dal\u011fas\u0131na ba\u015flad\u0131&#8221;, &#8211; dey\u0259 \u0130srail ordusundan bildirilib. Xat\u0131rladaq ki, fevral\u0131n 28-d\u0259 \u0130srailin m\u00fcdafi\u0259 naziri \u0130srael Kats \u0130srail M\u00fcdafi\u0259 Q\u00fcvv\u0259l\u0259rinin \u0130rana qabaqlay\u0131c\u0131 z\u0259rb\u0259 endirdiyini a\u00e7\u0131qlay\u0131b. Daha sonra AB\u015e Prezidenti Donald Tramp \u00f6lk\u0259sinin d\u0259 \u0130rana qar\u015f\u0131 h\u0259rbi \u0259m\u0259liyyatda i\u015ftirak etdiyini bildirib. \u0130ran is\u0259 \u00f6z n\u00f6vb\u0259sind\u0259 \u0130srail\u0259 onlarla ballistik raket at\u0131b. \u0130srail M\u00fcdafi\u0259 Q\u00fcvv\u0259l\u0259ri at\u0131\u015flar\u0131 t\u0259sdiql\u0259yib, \u00f6lk\u0259 daxilind\u0259 sirenl\u0259r s\u0259sl\u0259nib v\u0259 hava h\u00fccumundan m\u00fcdafi\u0259&hellip;<\/p>\n","protected":false},"author":2,"featured_media":843786,"comment_status":"closed","ping_status":"closed","sticky":false,"template":"","format":"standard","meta":{"om_disable_all_campaigns":false,"_monsterinsights_skip_tracking":false,"_monsterinsights_sitenote_active":false,"_monsterinsights_sitenote_note":"","_monsterinsights_sitenote_category":0},"categories":[7],"tags":[],"aioseo_notices":[],"gutentor_comment":0,"rttpg_featured_image_url":{"full":["https:\/\/arantv.az\/wp-content\/uploads\/2026\/03\/f9dd68efdaad3bd8d2e03903db74c676.jpg",870,500,false],"landscape":["https:\/\/arantv.az\/wp-content\/uploads\/2026\/03\/f9dd68efdaad3bd8d2e03903db74c676.jpg",870,500,false],"portraits":["https:\/\/arantv.az\/wp-content\/uploads\/2026\/03\/f9dd68efdaad3bd8d2e03903db74c676.jpg",870,500,false],"thumbnail":["https:\/\/arantv.az\/wp-content\/uploads\/2026\/03\/f9dd68efdaad3bd8d2e03903db74c676-500x280.jpg",500,280,true],"medium":["https:\/\/arantv.az\/wp-content\/uploads\/2026\/03\/f9dd68efdaad3bd8d2e03903db74c676-635x365.jpg",635,365,true],"large":["https:\/\/arantv.az\/wp-content\/uploads\/2026\/03\/f9dd68efdaad3bd8d2e03903db74c676-840x483.jpg",640,368,true],"1536x1536":["https:\/\/arantv.az\/wp-content\/uploads\/2026\/03\/f9dd68efdaad3bd8d2e03903db74c676.jpg",870,500,false],"2048x2048":["https:\/\/arantv.az\/wp-content\/uploads\/2026\/03\/f9dd68efdaad3bd8d2e03903db74c676.jpg",870,500,false],"post-thumbnail":["https:\/\/arantv.az\/wp-content\/uploads\/2026\/03\/f9dd68efdaad3bd8d2e03903db74c676-240x172.jpg",240,172,true],"advps-thumb-one":["https:\/\/arantv.az\/wp-content\/uploads\/2026\/03\/f9dd68efdaad3bd8d2e03903db74c676.jpg",870,500,false]},"rttpg_author":{"display_name":"V\u00fcsal Rafiqo\u011flu","author_link":"https:\/\/arantv.az\/?author=2"},"rttpg_comment":0,"rttpg_category":"<a href=\"https:\/\/arantv.az\/?cat=7\" rel=\"category\">D\u00fcnya<\/a>","rttpg_excerpt":"\u0130srail M\u00fcdafi\u0259 Q\u00fcvv\u0259l\u0259ri (SAXAL) \u0130ran\u0131n m\u0259rk\u0259zi hiss\u0259sind\u0259ki infrastruktur obyektl\u0259rin\u0259 yeni z\u0259rb\u0259 dal\u011fas\u0131 endirm\u0259y\u0259 ba\u015flay\u0131b. Bu bar\u0259d\u0259 SAXAL-\u0131n m\u0259tbuat xidm\u0259ti m\u0259lumat yay\u0131b. &#8220;SAXAL \u0130ran\u0131n m\u0259rk\u0259zi hiss\u0259sind\u0259 rejimin infrastrukturuna \u0259lav\u0259 z\u0259rb\u0259 dal\u011fas\u0131na ba\u015flad\u0131&#8221;, &#8211; dey\u0259 \u0130srail ordusundan bildirilib. Xat\u0131rladaq ki, fevral\u0131n 28-d\u0259 \u0130srailin m\u00fcdafi\u0259 naziri \u0130srael Kats \u0130srail M\u00fcdafi\u0259 Q\u00fcvv\u0259l\u0259rinin \u0130rana qabaqlay\u0131c\u0131 z\u0259rb\u0259 endirdiyini a\u00e7\u0131qlay\u0131b. Daha sonra&hellip;","_links":{"self":[{"href":"https:\/\/arantv.az\/index.php?rest_route=\/wp\/v2\/posts\/843785"}],"collection":[{"href":"https:\/\/arantv.az\/index.php?rest_route=\/wp\/v2\/posts"}],"about":[{"href":"https:\/\/arantv.az\/index.php?rest_route=\/wp\/v2\/types\/post"}],"author":[{"embeddable":true,"href":"https:\/\/arantv.az\/index.php?rest_route=\/wp\/v2\/users\/2"}],"replies":[{"embeddable":true,"href":"https:\/\/arantv.az\/index.php?rest_route=%2Fwp%2Fv2%2Fcomments&post=843785"}],"version-history":[{"count":1,"href":"https:\/\/arantv.az\/index.php?rest_route=\/wp\/v2\/posts\/843785\/revisions"}],"predecessor-version":[{"id":843787,"href":"https:\/\/arantv.az\/index.php?rest_route=\/wp\/v2\/posts\/843785\/revisions\/843787"}],"wp:featuredmedia":[{"embeddable":true,"href":"https:\/\/arantv.az\/index.php?rest_route=\/wp\/v2\/media\/843786"}],"wp:attachment":[{"href":"https:\/\/arantv.az\/index.php?rest_route=%2Fwp%2Fv2%2Fmedia&parent=843785"}],"wp:term":[{"taxonomy":"category","embeddable":true,"href":"https:\/\/arantv.az\/index.php?rest_route=%2Fwp%2Fv2%2Fcategories&post=843785"},{"taxonomy":"post_tag","embeddable":true,"href":"https:\/\/arantv.az\/index.php?rest_route=%2Fwp%2Fv2%2Ftags&post=843785"}],"curies":[{"name":"wp","href":"https:\/\/api.w.org\/{rel}","templated":true}]}}