{"id":843788,"date":"2026-03-09T10:51:29","date_gmt":"2026-03-09T06:51:29","guid":{"rendered":"https:\/\/arantv.az\/?p=843788"},"modified":"2026-03-09T10:51:29","modified_gmt":"2026-03-09T06:51:29","slug":"nazirl%c9%99r-kabineti-iranla-bagli-bu-qadagani-l%c9%99gv-etdi","status":"publish","type":"post","link":"https:\/\/arantv.az\/?p=843788","title":{"rendered":"Nazirl\u0259r Kabineti \u0130ranla ba\u011fl\u0131 bu qada\u011fan\u0131 l\u0259\u011fv etdi"},"content":{"rendered":"<div class=\"text-content\" data-id=\"\" data-url=\"\">\n<p><strong>Az\u0259rbaycan v\u0259 \u0130ran aras\u0131nda b\u00fct\u00fcn n\u00f6v n\u0259qliyyat vasit\u0259l\u0259ri \u00fc\u00e7\u00fcn y\u00fckl\u0259rin da\u015f\u0131nmas\u0131 b\u0259rpa olunub.<\/strong><\/p>\n<p>Bu bar\u0259d\u0259\u00a0<strong>Musavat.com<\/strong>-a\u00a0Nazirl\u0259r Kabinetind\u0259n m\u0259lumat verilib.<\/p>\n<p>Bildirilib ki, Az\u0259rbaycanla \u0130ran aras\u0131nda d\u00f6vl\u0259t s\u0259rh\u0259dind\u0259n b\u00fct\u00fcn n\u00f6v n\u0259qliyyat vasit\u0259l\u0259ri \u00fc\u00e7\u00fcn y\u00fckl\u0259rin da\u015f\u0131nmas\u0131, o c\u00fcml\u0259d\u0259n tranzit m\u0259qs\u0259dil\u0259 giri\u015f-\u00e7\u0131x\u0131\u015f mart\u0131n 9-u saat 10:00-dan etibar\u0259n b\u0259rpa olunub.<\/p>\n<\/div>\n<div><\/div>\n<div><\/div>\n<div class=\"inner-social-box\">\n<div class=\"subs-in-social subs-whatsapp\"><\/div>\n<\/div>\n","protected":false},"excerpt":{"rendered":"<p>Az\u0259rbaycan v\u0259 \u0130ran aras\u0131nda b\u00fct\u00fcn n\u00f6v n\u0259qliyyat vasit\u0259l\u0259ri \u00fc\u00e7\u00fcn y\u00fckl\u0259rin da\u015f\u0131nmas\u0131 b\u0259rpa olunub. Bu bar\u0259d\u0259\u00a0Musavat.com-a\u00a0Nazirl\u0259r Kabinetind\u0259n m\u0259lumat verilib. Bildirilib ki, Az\u0259rbaycanla \u0130ran aras\u0131nda d\u00f6vl\u0259t s\u0259rh\u0259dind\u0259n b\u00fct\u00fcn n\u00f6v n\u0259qliyyat vasit\u0259l\u0259ri \u00fc\u00e7\u00fcn y\u00fckl\u0259rin da\u015f\u0131nmas\u0131, o c\u00fcml\u0259d\u0259n tranzit m\u0259qs\u0259dil\u0259 giri\u015f-\u00e7\u0131x\u0131\u015f mart\u0131n 9-u saat 10:00-dan etibar\u0259n b\u0259rpa olunub.<\/p>\n","protected":false},"author":2,"featured_media":843790,"comment_status":"closed","ping_status":"closed","sticky":false,"template":"","format":"standard","meta":{"om_disable_all_campaigns":false,"_monsterinsights_skip_tracking":false,"_monsterinsights_sitenote_active":false,"_monsterinsights_sitenote_note":"","_monsterinsights_sitenote_category":0},"categories":[19],"tags":[],"aioseo_notices":[],"gutentor_comment":0,"rttpg_featured_image_url":{"full":["https:\/\/arantv.az\/wp-content\/uploads\/2026\/03\/e88e3ce338e445cc09bd18bd833bcd73-1.jpg",600,400,false],"landscape":["https:\/\/arantv.az\/wp-content\/uploads\/2026\/03\/e88e3ce338e445cc09bd18bd833bcd73-1.jpg",600,400,false],"portraits":["https:\/\/arantv.az\/wp-content\/uploads\/2026\/03\/e88e3ce338e445cc09bd18bd833bcd73-1.jpg",600,400,false],"thumbnail":["https:\/\/arantv.az\/wp-content\/uploads\/2026\/03\/e88e3ce338e445cc09bd18bd833bcd73-1-500x280.jpg",500,280,true],"medium":["https:\/\/arantv.az\/wp-content\/uploads\/2026\/03\/e88e3ce338e445cc09bd18bd833bcd73-1-548x365.jpg",548,365,true],"large":["https:\/\/arantv.az\/wp-content\/uploads\/2026\/03\/e88e3ce338e445cc09bd18bd833bcd73-1.jpg",600,400,false],"1536x1536":["https:\/\/arantv.az\/wp-content\/uploads\/2026\/03\/e88e3ce338e445cc09bd18bd833bcd73-1.jpg",600,400,false],"2048x2048":["https:\/\/arantv.az\/wp-content\/uploads\/2026\/03\/e88e3ce338e445cc09bd18bd833bcd73-1.jpg",600,400,false],"post-thumbnail":["https:\/\/arantv.az\/wp-content\/uploads\/2026\/03\/e88e3ce338e445cc09bd18bd833bcd73-1-240x172.jpg",240,172,true],"advps-thumb-one":["https:\/\/arantv.az\/wp-content\/uploads\/2026\/03\/e88e3ce338e445cc09bd18bd833bcd73-1.jpg",600,400,false]},"rttpg_author":{"display_name":"V\u00fcsal Rafiqo\u011flu","author_link":"https:\/\/arantv.az\/?author=2"},"rttpg_comment":0,"rttpg_category":"<a href=\"https:\/\/arantv.az\/?cat=19\" rel=\"category\">G\u00fcnd\u0259m<\/a>","rttpg_excerpt":"Az\u0259rbaycan v\u0259 \u0130ran aras\u0131nda b\u00fct\u00fcn n\u00f6v n\u0259qliyyat vasit\u0259l\u0259ri \u00fc\u00e7\u00fcn y\u00fckl\u0259rin da\u015f\u0131nmas\u0131 b\u0259rpa olunub. Bu bar\u0259d\u0259\u00a0Musavat.com-a\u00a0Nazirl\u0259r Kabinetind\u0259n m\u0259lumat verilib. Bildirilib ki, Az\u0259rbaycanla \u0130ran aras\u0131nda d\u00f6vl\u0259t s\u0259rh\u0259dind\u0259n b\u00fct\u00fcn n\u00f6v n\u0259qliyyat vasit\u0259l\u0259ri \u00fc\u00e7\u00fcn y\u00fckl\u0259rin da\u015f\u0131nmas\u0131, o c\u00fcml\u0259d\u0259n tranzit m\u0259qs\u0259dil\u0259 giri\u015f-\u00e7\u0131x\u0131\u015f mart\u0131n 9-u saat 10:00-dan etibar\u0259n b\u0259rpa olunub.","_links":{"self":[{"href":"https:\/\/arantv.az\/index.php?rest_route=\/wp\/v2\/posts\/843788"}],"collection":[{"href":"https:\/\/arantv.az\/index.php?rest_route=\/wp\/v2\/posts"}],"about":[{"href":"https:\/\/arantv.az\/index.php?rest_route=\/wp\/v2\/types\/post"}],"author":[{"embeddable":true,"href":"https:\/\/arantv.az\/index.php?rest_route=\/wp\/v2\/users\/2"}],"replies":[{"embeddable":true,"href":"https:\/\/arantv.az\/index.php?rest_route=%2Fwp%2Fv2%2Fcomments&post=843788"}],"version-history":[{"count":2,"href":"https:\/\/arantv.az\/index.php?rest_route=\/wp\/v2\/posts\/843788\/revisions"}],"predecessor-version":[{"id":843792,"href":"https:\/\/arantv.az\/index.php?rest_route=\/wp\/v2\/posts\/843788\/revisions\/843792"}],"wp:featuredmedia":[{"embeddable":true,"href":"https:\/\/arantv.az\/index.php?rest_route=\/wp\/v2\/media\/843790"}],"wp:attachment":[{"href":"https:\/\/arantv.az\/index.php?rest_route=%2Fwp%2Fv2%2Fmedia&parent=843788"}],"wp:term":[{"taxonomy":"category","embeddable":true,"href":"https:\/\/arantv.az\/index.php?rest_route=%2Fwp%2Fv2%2Fcategories&post=843788"},{"taxonomy":"post_tag","embeddable":true,"href":"https:\/\/arantv.az\/index.php?rest_route=%2Fwp%2Fv2%2Ftags&post=843788"}],"curies":[{"name":"wp","href":"https:\/\/api.w.org\/{rel}","templated":true}]}}