{"id":843803,"date":"2026-03-09T11:51:19","date_gmt":"2026-03-09T07:51:19","guid":{"rendered":"https:\/\/arantv.az\/?p=843803"},"modified":"2026-03-09T11:51:19","modified_gmt":"2026-03-09T07:51:19","slug":"son-d%c9%99qiq%c9%99-qardas-olk%c9%99-silk%c9%99l%c9%99ndi-t%c9%99svis-yasandi-fotolar","status":"publish","type":"post","link":"https:\/\/arantv.az\/?p=843803","title":{"rendered":"SON D\u018fQ\u0130Q\u018f! Qarda\u015f \u00f6lk\u0259 S\u0130LK\u018fL\u018fND\u0130: T\u0259\u015fvi\u015f ya\u015fand\u0131 &#8211; FOTOLAR"},"content":{"rendered":"<div class=\"text-content\" data-id=\"\" data-url=\"\">\n<p><strong>T\u00fcrkiy\u0259nin Denizli vilay\u0259tinin Buldan rayonunda 5,1 bal g\u00fcc\u00fcnd\u0259 z\u0259lz\u0259l\u0259 ba\u015f verib.<\/strong><\/p>\n<p><strong>Musavat.com<\/strong>\u00a0x\u0259b\u0259r verir ki, bu bar\u0259d\u0259 T\u00fcrkiy\u0259 F\u0259lak\u0259t v\u0259 T\u0259cili V\u0259ziyy\u0259tl\u0259rin \u0130dar\u0259 Edilm\u0259si \u0130dar\u0259si (AFAD)\u00a0m\u0259lumat yay\u0131b.<\/p>\n<p>M\u0259lumata \u0259sas\u0259n, z\u0259lz\u0259l\u0259 saat 09:21-d\u0259 qeyd\u0259 al\u0131n\u0131b. Yeralt\u0131 t\u0259kanlar\u0131n 7 kilometr d\u0259rinlikd\u0259 ba\u015f verdiyi bildirilib.<\/p>\n<p><strong><em>Z\u0259lz\u0259l\u0259 sakinl\u0259r aras\u0131nda panikaya s\u0259b\u0259b olub. \u0130lkin m\u0259lumatlara \u0259sas\u0259n, z\u0259lz\u0259l\u0259 n\u0259tic\u0259sind\u0259 h\u0259r hans\u0131 ciddi da\u011f\u0131nt\u0131 v\u0259 ya x\u0259sar\u0259t alanlar\u0131n olmad\u0131\u011f\u0131 qeyd edilir.<\/em><\/strong><\/p>\n<p>Z\u0259lz\u0259l\u0259 yaln\u0131z Denizlid\u0259 deyil, \u0130zmir, Ayd\u0131n, U\u015fak v\u0259 Manisa kimi Egey b\u00f6lg\u0259sinin bir \u00e7ox vilay\u0259tl\u0259rind\u0259 d\u0259 hiss olunub.<\/p>\n<p>Hadis\u0259d\u0259n sonra ehtiyat t\u0259dbiri olaraq b\u0259zi obyektl\u0259r bo\u015fald\u0131l\u0131b. X\u00fcsusil\u0259 D\u0259nizli D\u00f6vl\u0259t X\u0259st\u0259xanas\u0131n\u0131n poliklinika b\u00f6lm\u0259l\u0259ri bo\u015fald\u0131l\u0131b. H\u0259m\u00e7inin m\u0259kt\u0259bl\u0259rd\u0259ki \u015fagirdl\u0259r d\u0259\u00a0binalardan \u00e7\u0131xar\u0131l\u0131b.<\/p>\n<p><strong>Musavat.com<\/strong><\/p>\n<\/div>\n<div>\n<div class=\"form-group\"><img class=\"img-responsive\" src=\"https:\/\/cdn.musavat.com\/news\/images\/Ayten\/USAK%201.jpg\" \/><\/div>\n<div class=\"form-group\"><img class=\"img-responsive\" src=\"https:\/\/cdn.musavat.com\/news\/images\/Ayten\/USAK.jpg\" \/><\/div>\n<\/div>\n","protected":false},"excerpt":{"rendered":"<p>T\u00fcrkiy\u0259nin Denizli vilay\u0259tinin Buldan rayonunda 5,1 bal g\u00fcc\u00fcnd\u0259 z\u0259lz\u0259l\u0259 ba\u015f verib. Musavat.com\u00a0x\u0259b\u0259r verir ki, bu bar\u0259d\u0259 T\u00fcrkiy\u0259 F\u0259lak\u0259t v\u0259 T\u0259cili V\u0259ziyy\u0259tl\u0259rin \u0130dar\u0259 Edilm\u0259si \u0130dar\u0259si (AFAD)\u00a0m\u0259lumat yay\u0131b. M\u0259lumata \u0259sas\u0259n, z\u0259lz\u0259l\u0259 saat 09:21-d\u0259 qeyd\u0259 al\u0131n\u0131b. Yeralt\u0131 t\u0259kanlar\u0131n 7 kilometr d\u0259rinlikd\u0259 ba\u015f verdiyi bildirilib. Z\u0259lz\u0259l\u0259 sakinl\u0259r aras\u0131nda panikaya s\u0259b\u0259b olub. \u0130lkin m\u0259lumatlara \u0259sas\u0259n, z\u0259lz\u0259l\u0259 n\u0259tic\u0259sind\u0259 h\u0259r hans\u0131 ciddi da\u011f\u0131nt\u0131 v\u0259 ya x\u0259sar\u0259t alanlar\u0131n olmad\u0131\u011f\u0131 qeyd edilir. Z\u0259lz\u0259l\u0259 yaln\u0131z Denizlid\u0259 deyil, \u0130zmir, Ayd\u0131n, U\u015fak v\u0259 Manisa kimi Egey b\u00f6lg\u0259sinin bir \u00e7ox vilay\u0259tl\u0259rind\u0259 d\u0259 hiss olunub. Hadis\u0259d\u0259n sonra ehtiyat t\u0259dbiri olaraq b\u0259zi obyektl\u0259r bo\u015fald\u0131l\u0131b. X\u00fcsusil\u0259&hellip;<\/p>\n","protected":false},"author":2,"featured_media":843804,"comment_status":"closed","ping_status":"closed","sticky":false,"template":"","format":"standard","meta":{"om_disable_all_campaigns":false,"_monsterinsights_skip_tracking":false,"_monsterinsights_sitenote_active":false,"_monsterinsights_sitenote_note":"","_monsterinsights_sitenote_category":0},"categories":[7],"tags":[],"aioseo_notices":[],"gutentor_comment":0,"rttpg_featured_image_url":{"full":["https:\/\/arantv.az\/wp-content\/uploads\/2026\/03\/dcaea354ac5668eafbec0d5a23af9fd2.jpg",750,422,false],"landscape":["https:\/\/arantv.az\/wp-content\/uploads\/2026\/03\/dcaea354ac5668eafbec0d5a23af9fd2.jpg",750,422,false],"portraits":["https:\/\/arantv.az\/wp-content\/uploads\/2026\/03\/dcaea354ac5668eafbec0d5a23af9fd2.jpg",750,422,false],"thumbnail":["https:\/\/arantv.az\/wp-content\/uploads\/2026\/03\/dcaea354ac5668eafbec0d5a23af9fd2-500x280.jpg",500,280,true],"medium":["https:\/\/arantv.az\/wp-content\/uploads\/2026\/03\/dcaea354ac5668eafbec0d5a23af9fd2-649x365.jpg",649,365,true],"large":["https:\/\/arantv.az\/wp-content\/uploads\/2026\/03\/dcaea354ac5668eafbec0d5a23af9fd2.jpg",640,360,false],"1536x1536":["https:\/\/arantv.az\/wp-content\/uploads\/2026\/03\/dcaea354ac5668eafbec0d5a23af9fd2.jpg",750,422,false],"2048x2048":["https:\/\/arantv.az\/wp-content\/uploads\/2026\/03\/dcaea354ac5668eafbec0d5a23af9fd2.jpg",750,422,false],"post-thumbnail":["https:\/\/arantv.az\/wp-content\/uploads\/2026\/03\/dcaea354ac5668eafbec0d5a23af9fd2-240x172.jpg",240,172,true],"advps-thumb-one":["https:\/\/arantv.az\/wp-content\/uploads\/2026\/03\/dcaea354ac5668eafbec0d5a23af9fd2.jpg",750,422,false]},"rttpg_author":{"display_name":"V\u00fcsal Rafiqo\u011flu","author_link":"https:\/\/arantv.az\/?author=2"},"rttpg_comment":0,"rttpg_category":"<a href=\"https:\/\/arantv.az\/?cat=7\" rel=\"category\">D\u00fcnya<\/a>","rttpg_excerpt":"T\u00fcrkiy\u0259nin Denizli vilay\u0259tinin Buldan rayonunda 5,1 bal g\u00fcc\u00fcnd\u0259 z\u0259lz\u0259l\u0259 ba\u015f verib. Musavat.com\u00a0x\u0259b\u0259r verir ki, bu bar\u0259d\u0259 T\u00fcrkiy\u0259 F\u0259lak\u0259t v\u0259 T\u0259cili V\u0259ziyy\u0259tl\u0259rin \u0130dar\u0259 Edilm\u0259si \u0130dar\u0259si (AFAD)\u00a0m\u0259lumat yay\u0131b. M\u0259lumata \u0259sas\u0259n, z\u0259lz\u0259l\u0259 saat 09:21-d\u0259 qeyd\u0259 al\u0131n\u0131b. Yeralt\u0131 t\u0259kanlar\u0131n 7 kilometr d\u0259rinlikd\u0259 ba\u015f verdiyi bildirilib. Z\u0259lz\u0259l\u0259 sakinl\u0259r aras\u0131nda panikaya s\u0259b\u0259b olub. \u0130lkin m\u0259lumatlara \u0259sas\u0259n, z\u0259lz\u0259l\u0259 n\u0259tic\u0259sind\u0259 h\u0259r hans\u0131 ciddi&hellip;","_links":{"self":[{"href":"https:\/\/arantv.az\/index.php?rest_route=\/wp\/v2\/posts\/843803"}],"collection":[{"href":"https:\/\/arantv.az\/index.php?rest_route=\/wp\/v2\/posts"}],"about":[{"href":"https:\/\/arantv.az\/index.php?rest_route=\/wp\/v2\/types\/post"}],"author":[{"embeddable":true,"href":"https:\/\/arantv.az\/index.php?rest_route=\/wp\/v2\/users\/2"}],"replies":[{"embeddable":true,"href":"https:\/\/arantv.az\/index.php?rest_route=%2Fwp%2Fv2%2Fcomments&post=843803"}],"version-history":[{"count":1,"href":"https:\/\/arantv.az\/index.php?rest_route=\/wp\/v2\/posts\/843803\/revisions"}],"predecessor-version":[{"id":843805,"href":"https:\/\/arantv.az\/index.php?rest_route=\/wp\/v2\/posts\/843803\/revisions\/843805"}],"wp:featuredmedia":[{"embeddable":true,"href":"https:\/\/arantv.az\/index.php?rest_route=\/wp\/v2\/media\/843804"}],"wp:attachment":[{"href":"https:\/\/arantv.az\/index.php?rest_route=%2Fwp%2Fv2%2Fmedia&parent=843803"}],"wp:term":[{"taxonomy":"category","embeddable":true,"href":"https:\/\/arantv.az\/index.php?rest_route=%2Fwp%2Fv2%2Fcategories&post=843803"},{"taxonomy":"post_tag","embeddable":true,"href":"https:\/\/arantv.az\/index.php?rest_route=%2Fwp%2Fv2%2Ftags&post=843803"}],"curies":[{"name":"wp","href":"https:\/\/api.w.org\/{rel}","templated":true}]}}