{"id":843815,"date":"2026-03-09T11:57:00","date_gmt":"2026-03-09T07:57:00","guid":{"rendered":"https:\/\/arantv.az\/?p=843815"},"modified":"2026-03-09T11:57:00","modified_gmt":"2026-03-09T07:57:00","slug":"leyla-%c9%99liyeva-s%c9%99rgid%c9%99-istirak-etdi-fotolar","status":"publish","type":"post","link":"https:\/\/arantv.az\/?p=843815","title":{"rendered":"Leyla \u018fliyeva s\u0259rgid\u0259 i\u015ftirak etdi &#8211; Fotolar"},"content":{"rendered":"<div id=\"mvp-content-body-top\" class=\"left relative\">\n<div id=\"mvp-content-main\" class=\"left relative\">\n<p><strong>&#8220;Gazelli Art House&#8221;da &#8220;Her Art in Action&#8221; festival\u0131n\u0131n 2026-c\u0131 il burax\u0131l\u0131\u015f\u0131n\u0131n a\u00e7\u0131l\u0131\u015f m\u0259rasimi ke\u00e7irilib.<\/strong><\/p>\n<p><a href=\"https:\/\/publika.az\/\" target=\"_blank\" rel=\"noopener\">Publika.az<\/a>\u00a0x\u0259b\u0259r verir ki, festival\u0131n ilk g\u00fcn\u00fcnd\u0259 VarYox inc\u0259s\u0259n\u0259t v\u0259 m\u0259d\u0259niyy\u0259t platformas\u0131 v\u0259 &#8220;Gazelli Art House&#8221; Bak\u0131 qalereyas\u0131n\u0131n birg\u0259 \u0259m\u0259kda\u015fl\u0131\u011f\u0131 \u00e7\u0259r\u00e7iv\u0259sind\u0259 &#8220;M\u0259nz\u0259r\u0259y\u0259 a\u00e7\u0131lan ev&#8221; m\u00f6vzusunda qrup s\u0259rgisinin n\u00fcmayi\u015fin\u0259 ba\u015flan\u0131l\u0131b.<\/p>\n<p>S\u0259rgid\u0259 Leyla \u018fliyevan\u0131n da r\u0259sm \u0259s\u0259rl\u0259ri yer al\u0131r.<\/p>\n<p>Leyla \u018fliyeva s\u0259rgid\u0259 i\u015ftirak edib, n\u00fcmayi\u015f etdiril\u0259n \u0259s\u0259rl\u0259r\u0259 bax\u0131\u015f ke\u00e7irib.<\/p>\n<p>Leyla \u018fliyevaya festival bar\u0259d\u0259 m\u0259lumat veril\u0259r\u0259k bildirilib ki, &#8220;Her Art in Action&#8221;, VarYox inc\u0259s\u0259n\u0259t v\u0259 m\u0259d\u0259niyy\u0259t platformas\u0131 t\u0259r\u0259find\u0259n t\u0259sis edil\u0259r\u0259k h\u0259yata ke\u00e7iril\u0259n illik proqramd\u0131r v\u0259 inc\u0259s\u0259n\u0259t sah\u0259sind\u0259 gender b\u0259rab\u0259rliyinin t\u0259\u015fviqin\u0259, m\u0259d\u0259ni inkl\u00fczivliyin art\u0131r\u0131lmas\u0131na, el\u0259c\u0259 d\u0259 Az\u0259rbaycan\u0131n beyn\u0259lxalq m\u0259d\u0259ni i\u015ftirak\u0131n\u0131n g\u00fccl\u0259ndirilm\u0259sin\u0259 h\u0259sr olunub. Bu il mart \u2013 may aylar\u0131n\u0131 \u0259hat\u0259 ed\u0259n festival \u00fc\u00e7 ayl\u0131q m\u00fcdd\u0259td\u0259 Bak\u0131 \u015f\u0259h\u0259rinin m\u00fcxt\u0259lif m\u0259kanlar\u0131nda ke\u00e7iril\u0259c\u0259k.<\/p>\n<p>Qeyd olunub ki, \u00fc\u00e7 il ard\u0131c\u0131l ke\u00e7iril\u0259n &#8220;Her Art in Action&#8221; regionda qad\u0131nlar\u0131n yarad\u0131c\u0131l\u0131\u011f\u0131na v\u0259 mill\u0259tl\u0259raras\u0131 m\u00fcbadil\u0259y\u0259 h\u0259sr olunmu\u015f nadir festival kimi \u00e7\u0131x\u0131\u015f edir. Layih\u0259 Az\u0259rbaycandan v\u0259 region \u00f6lk\u0259l\u0259rind\u0259n, o c\u00fcml\u0259d\u0259n Qazax\u0131stan, \u00d6zb\u0259kistan, Tacikistan, T\u00fcrkiy\u0259, G\u00fcrc\u00fcstan, Misir, h\u0259m\u00e7inin Balkan b\u00f6lg\u0259si, \u0130spaniya v\u0259 Litvadan olan qad\u0131nlar\u0131 f\u0259al \u015f\u0259kild\u0259 bir araya g\u0259tirir.<\/p>\n<p>&#8220;M\u0259nz\u0259r\u0259y\u0259 a\u00e7\u0131lan ev&#8221; m\u00f6vzusu is\u0259 evi sabit m\u0259kan kimi deyil, qad\u0131n t\u0259cr\u00fcb\u0259si il\u0259 formala\u015fan d\u0259yi\u015fk\u0259n bir v\u0259ziyy\u0259t kimi n\u0259z\u0259rd\u0259n ke\u00e7irir. G\u00fcnd\u0259lik m\u0259i\u015f\u0259t h\u00fcdudlar\u0131ndan \u00e7\u0131xaraq, m\u00f6vzu qad\u0131nlar\u0131n ictimai v\u0259 \u015f\u0259xsi h\u0259yat, g\u00f6z \u00f6n\u00fcnd\u0259 olma v\u0259 t\u0259klik, aidiyy\u0259t v\u0259 m\u00fcqavim\u0259t aras\u0131ndak\u0131 g\u0259rginlikd\u0259 m\u0259kan\u0131 nec\u0259 yaratd\u0131\u011f\u0131n\u0131, m\u00fc\u0259yy\u0259n etdiyini, m\u00fcbariz\u0259 apard\u0131\u011f\u0131n\u0131 v\u0259 geri qaytard\u0131\u011f\u0131n\u0131 ara\u015fd\u0131r\u0131r.<\/p>\n<p>T\u0259dbir \u00e7\u0259r\u00e7iv\u0259sind\u0259, \u015f\u0259hid anas\u0131n\u0131n do\u011fum g\u00fcn\u00fc qeyd olunub, Leyla \u018fliyeva ona h\u0259diyy\u0259 t\u0259qdim edib.<\/p>\n<p>H\u0259m\u00e7inin s\u0259rgi i\u015ftirak\u00e7\u0131lar\u0131 \u00f6z \u0259l i\u015fl\u0259rind\u0259n Leyla \u018fliyevaya h\u0259diyy\u0259 edibl\u0259r.<\/p>\n<p>Sonda Leyla \u018fliyeva &#8220;Gazelli Group&#8221; \u015firk\u0259tinin t\u0259sis\u00e7isi v\u0259 prezidenti Z\u0259rif\u0259 H\u0259mz\u0259yevan\u0131n xatir\u0259 gu\u015f\u0259sini d\u0259 ziyar\u0259t edib.<\/p>\n<p>Festival\u0131n builki burax\u0131l\u0131\u015f\u0131n\u0131n kuratoru, multimedia r\u0259ssam\u0131 Sitara \u0130brahimb\u0259yli mart\u0131n 8-d\u0259 ke\u00e7iril\u0259n ilk s\u0259rgisinin a\u00e7\u0131l\u0131\u015f\u0131nda 27 yerli v\u0259 xarici r\u0259ssam\u0131n \u0259s\u0259rl\u0259rinin n\u00fcmayi\u015f olundu\u011funu qeyd edib: &#8220;\u00dc\u00e7\u00fcnc\u00fc ildir ki, mart\u0131n 8-d\u0259 festival\u0131n a\u00e7\u0131l\u0131\u015f\u0131n\u0131 edirik. \u00dcmumi \u00fc\u00e7 a\u00e7\u0131l\u0131\u015f olacaq. Apreld\u0259 11 n\u00f6mr\u0259li \u0130nteqrasiya t\u0259limli internat m\u0259kt\u0259binin (Bilg\u0259h) \u015fagirdl\u0259rinin tan\u0131nm\u0131\u015f m\u00fcasir r\u0259ssamlarla dialoq \u0259sas\u0131nda yarad\u0131lan birg\u0259 s\u0259rgisi t\u0259\u015fkil olunacaq. \u00dc\u00e7\u00fcnc\u00fc layih\u0259 is\u0259 \u0130\u00e7\u0259ri\u015f\u0259h\u0259rd\u0259 ke\u00e7iril\u0259c\u0259k v\u0259 a\u00e7\u0131q havada fotoqrafiya gec\u0259si olacaq. \u00dcmumilikd\u0259 \u00fc\u00e7 ay \u0259rzind\u0259 50-d\u0259n \u00e7ox r\u0259ssam\u0131n \u0259l i\u015fi s\u0259rgil\u0259n\u0259c\u0259k&#8221;.<\/p>\n<p>M\u00fcst\u0259qil r\u0259ssam Kafiy\u0259 Eyvazova builki festivala &#8220;P\u0259nc\u0259r\u0259d\u0259n bax\u0131\u015f&#8221; \u0259s\u0259ri il\u0259 qat\u0131l\u0131b. &#8220;\u00dc\u00e7 ildir festivala qat\u0131l\u0131ram v\u0259 ilk d\u0259f\u0259dir ki, xal\u00e7a texnikas\u0131nda i\u015f t\u0259qdim edir\u0259m. \u018fs\u0259r xovlu xal\u00e7a texnikas\u0131nda toxunub v\u0259 insanlar\u0131 ail\u0259 strukturunu sor\u011fulama\u011fa d\u0259v\u0259t edir. Burada ki\u015fi motivl\u0259ri qad\u0131n motivl\u0259rini sanki qoruyurmu\u015f kimi g\u00f6r\u00fcns\u0259 d\u0259, onu m\u0259hdudla\u015fd\u0131r\u0131r. Getdikc\u0259 qad\u0131n\u0131n \u00fcz cizgil\u0259ri yox olur. \u00c7\u00fcnki m\u0259hdudiyy\u0259t insan\u0131n \u015f\u0259xsiyy\u0259tini arxa plana sal\u0131r v\u0259 g\u00f6r\u00fcnm\u0259z edir. \u018fs\u0259r c\u0259miyy\u0259timiz\u0259 qad\u0131nlara d\u0259y\u0259r verm\u0259yi, onlar\u0131 dinl\u0259m\u0259yi v\u0259 azadl\u0131\u011f\u0131n\u0131 m\u0259hdudla\u015fd\u0131rmama\u011f\u0131 t\u00f6vsiy\u0259 edir&#8221;.<\/p>\n<p>Festivala may\u0131n 31-d\u0259 yekun vurulacaq.<\/p>\n<\/div>\n<div id=\"mvp-content-bot\" class=\"left\">\n<div class=\"news-gallery\"><img class=\"\" src=\"https:\/\/publika.az\/storage\/2026\/03\/09\/img_5663.png\" alt=\"\" \/><img class=\"\" src=\"https:\/\/publika.az\/storage\/2026\/03\/09\/img_5664.png\" alt=\"\" \/><img class=\"\" src=\"https:\/\/publika.az\/storage\/2026\/03\/09\/img_5666.png\" alt=\"\" \/><img class=\"\" src=\"https:\/\/publika.az\/storage\/2026\/03\/09\/img_5668.png\" alt=\"\" \/><img class=\"\" src=\"https:\/\/publika.az\/storage\/2026\/03\/09\/img_5667.png\" alt=\"\" \/><img class=\"\" src=\"https:\/\/publika.az\/storage\/2026\/03\/09\/img_5670.png\" alt=\"\" \/><img class=\"\" src=\"https:\/\/publika.az\/storage\/2026\/03\/09\/img_5669.png\" alt=\"\" \/><img class=\"\" src=\"https:\/\/publika.az\/storage\/2026\/03\/09\/img_5671.png\" alt=\"\" \/><img class=\"\" src=\"https:\/\/publika.az\/storage\/2026\/03\/09\/img_5672.png\" alt=\"\" \/><img class=\"\" src=\"https:\/\/publika.az\/storage\/2026\/03\/09\/img_5674.png\" alt=\"\" \/><img class=\"\" src=\"https:\/\/publika.az\/storage\/2026\/03\/09\/img_5673.png\" alt=\"\" \/><img class=\"\" src=\"https:\/\/publika.az\/storage\/2026\/03\/09\/img_5675.png\" alt=\"\" \/><img class=\"\" src=\"https:\/\/publika.az\/storage\/2026\/03\/09\/img_5676.png\" alt=\"\" \/><img class=\"\" src=\"https:\/\/publika.az\/storage\/2026\/03\/09\/img_5677.png\" alt=\"\" \/><img class=\"\" src=\"https:\/\/publika.az\/storage\/2026\/03\/09\/img_5679.png\" alt=\"\" \/><img class=\"\" src=\"https:\/\/publika.az\/storage\/2026\/03\/09\/img_5678.png\" alt=\"\" \/><img class=\"\" src=\"https:\/\/publika.az\/storage\/2026\/03\/09\/img_5680.png\" alt=\"\" \/><img class=\"\" src=\"https:\/\/publika.az\/storage\/2026\/03\/09\/img_5681.png\" alt=\"\" \/><\/div>\n<\/div>\n<\/div>\n<div><\/div>\n","protected":false},"excerpt":{"rendered":"<p>&#8220;Gazelli Art House&#8221;da &#8220;Her Art in Action&#8221; festival\u0131n\u0131n 2026-c\u0131 il burax\u0131l\u0131\u015f\u0131n\u0131n a\u00e7\u0131l\u0131\u015f m\u0259rasimi ke\u00e7irilib. Publika.az\u00a0x\u0259b\u0259r verir ki, festival\u0131n ilk g\u00fcn\u00fcnd\u0259 VarYox inc\u0259s\u0259n\u0259t v\u0259 m\u0259d\u0259niyy\u0259t platformas\u0131 v\u0259 &#8220;Gazelli Art House&#8221; Bak\u0131 qalereyas\u0131n\u0131n birg\u0259 \u0259m\u0259kda\u015fl\u0131\u011f\u0131 \u00e7\u0259r\u00e7iv\u0259sind\u0259 &#8220;M\u0259nz\u0259r\u0259y\u0259 a\u00e7\u0131lan ev&#8221; m\u00f6vzusunda qrup s\u0259rgisinin n\u00fcmayi\u015fin\u0259 ba\u015flan\u0131l\u0131b. S\u0259rgid\u0259 Leyla \u018fliyevan\u0131n da r\u0259sm \u0259s\u0259rl\u0259ri yer al\u0131r. Leyla \u018fliyeva s\u0259rgid\u0259 i\u015ftirak edib, n\u00fcmayi\u015f etdiril\u0259n \u0259s\u0259rl\u0259r\u0259 bax\u0131\u015f ke\u00e7irib. Leyla \u018fliyevaya festival bar\u0259d\u0259 m\u0259lumat veril\u0259r\u0259k bildirilib ki, &#8220;Her Art in Action&#8221;, VarYox inc\u0259s\u0259n\u0259t v\u0259 m\u0259d\u0259niyy\u0259t platformas\u0131 t\u0259r\u0259find\u0259n t\u0259sis edil\u0259r\u0259k h\u0259yata ke\u00e7iril\u0259n illik proqramd\u0131r v\u0259 inc\u0259s\u0259n\u0259t sah\u0259sind\u0259 gender b\u0259rab\u0259rliyinin t\u0259\u015fviqin\u0259,&hellip;<\/p>\n","protected":false},"author":2,"featured_media":843817,"comment_status":"closed","ping_status":"closed","sticky":false,"template":"","format":"standard","meta":{"om_disable_all_campaigns":false,"_monsterinsights_skip_tracking":false,"_monsterinsights_sitenote_active":false,"_monsterinsights_sitenote_note":"","_monsterinsights_sitenote_category":0},"categories":[4],"tags":[],"aioseo_notices":[],"gutentor_comment":0,"rttpg_featured_image_url":{"full":["https:\/\/arantv.az\/wp-content\/uploads\/2026\/03\/img_5665.png",945,630,false],"landscape":["https:\/\/arantv.az\/wp-content\/uploads\/2026\/03\/img_5665.png",945,630,false],"portraits":["https:\/\/arantv.az\/wp-content\/uploads\/2026\/03\/img_5665.png",945,630,false],"thumbnail":["https:\/\/arantv.az\/wp-content\/uploads\/2026\/03\/img_5665-500x280.png",500,280,true],"medium":["https:\/\/arantv.az\/wp-content\/uploads\/2026\/03\/img_5665-548x365.png",548,365,true],"large":["https:\/\/arantv.az\/wp-content\/uploads\/2026\/03\/img_5665-840x560.png",640,427,true],"1536x1536":["https:\/\/arantv.az\/wp-content\/uploads\/2026\/03\/img_5665.png",945,630,false],"2048x2048":["https:\/\/arantv.az\/wp-content\/uploads\/2026\/03\/img_5665.png",945,630,false],"post-thumbnail":["https:\/\/arantv.az\/wp-content\/uploads\/2026\/03\/img_5665-240x172.png",240,172,true],"advps-thumb-one":["https:\/\/arantv.az\/wp-content\/uploads\/2026\/03\/img_5665-945x620.png",945,620,true]},"rttpg_author":{"display_name":"V\u00fcsal Rafiqo\u011flu","author_link":"https:\/\/arantv.az\/?author=2"},"rttpg_comment":0,"rttpg_category":"<a href=\"https:\/\/arantv.az\/?cat=4\" rel=\"category\">Siyas\u0259t<\/a>","rttpg_excerpt":"&#8220;Gazelli Art House&#8221;da &#8220;Her Art in Action&#8221; festival\u0131n\u0131n 2026-c\u0131 il burax\u0131l\u0131\u015f\u0131n\u0131n a\u00e7\u0131l\u0131\u015f m\u0259rasimi ke\u00e7irilib. Publika.az\u00a0x\u0259b\u0259r verir ki, festival\u0131n ilk g\u00fcn\u00fcnd\u0259 VarYox inc\u0259s\u0259n\u0259t v\u0259 m\u0259d\u0259niyy\u0259t platformas\u0131 v\u0259 &#8220;Gazelli Art House&#8221; Bak\u0131 qalereyas\u0131n\u0131n birg\u0259 \u0259m\u0259kda\u015fl\u0131\u011f\u0131 \u00e7\u0259r\u00e7iv\u0259sind\u0259 &#8220;M\u0259nz\u0259r\u0259y\u0259 a\u00e7\u0131lan ev&#8221; m\u00f6vzusunda qrup s\u0259rgisinin n\u00fcmayi\u015fin\u0259 ba\u015flan\u0131l\u0131b. S\u0259rgid\u0259 Leyla \u018fliyevan\u0131n da r\u0259sm \u0259s\u0259rl\u0259ri yer al\u0131r. Leyla \u018fliyeva s\u0259rgid\u0259 i\u015ftirak edib,&hellip;","_links":{"self":[{"href":"https:\/\/arantv.az\/index.php?rest_route=\/wp\/v2\/posts\/843815"}],"collection":[{"href":"https:\/\/arantv.az\/index.php?rest_route=\/wp\/v2\/posts"}],"about":[{"href":"https:\/\/arantv.az\/index.php?rest_route=\/wp\/v2\/types\/post"}],"author":[{"embeddable":true,"href":"https:\/\/arantv.az\/index.php?rest_route=\/wp\/v2\/users\/2"}],"replies":[{"embeddable":true,"href":"https:\/\/arantv.az\/index.php?rest_route=%2Fwp%2Fv2%2Fcomments&post=843815"}],"version-history":[{"count":1,"href":"https:\/\/arantv.az\/index.php?rest_route=\/wp\/v2\/posts\/843815\/revisions"}],"predecessor-version":[{"id":843818,"href":"https:\/\/arantv.az\/index.php?rest_route=\/wp\/v2\/posts\/843815\/revisions\/843818"}],"wp:featuredmedia":[{"embeddable":true,"href":"https:\/\/arantv.az\/index.php?rest_route=\/wp\/v2\/media\/843817"}],"wp:attachment":[{"href":"https:\/\/arantv.az\/index.php?rest_route=%2Fwp%2Fv2%2Fmedia&parent=843815"}],"wp:term":[{"taxonomy":"category","embeddable":true,"href":"https:\/\/arantv.az\/index.php?rest_route=%2Fwp%2Fv2%2Fcategories&post=843815"},{"taxonomy":"post_tag","embeddable":true,"href":"https:\/\/arantv.az\/index.php?rest_route=%2Fwp%2Fv2%2Ftags&post=843815"}],"curies":[{"name":"wp","href":"https:\/\/api.w.org\/{rel}","templated":true}]}}