{"id":843820,"date":"2026-03-09T12:23:51","date_gmt":"2026-03-09T08:23:51","guid":{"rendered":"https:\/\/arantv.az\/?p=843820"},"modified":"2026-03-09T12:23:51","modified_gmt":"2026-03-09T08:23:51","slug":"azal-naxcivana-birbasa-ucuslari-b%c9%99rpa-edir","status":"publish","type":"post","link":"https:\/\/arantv.az\/?p=843820","title":{"rendered":"AZAL Nax\u00e7\u0131vana birba\u015fa u\u00e7u\u015flar\u0131 b\u0259rpa edir"},"content":{"rendered":"<p>&nbsp;<\/p>\n<p><strong>Az\u0259rbaycan Hava Yollar\u0131 (AZAL) 9 mart 2026-c\u0131 il tarixind\u0259n etibar\u0259n Bak\u0131dan Nax\u00e7\u0131van istiqam\u0259tind\u0259 birba\u015fa u\u00e7u\u015flar\u0131 b\u0259rpa edir.<\/strong><\/p>\n<p><strong>Musavat.com<\/strong>\u00a0x\u0259b\u0259r verir ki, AZAL-\u0131n 9 mart 2026-c\u0131 il tarixin\u0259 Bak\u0131-Nax\u00e7\u0131van-Bak\u0131 mar\u015frutu \u00fczr\u0259 planla\u015fd\u0131r\u0131lm\u0131\u015f u\u00e7u\u015f c\u0259dv\u0259li a\u015fa\u011f\u0131dak\u0131 kimidir:<\/p>\n<p><strong><img src=\"https:\/\/qafqazinfo.az\/uploads\/images\/Screenshot_220(1).png\" alt=\"\" width=\"100%\" \/><\/strong><\/p>\n<p><strong><em>Qeyd ed\u0259k ki, 10 mart 2026-c\u0131 il tarixind\u0259n etibar\u0259n Nax\u00e7\u0131van istiqam\u0259tind\u0259 u\u00e7u\u015flar \u015ftat rejimd\u0259 (\u0259n\u0259n\u0259vi qaydada) h\u0259yata ke\u00e7irilm\u0259y\u0259 davam ed\u0259c\u0259k.<\/em><\/strong><\/p>\n<p>AZAL m\u00f6vcud v\u0259ziyy\u0259ti diqq\u0259tl\u0259 izl\u0259m\u0259y\u0259 davam edir v\u0259 reysl\u0259rin t\u0259hl\u00fck\u0259sizliyinin t\u0259min edilm\u0259si \u00fc\u00e7\u00fcn b\u00fct\u00fcn laz\u0131mi t\u0259dbirl\u0259ri g\u00f6r\u00fcr. S\u0259rni\u015finl\u0259r u\u00e7u\u015f c\u0259dv\u0259lind\u0259ki d\u0259yi\u015fiklikl\u0259r bar\u0259d\u0259 operativ \u015f\u0259kild\u0259 m\u0259lumatland\u0131r\u0131lacaqlar.<\/p>\n<p>\u018flav\u0259 sual yaranarsa,\u00a0<a href=\"mailto:callcenter@azal.az\">callcenter@azal.az<\/a>\u00a0elektron po\u00e7t \u00fcnvan\u0131 vasit\u0259sil\u0259 avia\u015firk\u0259t\u0259 m\u00fcraci\u0259t etm\u0259k m\u00fcmk\u00fcnd\u00fcr.<\/p>\n","protected":false},"excerpt":{"rendered":"<p>&nbsp; Az\u0259rbaycan Hava Yollar\u0131 (AZAL) 9 mart 2026-c\u0131 il tarixind\u0259n etibar\u0259n Bak\u0131dan Nax\u00e7\u0131van istiqam\u0259tind\u0259 birba\u015fa u\u00e7u\u015flar\u0131 b\u0259rpa edir. Musavat.com\u00a0x\u0259b\u0259r verir ki, AZAL-\u0131n 9 mart 2026-c\u0131 il tarixin\u0259 Bak\u0131-Nax\u00e7\u0131van-Bak\u0131 mar\u015frutu \u00fczr\u0259 planla\u015fd\u0131r\u0131lm\u0131\u015f u\u00e7u\u015f c\u0259dv\u0259li a\u015fa\u011f\u0131dak\u0131 kimidir: Qeyd ed\u0259k ki, 10 mart 2026-c\u0131 il tarixind\u0259n etibar\u0259n Nax\u00e7\u0131van istiqam\u0259tind\u0259 u\u00e7u\u015flar \u015ftat rejimd\u0259 (\u0259n\u0259n\u0259vi qaydada) h\u0259yata ke\u00e7irilm\u0259y\u0259 davam ed\u0259c\u0259k. AZAL m\u00f6vcud v\u0259ziyy\u0259ti diqq\u0259tl\u0259 izl\u0259m\u0259y\u0259 davam edir v\u0259 reysl\u0259rin t\u0259hl\u00fck\u0259sizliyinin t\u0259min edilm\u0259si \u00fc\u00e7\u00fcn b\u00fct\u00fcn laz\u0131mi t\u0259dbirl\u0259ri g\u00f6r\u00fcr. S\u0259rni\u015finl\u0259r u\u00e7u\u015f c\u0259dv\u0259lind\u0259ki d\u0259yi\u015fiklikl\u0259r bar\u0259d\u0259 operativ \u015f\u0259kild\u0259 m\u0259lumatland\u0131r\u0131lacaqlar. \u018flav\u0259 sual yaranarsa,\u00a0callcenter@azal.az\u00a0elektron po\u00e7t \u00fcnvan\u0131 vasit\u0259sil\u0259 avia\u015firk\u0259t\u0259 m\u00fcraci\u0259t etm\u0259k m\u00fcmk\u00fcnd\u00fcr.<\/p>\n","protected":false},"author":2,"featured_media":843821,"comment_status":"closed","ping_status":"closed","sticky":false,"template":"","format":"standard","meta":{"om_disable_all_campaigns":false,"_monsterinsights_skip_tracking":false,"_monsterinsights_sitenote_active":false,"_monsterinsights_sitenote_note":"","_monsterinsights_sitenote_category":0},"categories":[19],"tags":[],"aioseo_notices":[],"gutentor_comment":0,"rttpg_featured_image_url":{"full":["https:\/\/arantv.az\/wp-content\/uploads\/2026\/03\/99274f529289406b49a86434bf9d65b9.jpg",870,500,false],"landscape":["https:\/\/arantv.az\/wp-content\/uploads\/2026\/03\/99274f529289406b49a86434bf9d65b9.jpg",870,500,false],"portraits":["https:\/\/arantv.az\/wp-content\/uploads\/2026\/03\/99274f529289406b49a86434bf9d65b9.jpg",870,500,false],"thumbnail":["https:\/\/arantv.az\/wp-content\/uploads\/2026\/03\/99274f529289406b49a86434bf9d65b9-500x280.jpg",500,280,true],"medium":["https:\/\/arantv.az\/wp-content\/uploads\/2026\/03\/99274f529289406b49a86434bf9d65b9-635x365.jpg",635,365,true],"large":["https:\/\/arantv.az\/wp-content\/uploads\/2026\/03\/99274f529289406b49a86434bf9d65b9-840x483.jpg",640,368,true],"1536x1536":["https:\/\/arantv.az\/wp-content\/uploads\/2026\/03\/99274f529289406b49a86434bf9d65b9.jpg",870,500,false],"2048x2048":["https:\/\/arantv.az\/wp-content\/uploads\/2026\/03\/99274f529289406b49a86434bf9d65b9.jpg",870,500,false],"post-thumbnail":["https:\/\/arantv.az\/wp-content\/uploads\/2026\/03\/99274f529289406b49a86434bf9d65b9-240x172.jpg",240,172,true],"advps-thumb-one":["https:\/\/arantv.az\/wp-content\/uploads\/2026\/03\/99274f529289406b49a86434bf9d65b9.jpg",870,500,false]},"rttpg_author":{"display_name":"V\u00fcsal Rafiqo\u011flu","author_link":"https:\/\/arantv.az\/?author=2"},"rttpg_comment":0,"rttpg_category":"<a href=\"https:\/\/arantv.az\/?cat=19\" rel=\"category\">G\u00fcnd\u0259m<\/a>","rttpg_excerpt":"&nbsp; Az\u0259rbaycan Hava Yollar\u0131 (AZAL) 9 mart 2026-c\u0131 il tarixind\u0259n etibar\u0259n Bak\u0131dan Nax\u00e7\u0131van istiqam\u0259tind\u0259 birba\u015fa u\u00e7u\u015flar\u0131 b\u0259rpa edir. Musavat.com\u00a0x\u0259b\u0259r verir ki, AZAL-\u0131n 9 mart 2026-c\u0131 il tarixin\u0259 Bak\u0131-Nax\u00e7\u0131van-Bak\u0131 mar\u015frutu \u00fczr\u0259 planla\u015fd\u0131r\u0131lm\u0131\u015f u\u00e7u\u015f c\u0259dv\u0259li a\u015fa\u011f\u0131dak\u0131 kimidir: Qeyd ed\u0259k ki, 10 mart 2026-c\u0131 il tarixind\u0259n etibar\u0259n Nax\u00e7\u0131van istiqam\u0259tind\u0259 u\u00e7u\u015flar \u015ftat rejimd\u0259 (\u0259n\u0259n\u0259vi qaydada) h\u0259yata ke\u00e7irilm\u0259y\u0259 davam ed\u0259c\u0259k.&hellip;","_links":{"self":[{"href":"https:\/\/arantv.az\/index.php?rest_route=\/wp\/v2\/posts\/843820"}],"collection":[{"href":"https:\/\/arantv.az\/index.php?rest_route=\/wp\/v2\/posts"}],"about":[{"href":"https:\/\/arantv.az\/index.php?rest_route=\/wp\/v2\/types\/post"}],"author":[{"embeddable":true,"href":"https:\/\/arantv.az\/index.php?rest_route=\/wp\/v2\/users\/2"}],"replies":[{"embeddable":true,"href":"https:\/\/arantv.az\/index.php?rest_route=%2Fwp%2Fv2%2Fcomments&post=843820"}],"version-history":[{"count":1,"href":"https:\/\/arantv.az\/index.php?rest_route=\/wp\/v2\/posts\/843820\/revisions"}],"predecessor-version":[{"id":843822,"href":"https:\/\/arantv.az\/index.php?rest_route=\/wp\/v2\/posts\/843820\/revisions\/843822"}],"wp:featuredmedia":[{"embeddable":true,"href":"https:\/\/arantv.az\/index.php?rest_route=\/wp\/v2\/media\/843821"}],"wp:attachment":[{"href":"https:\/\/arantv.az\/index.php?rest_route=%2Fwp%2Fv2%2Fmedia&parent=843820"}],"wp:term":[{"taxonomy":"category","embeddable":true,"href":"https:\/\/arantv.az\/index.php?rest_route=%2Fwp%2Fv2%2Fcategories&post=843820"},{"taxonomy":"post_tag","embeddable":true,"href":"https:\/\/arantv.az\/index.php?rest_route=%2Fwp%2Fv2%2Ftags&post=843820"}],"curies":[{"name":"wp","href":"https:\/\/api.w.org\/{rel}","templated":true}]}}