{"id":843847,"date":"2026-03-09T18:49:04","date_gmt":"2026-03-09T14:49:04","guid":{"rendered":"https:\/\/arantv.az\/?p=843847"},"modified":"2026-03-09T18:49:04","modified_gmt":"2026-03-09T14:49:04","slug":"q%c9%99dr-gec%c9%99si-v%c9%99-mubahis%c9%99-doguran-ayin-ilahiyyatcidan-aciqlama","status":"publish","type":"post","link":"https:\/\/arantv.az\/?p=843847","title":{"rendered":"Q\u0259dr gec\u0259si v\u0259 m\u00fcbahis\u0259 do\u011furan ayin: \u0130lahiyyat\u00e7\u0131dan a\u00e7\u0131qlama"},"content":{"rendered":"<p>Ramazan ay\u0131n\u0131n \u0259n m\u00fcq\u0259dd\u0259s v\u0259 m\u0259n\u0259vi bax\u0131mdan \u0259n d\u0259y\u0259rli gec\u0259l\u0259ri hesab olunan Q\u0259dr gec\u0259l\u0259ri m\u00fcs\u0259lman d\u00fcnyas\u0131nda x\u00fcsusi ehtiramla qar\u015f\u0131lan\u0131r. \u0130slam inanc\u0131na g\u00f6r\u0259, m\u0259hz bu gec\u0259l\u0259rin birind\u0259 Qurani-K\u0259rim nazil edilib v\u0259 buna g\u00f6r\u0259 d\u0259 m\u00f6minl\u0259r bu gec\u0259l\u0259ri ibad\u0259t, dua v\u0259 t\u00f6vb\u0259 il\u0259 ke\u00e7irm\u0259y\u0259 \u00e7al\u0131\u015f\u0131rlar. Mart\u0131n 8-d\u0259n 9-na ke\u00e7\u0259n gec\u0259 is\u0259 bu ilin ilk Q\u0259dr gec\u0259si kimi qeyd olundu. Bir \u00e7ox inancl\u0131lar h\u0259min gec\u0259ni yatmadan ke\u00e7ir\u0259r\u0259k Qurani-K\u0259rimd\u0259n ay\u0259l\u0259r oxuyur, dua edir v\u0259 m\u0259n\u0259vi t\u0259mizl\u0259nm\u0259y\u0259 \u00e7al\u0131\u015f\u0131rlar.<\/p>\n<p>Q\u0259dr gec\u0259l\u0259rind\u0259 h\u0259yata ke\u00e7iril\u0259n ibad\u0259t v\u0259 dini m\u0259rasiml\u0259r s\u0131ras\u0131nda x\u00fcsusi rituallar da yer al\u0131r. Onlardan biri d\u0259 Qurani-K\u0259rimin ba\u015f \u00fcz\u0259rin\u0259 qoyularaq m\u00fc\u0259yy\u0259n ay\u0259l\u0259rin v\u0259 dualar\u0131n oxunmas\u0131d\u0131r. Bu \u0259n\u0259n\u0259 b\u0259zi m\u00f6minl\u0259r t\u0259r\u0259find\u0259n d\u0259rin simvolik m\u0259na da\u015f\u0131yan dini m\u0259rasim kimi q\u0259bul edilir. Dig\u0259rl\u0259ri is\u0259 bunu sad\u0259c\u0259 ibad\u0259tin bir formas\u0131 v\u0259 ya \u0259srl\u0259rdir davam ed\u0259n dini ayin kimi qiym\u0259tl\u0259ndirir. \u0130nanca g\u00f6r\u0259, Qurani-K\u0259rimin m\u0259hz Q\u0259dr gec\u0259l\u0259rinin birind\u0259 nazil olmas\u0131 bu gec\u0259l\u0259rin v\u0259 bu kimi rituallar\u0131n m\u00fcs\u0259lmanlar \u00fc\u00e7\u00fcn x\u00fcsusi \u0259h\u0259miyy\u0259t k\u0259sb etm\u0259sin\u0259 s\u0259b\u0259b olur.<\/p>\n<p>Bununla bel\u0259, son ill\u0259r sosial \u015f\u0259b\u0259k\u0259l\u0259rd\u0259 v\u0259 ictimai m\u00fczakir\u0259l\u0259rd\u0259 bu ayin \u0259traf\u0131nda f\u0259rqli fikirl\u0259r s\u0259sl\u0259ndirilir. B\u0259zil\u0259ri Quran\u0131 ba\u015f \u00fcz\u0259rin\u0259 qoyaraq edil\u0259n ibad\u0259ti m\u0259n\u0259vi simvol kimi q\u0259bul ets\u0259 d\u0259, dig\u0259rl\u0259ri bu m\u0259rasimi t\u0259nqid edir, h\u0259tta b\u0259z\u0259n m\u0259sx\u0259r\u0259y\u0259 qoyur. Bu is\u0259 inancl\u0131 insanlar aras\u0131nda naraz\u0131l\u0131q do\u011furur. Onlar hesab edirl\u0259r ki, dig\u0259r dinl\u0259rd\u0259 m\u00f6vcud olan rituallar v\u0259 dini \u0259n\u0259n\u0259l\u0259r h\u00f6rm\u0259tl\u0259 qar\u015f\u0131land\u0131\u011f\u0131 halda, \u0130slamla ba\u011fl\u0131 b\u0259zi ibad\u0259t formalar\u0131n\u0131n sosial mediada la\u011f obyektin\u0259 \u00e7evrilm\u0259si d\u00fczg\u00fcn deyil v\u0259 c\u0259miyy\u0259td\u0259 nifaq yarada bil\u0259r.<\/p>\n<p>M\u00f6vzu il\u0259 ba\u011fl\u0131 ilahiyyat\u00e7\u0131 Samid Quliyev Musavat.com-a bildirib ki, Quran\u0131 ba\u015f \u00fcz\u0259rin\u0259 qoymaq dini bax\u0131mdan m\u0259cburi bir \u0259m\u0259l deyil v\u0259 daha \u00e7ox simvolik m\u0259na da\u015f\u0131y\u0131r. Onun s\u00f6zl\u0259rin\u0259 g\u00f6r\u0259, bu ritualla m\u00f6min sanki \u201c\u0130lahi, S\u0259n bu kitab\u0131 bu gec\u0259 nazil etmis\u0259n v\u0259 onun h\u00f6kml\u0259ri m\u0259nim \u00fc\u00e7\u00fcn \u0259n uca yerd\u0259dir\u201d mesaj\u0131n\u0131 ifad\u0259 edir. Lakin bu \u0259m\u0259l vacib ibad\u0259t say\u0131lm\u0131r v\u0259 h\u0259r bir m\u00f6min onu \u00f6z inanc\u0131na v\u0259 yana\u015fmas\u0131na uy\u011fun \u015f\u0259kild\u0259 d\u0259y\u0259rl\u0259ndir\u0259 bil\u0259r.<\/p>\n<p>Qeyd ed\u0259k ki, ikinci Q\u0259dr gec\u0259si mart\u0131n 10-da, \u00fc\u00e7\u00fcnc\u00fcs\u00fc 12, sonuncusu is\u0259 16-da olacaq. \u015e\u0259vval ay\u0131n\u0131n 1-i (mart\u0131n 20-si) Az\u0259rbaycanda Ramazan (Fitr) bayram\u0131 qeyd olunacaq. Nazirl\u0259r Kabinetinin m\u00fcvafiq q\u0259rar\u0131na \u0259sas\u0259n mart\u0131n 20, 21-i Az\u0259rbaycanda Ramazan bayram\u0131d\u0131r.<\/p>\n<p><strong>Afaq Mirayiq,<\/strong><br \/>\n<strong>Musavat.com<\/strong><\/p>\n","protected":false},"excerpt":{"rendered":"<p>Ramazan ay\u0131n\u0131n \u0259n m\u00fcq\u0259dd\u0259s v\u0259 m\u0259n\u0259vi bax\u0131mdan \u0259n d\u0259y\u0259rli gec\u0259l\u0259ri hesab olunan Q\u0259dr gec\u0259l\u0259ri m\u00fcs\u0259lman d\u00fcnyas\u0131nda x\u00fcsusi ehtiramla qar\u015f\u0131lan\u0131r. \u0130slam inanc\u0131na g\u00f6r\u0259, m\u0259hz bu gec\u0259l\u0259rin birind\u0259 Qurani-K\u0259rim nazil edilib v\u0259 buna g\u00f6r\u0259 d\u0259 m\u00f6minl\u0259r bu gec\u0259l\u0259ri ibad\u0259t, dua v\u0259 t\u00f6vb\u0259 il\u0259 ke\u00e7irm\u0259y\u0259 \u00e7al\u0131\u015f\u0131rlar. Mart\u0131n 8-d\u0259n 9-na ke\u00e7\u0259n gec\u0259 is\u0259 bu ilin ilk Q\u0259dr gec\u0259si kimi qeyd olundu. Bir \u00e7ox inancl\u0131lar h\u0259min gec\u0259ni yatmadan ke\u00e7ir\u0259r\u0259k Qurani-K\u0259rimd\u0259n ay\u0259l\u0259r oxuyur, dua edir v\u0259 m\u0259n\u0259vi t\u0259mizl\u0259nm\u0259y\u0259 \u00e7al\u0131\u015f\u0131rlar. Q\u0259dr gec\u0259l\u0259rind\u0259 h\u0259yata ke\u00e7iril\u0259n ibad\u0259t v\u0259 dini m\u0259rasiml\u0259r s\u0131ras\u0131nda x\u00fcsusi rituallar da yer al\u0131r. Onlardan biri d\u0259&hellip;<\/p>\n","protected":false},"author":2,"featured_media":843848,"comment_status":"closed","ping_status":"closed","sticky":false,"template":"","format":"standard","meta":{"om_disable_all_campaigns":false,"_monsterinsights_skip_tracking":false,"_monsterinsights_sitenote_active":false,"_monsterinsights_sitenote_note":"","_monsterinsights_sitenote_category":0},"categories":[1],"tags":[],"aioseo_notices":[],"gutentor_comment":0,"rttpg_featured_image_url":{"full":["https:\/\/arantv.az\/wp-content\/uploads\/2026\/03\/caea0a51298e4e223cf4e5b1339b666b.jpg",740,493,false],"landscape":["https:\/\/arantv.az\/wp-content\/uploads\/2026\/03\/caea0a51298e4e223cf4e5b1339b666b.jpg",740,493,false],"portraits":["https:\/\/arantv.az\/wp-content\/uploads\/2026\/03\/caea0a51298e4e223cf4e5b1339b666b.jpg",740,493,false],"thumbnail":["https:\/\/arantv.az\/wp-content\/uploads\/2026\/03\/caea0a51298e4e223cf4e5b1339b666b-500x280.jpg",500,280,true],"medium":["https:\/\/arantv.az\/wp-content\/uploads\/2026\/03\/caea0a51298e4e223cf4e5b1339b666b-548x365.jpg",548,365,true],"large":["https:\/\/arantv.az\/wp-content\/uploads\/2026\/03\/caea0a51298e4e223cf4e5b1339b666b.jpg",640,426,false],"1536x1536":["https:\/\/arantv.az\/wp-content\/uploads\/2026\/03\/caea0a51298e4e223cf4e5b1339b666b.jpg",740,493,false],"2048x2048":["https:\/\/arantv.az\/wp-content\/uploads\/2026\/03\/caea0a51298e4e223cf4e5b1339b666b.jpg",740,493,false],"post-thumbnail":["https:\/\/arantv.az\/wp-content\/uploads\/2026\/03\/caea0a51298e4e223cf4e5b1339b666b-240x172.jpg",240,172,true],"advps-thumb-one":["https:\/\/arantv.az\/wp-content\/uploads\/2026\/03\/caea0a51298e4e223cf4e5b1339b666b.jpg",740,493,false]},"rttpg_author":{"display_name":"V\u00fcsal Rafiqo\u011flu","author_link":"https:\/\/arantv.az\/?author=2"},"rttpg_comment":0,"rttpg_category":"<a href=\"https:\/\/arantv.az\/?cat=1\" rel=\"category\">C\u0259miyy\u0259t<\/a>","rttpg_excerpt":"Ramazan ay\u0131n\u0131n \u0259n m\u00fcq\u0259dd\u0259s v\u0259 m\u0259n\u0259vi bax\u0131mdan \u0259n d\u0259y\u0259rli gec\u0259l\u0259ri hesab olunan Q\u0259dr gec\u0259l\u0259ri m\u00fcs\u0259lman d\u00fcnyas\u0131nda x\u00fcsusi ehtiramla qar\u015f\u0131lan\u0131r. \u0130slam inanc\u0131na g\u00f6r\u0259, m\u0259hz bu gec\u0259l\u0259rin birind\u0259 Qurani-K\u0259rim nazil edilib v\u0259 buna g\u00f6r\u0259 d\u0259 m\u00f6minl\u0259r bu gec\u0259l\u0259ri ibad\u0259t, dua v\u0259 t\u00f6vb\u0259 il\u0259 ke\u00e7irm\u0259y\u0259 \u00e7al\u0131\u015f\u0131rlar. Mart\u0131n 8-d\u0259n 9-na ke\u00e7\u0259n gec\u0259 is\u0259 bu ilin ilk Q\u0259dr gec\u0259si kimi&hellip;","_links":{"self":[{"href":"https:\/\/arantv.az\/index.php?rest_route=\/wp\/v2\/posts\/843847"}],"collection":[{"href":"https:\/\/arantv.az\/index.php?rest_route=\/wp\/v2\/posts"}],"about":[{"href":"https:\/\/arantv.az\/index.php?rest_route=\/wp\/v2\/types\/post"}],"author":[{"embeddable":true,"href":"https:\/\/arantv.az\/index.php?rest_route=\/wp\/v2\/users\/2"}],"replies":[{"embeddable":true,"href":"https:\/\/arantv.az\/index.php?rest_route=%2Fwp%2Fv2%2Fcomments&post=843847"}],"version-history":[{"count":1,"href":"https:\/\/arantv.az\/index.php?rest_route=\/wp\/v2\/posts\/843847\/revisions"}],"predecessor-version":[{"id":843849,"href":"https:\/\/arantv.az\/index.php?rest_route=\/wp\/v2\/posts\/843847\/revisions\/843849"}],"wp:featuredmedia":[{"embeddable":true,"href":"https:\/\/arantv.az\/index.php?rest_route=\/wp\/v2\/media\/843848"}],"wp:attachment":[{"href":"https:\/\/arantv.az\/index.php?rest_route=%2Fwp%2Fv2%2Fmedia&parent=843847"}],"wp:term":[{"taxonomy":"category","embeddable":true,"href":"https:\/\/arantv.az\/index.php?rest_route=%2Fwp%2Fv2%2Fcategories&post=843847"},{"taxonomy":"post_tag","embeddable":true,"href":"https:\/\/arantv.az\/index.php?rest_route=%2Fwp%2Fv2%2Ftags&post=843847"}],"curies":[{"name":"wp","href":"https:\/\/api.w.org\/{rel}","templated":true}]}}