{"id":843853,"date":"2026-03-09T18:50:59","date_gmt":"2026-03-09T14:50:59","guid":{"rendered":"https:\/\/arantv.az\/?p=843853"},"modified":"2026-03-09T18:50:59","modified_gmt":"2026-03-09T14:50:59","slug":"hakan-fidan-ceyhun-bayramova-z%c9%99ng-etdi","status":"publish","type":"post","link":"https:\/\/arantv.az\/?p=843853","title":{"rendered":"Hakan Fidan Ceyhun Bayramova z\u0259ng etdi"},"content":{"rendered":"<p>T\u00fcrkiy\u0259nin xarici i\u015fl\u0259r naziri Hakan Fidan Az\u0259rbaycan xarici i\u015fl\u0259r naziri Ceyhun Bayramova z\u0259ng vurub.<\/p>\n<p>Bu bar\u0259d\u0259 T\u00fcrkiy\u0259 m\u0259tbuat\u0131 m\u0259lumat yay\u0131b.<\/p>\n<p>S\u00f6hb\u0259t zaman\u0131 regiondak\u0131 g\u0259rginliyin azald\u0131lmas\u0131 m\u00fczakir\u0259 edilib.<\/p>\n<p>H.Fidan eyni m\u00f6vzuda C\u0259nubi Koreyan\u0131n xarici i\u015fl\u0259r naziri \u00c7o Hyonla da telefon dan\u0131\u015f\u0131\u011f\u0131 apar\u0131b.<\/p>\n","protected":false},"excerpt":{"rendered":"<p>T\u00fcrkiy\u0259nin xarici i\u015fl\u0259r naziri Hakan Fidan Az\u0259rbaycan xarici i\u015fl\u0259r naziri Ceyhun Bayramova z\u0259ng vurub. Bu bar\u0259d\u0259 T\u00fcrkiy\u0259 m\u0259tbuat\u0131 m\u0259lumat yay\u0131b. S\u00f6hb\u0259t zaman\u0131 regiondak\u0131 g\u0259rginliyin azald\u0131lmas\u0131 m\u00fczakir\u0259 edilib. H.Fidan eyni m\u00f6vzuda C\u0259nubi Koreyan\u0131n xarici i\u015fl\u0259r naziri \u00c7o Hyonla da telefon dan\u0131\u015f\u0131\u011f\u0131 apar\u0131b.<\/p>\n","protected":false},"author":2,"featured_media":843854,"comment_status":"closed","ping_status":"closed","sticky":false,"template":"","format":"standard","meta":{"om_disable_all_campaigns":false,"_monsterinsights_skip_tracking":false,"_monsterinsights_sitenote_active":false,"_monsterinsights_sitenote_note":"","_monsterinsights_sitenote_category":0},"categories":[4],"tags":[],"aioseo_notices":[],"gutentor_comment":0,"rttpg_featured_image_url":{"full":["https:\/\/arantv.az\/wp-content\/uploads\/2026\/03\/610d9d4a139b39e22a7081031a3ff79e.jpg",800,500,false],"landscape":["https:\/\/arantv.az\/wp-content\/uploads\/2026\/03\/610d9d4a139b39e22a7081031a3ff79e.jpg",800,500,false],"portraits":["https:\/\/arantv.az\/wp-content\/uploads\/2026\/03\/610d9d4a139b39e22a7081031a3ff79e.jpg",800,500,false],"thumbnail":["https:\/\/arantv.az\/wp-content\/uploads\/2026\/03\/610d9d4a139b39e22a7081031a3ff79e-500x280.jpg",500,280,true],"medium":["https:\/\/arantv.az\/wp-content\/uploads\/2026\/03\/610d9d4a139b39e22a7081031a3ff79e-584x365.jpg",584,365,true],"large":["https:\/\/arantv.az\/wp-content\/uploads\/2026\/03\/610d9d4a139b39e22a7081031a3ff79e.jpg",640,400,false],"1536x1536":["https:\/\/arantv.az\/wp-content\/uploads\/2026\/03\/610d9d4a139b39e22a7081031a3ff79e.jpg",800,500,false],"2048x2048":["https:\/\/arantv.az\/wp-content\/uploads\/2026\/03\/610d9d4a139b39e22a7081031a3ff79e.jpg",800,500,false],"post-thumbnail":["https:\/\/arantv.az\/wp-content\/uploads\/2026\/03\/610d9d4a139b39e22a7081031a3ff79e-240x172.jpg",240,172,true],"advps-thumb-one":["https:\/\/arantv.az\/wp-content\/uploads\/2026\/03\/610d9d4a139b39e22a7081031a3ff79e.jpg",800,500,false]},"rttpg_author":{"display_name":"V\u00fcsal Rafiqo\u011flu","author_link":"https:\/\/arantv.az\/?author=2"},"rttpg_comment":0,"rttpg_category":"<a href=\"https:\/\/arantv.az\/?cat=4\" rel=\"category\">Siyas\u0259t<\/a>","rttpg_excerpt":"T\u00fcrkiy\u0259nin xarici i\u015fl\u0259r naziri Hakan Fidan Az\u0259rbaycan xarici i\u015fl\u0259r naziri Ceyhun Bayramova z\u0259ng vurub. Bu bar\u0259d\u0259 T\u00fcrkiy\u0259 m\u0259tbuat\u0131 m\u0259lumat yay\u0131b. S\u00f6hb\u0259t zaman\u0131 regiondak\u0131 g\u0259rginliyin azald\u0131lmas\u0131 m\u00fczakir\u0259 edilib. H.Fidan eyni m\u00f6vzuda C\u0259nubi Koreyan\u0131n xarici i\u015fl\u0259r naziri \u00c7o Hyonla da telefon dan\u0131\u015f\u0131\u011f\u0131 apar\u0131b.","_links":{"self":[{"href":"https:\/\/arantv.az\/index.php?rest_route=\/wp\/v2\/posts\/843853"}],"collection":[{"href":"https:\/\/arantv.az\/index.php?rest_route=\/wp\/v2\/posts"}],"about":[{"href":"https:\/\/arantv.az\/index.php?rest_route=\/wp\/v2\/types\/post"}],"author":[{"embeddable":true,"href":"https:\/\/arantv.az\/index.php?rest_route=\/wp\/v2\/users\/2"}],"replies":[{"embeddable":true,"href":"https:\/\/arantv.az\/index.php?rest_route=%2Fwp%2Fv2%2Fcomments&post=843853"}],"version-history":[{"count":1,"href":"https:\/\/arantv.az\/index.php?rest_route=\/wp\/v2\/posts\/843853\/revisions"}],"predecessor-version":[{"id":843855,"href":"https:\/\/arantv.az\/index.php?rest_route=\/wp\/v2\/posts\/843853\/revisions\/843855"}],"wp:featuredmedia":[{"embeddable":true,"href":"https:\/\/arantv.az\/index.php?rest_route=\/wp\/v2\/media\/843854"}],"wp:attachment":[{"href":"https:\/\/arantv.az\/index.php?rest_route=%2Fwp%2Fv2%2Fmedia&parent=843853"}],"wp:term":[{"taxonomy":"category","embeddable":true,"href":"https:\/\/arantv.az\/index.php?rest_route=%2Fwp%2Fv2%2Fcategories&post=843853"},{"taxonomy":"post_tag","embeddable":true,"href":"https:\/\/arantv.az\/index.php?rest_route=%2Fwp%2Fv2%2Ftags&post=843853"}],"curies":[{"name":"wp","href":"https:\/\/api.w.org\/{rel}","templated":true}]}}