{"id":843859,"date":"2026-03-09T18:53:26","date_gmt":"2026-03-09T14:53:26","guid":{"rendered":"https:\/\/arantv.az\/?p=843859"},"modified":"2026-03-09T18:53:26","modified_gmt":"2026-03-09T14:53:26","slug":"ilham-%c9%99liyev-muct%c9%99ba-xameneyini-iranin-ali-r%c9%99hb%c9%99ri-secilm%c9%99si-munasib%c9%99til%c9%99-t%c9%99brik-edib","status":"publish","type":"post","link":"https:\/\/arantv.az\/?p=843859","title":{"rendered":"\u0130lham \u018fliyev M\u00fcct\u0259ba Xameneyini \u0130ran\u0131n ali r\u0259hb\u0259ri se\u00e7ilm\u0259si m\u00fcnasib\u0259til\u0259 t\u0259brik edib"},"content":{"rendered":"<p><strong>Az\u0259rbaycan Respublikas\u0131n\u0131n Prezidenti \u0130lham \u018fliyev \u0130ran \u0130slam Respublikas\u0131n\u0131n Ali R\u0259hb\u0259ri Ay\u0259tullah Seyid M\u00fcct\u0259ba H\u00fcseyni Xameneyiy\u0259 t\u0259brik m\u0259ktubu \u00fcnvanlay\u0131b.<\/strong><\/p>\n<p>Musavat.com-un\u00a0m\u0259lumat\u0131na g\u00f6r\u0259, m\u0259tnd\u0259 deyilir:<\/p>\n<p>&#8220;M\u00f6ht\u0259r\u0259m Ay\u0259tullah Xameneyi h\u0259zr\u0259tl\u0259ri.<\/p>\n<p>\u0130ran \u0130slam Respublikas\u0131n\u0131n Ali R\u0259hb\u0259ri v\u0259zif\u0259sin\u0259 se\u00e7ilm\u0259yiniz m\u00fcnasib\u0259til\u0259 Sizi t\u0259brik edir\u0259m.<\/p>\n<p>Atan\u0131z &#8211; \u0130ran \u0130slam Respublikas\u0131n\u0131n Ali R\u0259hb\u0259ri Ay\u0259tullah Seyid \u018fli Xameneyi h\u0259zr\u0259tl\u0259rinin faci\u0259vi v\u0259fat\u0131 il\u0259 \u0259laq\u0259dar Siz\u0259 bir daha ba\u015fsa\u011fl\u0131\u011f\u0131m\u0131 ifad\u0259 edir\u0259m.<\/p>\n<p>Az\u0259rbaycan Respublikas\u0131 il\u0259 \u0130ran \u0130slam Respublikas\u0131 aras\u0131nda m\u00fcnasib\u0259tl\u0259r tarix\u0259n mehriban qon\u015fuluq v\u0259 dostluq \u015f\u0259raitind\u0259 ya\u015fam\u0131\u015f xalqlar\u0131m\u0131z\u0131n irad\u0259sind\u0259n qaynaqlan\u0131r. D\u00f6vl\u0259tl\u0259raras\u0131 \u0259laq\u0259l\u0259rimizin xalqlar\u0131m\u0131z\u0131n m\u0259nafel\u0259rin\u0259 uy\u011fun olaraq qar\u015f\u0131l\u0131ql\u0131 h\u00f6rm\u0259t v\u0259 etimad m\u0259cras\u0131nda inki\u015faf\u0131 namin\u0259 birg\u0259 s\u0259yl\u0259r g\u00f6st\u0259r\u0259c\u0259yimiz\u0259 \u00fcmidvar oldu\u011fumu bildirir\u0259m.<\/p>\n<p>Bu y\u00fcks\u0259k t\u0259yinatla ba\u011fl\u0131 Siz\u0259 bir daha t\u0259brikl\u0259rimi \u00e7atd\u0131r\u0131r, dost v\u0259 qarda\u015f \u0130ran xalq\u0131na s\u00fclh v\u0259 \u0259min-amanl\u0131q dil\u0259yir\u0259m&#8221;.<\/p>\n","protected":false},"excerpt":{"rendered":"<p>Az\u0259rbaycan Respublikas\u0131n\u0131n Prezidenti \u0130lham \u018fliyev \u0130ran \u0130slam Respublikas\u0131n\u0131n Ali R\u0259hb\u0259ri Ay\u0259tullah Seyid M\u00fcct\u0259ba H\u00fcseyni Xameneyiy\u0259 t\u0259brik m\u0259ktubu \u00fcnvanlay\u0131b. Musavat.com-un\u00a0m\u0259lumat\u0131na g\u00f6r\u0259, m\u0259tnd\u0259 deyilir: &#8220;M\u00f6ht\u0259r\u0259m Ay\u0259tullah Xameneyi h\u0259zr\u0259tl\u0259ri. \u0130ran \u0130slam Respublikas\u0131n\u0131n Ali R\u0259hb\u0259ri v\u0259zif\u0259sin\u0259 se\u00e7ilm\u0259yiniz m\u00fcnasib\u0259til\u0259 Sizi t\u0259brik edir\u0259m. Atan\u0131z &#8211; \u0130ran \u0130slam Respublikas\u0131n\u0131n Ali R\u0259hb\u0259ri Ay\u0259tullah Seyid \u018fli Xameneyi h\u0259zr\u0259tl\u0259rinin faci\u0259vi v\u0259fat\u0131 il\u0259 \u0259laq\u0259dar Siz\u0259 bir daha ba\u015fsa\u011fl\u0131\u011f\u0131m\u0131 ifad\u0259 edir\u0259m. Az\u0259rbaycan Respublikas\u0131 il\u0259 \u0130ran \u0130slam Respublikas\u0131 aras\u0131nda m\u00fcnasib\u0259tl\u0259r tarix\u0259n mehriban qon\u015fuluq v\u0259 dostluq \u015f\u0259raitind\u0259 ya\u015fam\u0131\u015f xalqlar\u0131m\u0131z\u0131n irad\u0259sind\u0259n qaynaqlan\u0131r. D\u00f6vl\u0259tl\u0259raras\u0131 \u0259laq\u0259l\u0259rimizin xalqlar\u0131m\u0131z\u0131n m\u0259nafel\u0259rin\u0259 uy\u011fun olaraq qar\u015f\u0131l\u0131ql\u0131 h\u00f6rm\u0259t v\u0259 etimad m\u0259cras\u0131nda inki\u015faf\u0131 namin\u0259&hellip;<\/p>\n","protected":false},"author":2,"featured_media":843860,"comment_status":"closed","ping_status":"closed","sticky":false,"template":"","format":"standard","meta":{"om_disable_all_campaigns":false,"_monsterinsights_skip_tracking":false,"_monsterinsights_sitenote_active":false,"_monsterinsights_sitenote_note":"","_monsterinsights_sitenote_category":0},"categories":[4],"tags":[],"aioseo_notices":[],"gutentor_comment":0,"rttpg_featured_image_url":{"full":["https:\/\/arantv.az\/wp-content\/uploads\/2026\/03\/41bbc07ff12d8b7b7af8ac9bfb4226e3.jpg",870,500,false],"landscape":["https:\/\/arantv.az\/wp-content\/uploads\/2026\/03\/41bbc07ff12d8b7b7af8ac9bfb4226e3.jpg",870,500,false],"portraits":["https:\/\/arantv.az\/wp-content\/uploads\/2026\/03\/41bbc07ff12d8b7b7af8ac9bfb4226e3.jpg",870,500,false],"thumbnail":["https:\/\/arantv.az\/wp-content\/uploads\/2026\/03\/41bbc07ff12d8b7b7af8ac9bfb4226e3-500x280.jpg",500,280,true],"medium":["https:\/\/arantv.az\/wp-content\/uploads\/2026\/03\/41bbc07ff12d8b7b7af8ac9bfb4226e3-635x365.jpg",635,365,true],"large":["https:\/\/arantv.az\/wp-content\/uploads\/2026\/03\/41bbc07ff12d8b7b7af8ac9bfb4226e3-840x483.jpg",640,368,true],"1536x1536":["https:\/\/arantv.az\/wp-content\/uploads\/2026\/03\/41bbc07ff12d8b7b7af8ac9bfb4226e3.jpg",870,500,false],"2048x2048":["https:\/\/arantv.az\/wp-content\/uploads\/2026\/03\/41bbc07ff12d8b7b7af8ac9bfb4226e3.jpg",870,500,false],"post-thumbnail":["https:\/\/arantv.az\/wp-content\/uploads\/2026\/03\/41bbc07ff12d8b7b7af8ac9bfb4226e3-240x172.jpg",240,172,true],"advps-thumb-one":["https:\/\/arantv.az\/wp-content\/uploads\/2026\/03\/41bbc07ff12d8b7b7af8ac9bfb4226e3.jpg",870,500,false]},"rttpg_author":{"display_name":"V\u00fcsal Rafiqo\u011flu","author_link":"https:\/\/arantv.az\/?author=2"},"rttpg_comment":0,"rttpg_category":"<a href=\"https:\/\/arantv.az\/?cat=4\" rel=\"category\">Siyas\u0259t<\/a>","rttpg_excerpt":"Az\u0259rbaycan Respublikas\u0131n\u0131n Prezidenti \u0130lham \u018fliyev \u0130ran \u0130slam Respublikas\u0131n\u0131n Ali R\u0259hb\u0259ri Ay\u0259tullah Seyid M\u00fcct\u0259ba H\u00fcseyni Xameneyiy\u0259 t\u0259brik m\u0259ktubu \u00fcnvanlay\u0131b. Musavat.com-un\u00a0m\u0259lumat\u0131na g\u00f6r\u0259, m\u0259tnd\u0259 deyilir: &#8220;M\u00f6ht\u0259r\u0259m Ay\u0259tullah Xameneyi h\u0259zr\u0259tl\u0259ri. \u0130ran \u0130slam Respublikas\u0131n\u0131n Ali R\u0259hb\u0259ri v\u0259zif\u0259sin\u0259 se\u00e7ilm\u0259yiniz m\u00fcnasib\u0259til\u0259 Sizi t\u0259brik edir\u0259m. Atan\u0131z &#8211; \u0130ran \u0130slam Respublikas\u0131n\u0131n Ali R\u0259hb\u0259ri Ay\u0259tullah Seyid \u018fli Xameneyi h\u0259zr\u0259tl\u0259rinin faci\u0259vi v\u0259fat\u0131 il\u0259 \u0259laq\u0259dar Siz\u0259 bir&hellip;","_links":{"self":[{"href":"https:\/\/arantv.az\/index.php?rest_route=\/wp\/v2\/posts\/843859"}],"collection":[{"href":"https:\/\/arantv.az\/index.php?rest_route=\/wp\/v2\/posts"}],"about":[{"href":"https:\/\/arantv.az\/index.php?rest_route=\/wp\/v2\/types\/post"}],"author":[{"embeddable":true,"href":"https:\/\/arantv.az\/index.php?rest_route=\/wp\/v2\/users\/2"}],"replies":[{"embeddable":true,"href":"https:\/\/arantv.az\/index.php?rest_route=%2Fwp%2Fv2%2Fcomments&post=843859"}],"version-history":[{"count":1,"href":"https:\/\/arantv.az\/index.php?rest_route=\/wp\/v2\/posts\/843859\/revisions"}],"predecessor-version":[{"id":843861,"href":"https:\/\/arantv.az\/index.php?rest_route=\/wp\/v2\/posts\/843859\/revisions\/843861"}],"wp:featuredmedia":[{"embeddable":true,"href":"https:\/\/arantv.az\/index.php?rest_route=\/wp\/v2\/media\/843860"}],"wp:attachment":[{"href":"https:\/\/arantv.az\/index.php?rest_route=%2Fwp%2Fv2%2Fmedia&parent=843859"}],"wp:term":[{"taxonomy":"category","embeddable":true,"href":"https:\/\/arantv.az\/index.php?rest_route=%2Fwp%2Fv2%2Fcategories&post=843859"},{"taxonomy":"post_tag","embeddable":true,"href":"https:\/\/arantv.az\/index.php?rest_route=%2Fwp%2Fv2%2Ftags&post=843859"}],"curies":[{"name":"wp","href":"https:\/\/api.w.org\/{rel}","templated":true}]}}