{"id":843939,"date":"2026-03-10T12:08:47","date_gmt":"2026-03-10T08:08:47","guid":{"rendered":"https:\/\/arantv.az\/?p=843939"},"modified":"2026-03-10T12:08:47","modified_gmt":"2026-03-10T08:08:47","slug":"az%c9%99rbaycanda-v%c9%99zif%c9%99li-s%c9%99xs-faci%c9%99li-s%c9%99kild%c9%99-oldu-2","status":"publish","type":"post","link":"https:\/\/arantv.az\/?p=843939","title":{"rendered":"Az\u0259rbaycanda V\u018fZ\u0130F\u018fL\u0130 \u015e\u018fXS FAC\u0130\u018fL\u0130 \u015f\u0259kild\u0259 \u00f6ld\u00fc"},"content":{"rendered":"<p>\u015e\u0259kid\u0259 d\u0259m qaz\u0131ndan bo\u011fulub \u00f6l\u0259n qad\u0131nla ba\u011fl\u0131 t\u0259f\u0259rr\u00fcat m\u0259lum olub.<\/p>\n<p>Musavat.com Lent.az-a istinad\u0259n x\u0259b\u0259r verir ki, hadis\u0259 gec\u0259 saatlar\u0131nda qeyd\u0259 al\u0131n\u0131b.<\/p>\n<p>\u015eu\u015fa rayon sakini olan m\u0259rhum K\u0259mal\u0259 Yaqub q\u0131z\u0131 Quliyeva \u015eu\u015fa m\u0259d\u0259niyy\u0259t evind\u0259 d\u0259rn\u0259k r\u0259hb\u0259ri olub.<\/p>\n<p>***<\/p>\n<p>\u015e\u0259kid\u0259 47 ya\u015fl\u0131 qad\u0131n faci\u0259li \u015f\u0259kild\u0259 \u00f6l\u00fcb.<\/p>\n<p>Hadis\u0259 rayonun Yeni \u00c7\u0259l\u0259bixan q\u0259s\u0259b\u0259sind\u0259 ba\u015f verib.<\/p>\n<p>Q\u0259s\u0259b\u0259 sakini, 1979-cu il t\u0259v\u0259ll\u00fcdl\u00fc K\u0259mal\u0259 Quliyeva ya\u015fad\u0131\u011f\u0131 \u00fcnvanda d\u0259m qaz\u0131ndan bo\u011fulub. Yax\u0131nlar\u0131 onun meyitini evd\u0259 a\u015fkarlay\u0131blar.<\/p>\n<p>Faktla ba\u011fl\u0131 ara\u015fd\u0131rma apar\u0131l\u0131r.<\/p>\n","protected":false},"excerpt":{"rendered":"<p>\u015e\u0259kid\u0259 d\u0259m qaz\u0131ndan bo\u011fulub \u00f6l\u0259n qad\u0131nla ba\u011fl\u0131 t\u0259f\u0259rr\u00fcat m\u0259lum olub. Musavat.com Lent.az-a istinad\u0259n x\u0259b\u0259r verir ki, hadis\u0259 gec\u0259 saatlar\u0131nda qeyd\u0259 al\u0131n\u0131b. \u015eu\u015fa rayon sakini olan m\u0259rhum K\u0259mal\u0259 Yaqub q\u0131z\u0131 Quliyeva \u015eu\u015fa m\u0259d\u0259niyy\u0259t evind\u0259 d\u0259rn\u0259k r\u0259hb\u0259ri olub. *** \u015e\u0259kid\u0259 47 ya\u015fl\u0131 qad\u0131n faci\u0259li \u015f\u0259kild\u0259 \u00f6l\u00fcb. Hadis\u0259 rayonun Yeni \u00c7\u0259l\u0259bixan q\u0259s\u0259b\u0259sind\u0259 ba\u015f verib. Q\u0259s\u0259b\u0259 sakini, 1979-cu il t\u0259v\u0259ll\u00fcdl\u00fc K\u0259mal\u0259 Quliyeva ya\u015fad\u0131\u011f\u0131 \u00fcnvanda d\u0259m qaz\u0131ndan bo\u011fulub. Yax\u0131nlar\u0131 onun meyitini evd\u0259 a\u015fkarlay\u0131blar. Faktla ba\u011fl\u0131 ara\u015fd\u0131rma apar\u0131l\u0131r.<\/p>\n","protected":false},"author":2,"featured_media":843940,"comment_status":"closed","ping_status":"closed","sticky":false,"template":"","format":"standard","meta":{"om_disable_all_campaigns":false,"_monsterinsights_skip_tracking":false,"_monsterinsights_sitenote_active":false,"_monsterinsights_sitenote_note":"","_monsterinsights_sitenote_category":0},"categories":[5],"tags":[],"aioseo_notices":[],"gutentor_comment":0,"rttpg_featured_image_url":{"full":["https:\/\/arantv.az\/wp-content\/uploads\/2026\/03\/fd21a4d754a52f5cfeddcc7788877f36.jpg",870,500,false],"landscape":["https:\/\/arantv.az\/wp-content\/uploads\/2026\/03\/fd21a4d754a52f5cfeddcc7788877f36.jpg",870,500,false],"portraits":["https:\/\/arantv.az\/wp-content\/uploads\/2026\/03\/fd21a4d754a52f5cfeddcc7788877f36.jpg",870,500,false],"thumbnail":["https:\/\/arantv.az\/wp-content\/uploads\/2026\/03\/fd21a4d754a52f5cfeddcc7788877f36-500x280.jpg",500,280,true],"medium":["https:\/\/arantv.az\/wp-content\/uploads\/2026\/03\/fd21a4d754a52f5cfeddcc7788877f36-635x365.jpg",635,365,true],"large":["https:\/\/arantv.az\/wp-content\/uploads\/2026\/03\/fd21a4d754a52f5cfeddcc7788877f36-840x483.jpg",640,368,true],"1536x1536":["https:\/\/arantv.az\/wp-content\/uploads\/2026\/03\/fd21a4d754a52f5cfeddcc7788877f36.jpg",870,500,false],"2048x2048":["https:\/\/arantv.az\/wp-content\/uploads\/2026\/03\/fd21a4d754a52f5cfeddcc7788877f36.jpg",870,500,false],"post-thumbnail":["https:\/\/arantv.az\/wp-content\/uploads\/2026\/03\/fd21a4d754a52f5cfeddcc7788877f36-240x172.jpg",240,172,true],"advps-thumb-one":["https:\/\/arantv.az\/wp-content\/uploads\/2026\/03\/fd21a4d754a52f5cfeddcc7788877f36.jpg",870,500,false]},"rttpg_author":{"display_name":"V\u00fcsal Rafiqo\u011flu","author_link":"https:\/\/arantv.az\/?author=2"},"rttpg_comment":0,"rttpg_category":"<a href=\"https:\/\/arantv.az\/?cat=5\" rel=\"category\">Hadis\u0259<\/a>","rttpg_excerpt":"\u015e\u0259kid\u0259 d\u0259m qaz\u0131ndan bo\u011fulub \u00f6l\u0259n qad\u0131nla ba\u011fl\u0131 t\u0259f\u0259rr\u00fcat m\u0259lum olub. Musavat.com Lent.az-a istinad\u0259n x\u0259b\u0259r verir ki, hadis\u0259 gec\u0259 saatlar\u0131nda qeyd\u0259 al\u0131n\u0131b. \u015eu\u015fa rayon sakini olan m\u0259rhum K\u0259mal\u0259 Yaqub q\u0131z\u0131 Quliyeva \u015eu\u015fa m\u0259d\u0259niyy\u0259t evind\u0259 d\u0259rn\u0259k r\u0259hb\u0259ri olub. *** \u015e\u0259kid\u0259 47 ya\u015fl\u0131 qad\u0131n faci\u0259li \u015f\u0259kild\u0259 \u00f6l\u00fcb. Hadis\u0259 rayonun Yeni \u00c7\u0259l\u0259bixan q\u0259s\u0259b\u0259sind\u0259 ba\u015f verib. Q\u0259s\u0259b\u0259 sakini, 1979-cu il&hellip;","_links":{"self":[{"href":"https:\/\/arantv.az\/index.php?rest_route=\/wp\/v2\/posts\/843939"}],"collection":[{"href":"https:\/\/arantv.az\/index.php?rest_route=\/wp\/v2\/posts"}],"about":[{"href":"https:\/\/arantv.az\/index.php?rest_route=\/wp\/v2\/types\/post"}],"author":[{"embeddable":true,"href":"https:\/\/arantv.az\/index.php?rest_route=\/wp\/v2\/users\/2"}],"replies":[{"embeddable":true,"href":"https:\/\/arantv.az\/index.php?rest_route=%2Fwp%2Fv2%2Fcomments&post=843939"}],"version-history":[{"count":1,"href":"https:\/\/arantv.az\/index.php?rest_route=\/wp\/v2\/posts\/843939\/revisions"}],"predecessor-version":[{"id":843941,"href":"https:\/\/arantv.az\/index.php?rest_route=\/wp\/v2\/posts\/843939\/revisions\/843941"}],"wp:featuredmedia":[{"embeddable":true,"href":"https:\/\/arantv.az\/index.php?rest_route=\/wp\/v2\/media\/843940"}],"wp:attachment":[{"href":"https:\/\/arantv.az\/index.php?rest_route=%2Fwp%2Fv2%2Fmedia&parent=843939"}],"wp:term":[{"taxonomy":"category","embeddable":true,"href":"https:\/\/arantv.az\/index.php?rest_route=%2Fwp%2Fv2%2Fcategories&post=843939"},{"taxonomy":"post_tag","embeddable":true,"href":"https:\/\/arantv.az\/index.php?rest_route=%2Fwp%2Fv2%2Ftags&post=843939"}],"curies":[{"name":"wp","href":"https:\/\/api.w.org\/{rel}","templated":true}]}}