{"id":843946,"date":"2026-03-10T12:11:18","date_gmt":"2026-03-10T08:11:18","guid":{"rendered":"https:\/\/arantv.az\/?p=843946"},"modified":"2026-03-10T12:11:18","modified_gmt":"2026-03-10T08:11:18","slug":"hokum%c9%99t-parlament%c9%99-g%c9%99l%c9%99c%c9%99k","status":"publish","type":"post","link":"https:\/\/arantv.az\/?p=843946","title":{"rendered":"H\u00f6kum\u0259t parlament\u0259 g\u0259l\u0259c\u0259k"},"content":{"rendered":"<p><strong>Az\u0259rbaycan Respublikas\u0131 Milli M\u0259clisinin n\u00f6vb\u0259ti plenar iclas\u0131\u00a0<\/strong><strong>mart\u0131n 13-d\u0259 ke\u00e7iril\u0259c\u0259k.<\/strong><\/p>\n<p><strong>Musavat.com<\/strong>\u00a0Milli M\u0259clis\u0259 istinad\u0259n bildirir ki, iclasda h\u00f6kum\u0259tin illik hesabat\u0131 dinl\u0259nil\u0259c\u0259k. \u0130clasda Nazirl\u0259r Komit\u0259sinin \u00fczvl\u0259ri i\u015ftirak ed\u0259c\u0259k.<br \/>\n\u0130clas\u0131n g\u00fcnd\u0259liyin\u0259 t\u0259klif olunan m\u0259s\u0259l\u0259 budur:<\/p>\n<p>Az\u0259rbaycan Respublikas\u0131 Nazirl\u0259r Kabinetinin 2025-ci ild\u0259 f\u0259aliyy\u0259ti haqq\u0131nda hesabat\u0131.<\/p>\n","protected":false},"excerpt":{"rendered":"<p>Az\u0259rbaycan Respublikas\u0131 Milli M\u0259clisinin n\u00f6vb\u0259ti plenar iclas\u0131\u00a0mart\u0131n 13-d\u0259 ke\u00e7iril\u0259c\u0259k. Musavat.com\u00a0Milli M\u0259clis\u0259 istinad\u0259n bildirir ki, iclasda h\u00f6kum\u0259tin illik hesabat\u0131 dinl\u0259nil\u0259c\u0259k. \u0130clasda Nazirl\u0259r Komit\u0259sinin \u00fczvl\u0259ri i\u015ftirak ed\u0259c\u0259k. \u0130clas\u0131n g\u00fcnd\u0259liyin\u0259 t\u0259klif olunan m\u0259s\u0259l\u0259 budur: Az\u0259rbaycan Respublikas\u0131 Nazirl\u0259r Kabinetinin 2025-ci ild\u0259 f\u0259aliyy\u0259ti haqq\u0131nda hesabat\u0131.<\/p>\n","protected":false},"author":2,"featured_media":843947,"comment_status":"closed","ping_status":"closed","sticky":false,"template":"","format":"standard","meta":{"om_disable_all_campaigns":false,"_monsterinsights_skip_tracking":false,"_monsterinsights_sitenote_active":false,"_monsterinsights_sitenote_note":"","_monsterinsights_sitenote_category":0},"categories":[19],"tags":[],"aioseo_notices":[],"gutentor_comment":0,"rttpg_featured_image_url":{"full":["https:\/\/arantv.az\/wp-content\/uploads\/2026\/03\/16bccd5e2b840dfab2e981e6cc437224.jpg",870,500,false],"landscape":["https:\/\/arantv.az\/wp-content\/uploads\/2026\/03\/16bccd5e2b840dfab2e981e6cc437224.jpg",870,500,false],"portraits":["https:\/\/arantv.az\/wp-content\/uploads\/2026\/03\/16bccd5e2b840dfab2e981e6cc437224.jpg",870,500,false],"thumbnail":["https:\/\/arantv.az\/wp-content\/uploads\/2026\/03\/16bccd5e2b840dfab2e981e6cc437224-500x280.jpg",500,280,true],"medium":["https:\/\/arantv.az\/wp-content\/uploads\/2026\/03\/16bccd5e2b840dfab2e981e6cc437224-635x365.jpg",635,365,true],"large":["https:\/\/arantv.az\/wp-content\/uploads\/2026\/03\/16bccd5e2b840dfab2e981e6cc437224-840x483.jpg",640,368,true],"1536x1536":["https:\/\/arantv.az\/wp-content\/uploads\/2026\/03\/16bccd5e2b840dfab2e981e6cc437224.jpg",870,500,false],"2048x2048":["https:\/\/arantv.az\/wp-content\/uploads\/2026\/03\/16bccd5e2b840dfab2e981e6cc437224.jpg",870,500,false],"post-thumbnail":["https:\/\/arantv.az\/wp-content\/uploads\/2026\/03\/16bccd5e2b840dfab2e981e6cc437224-240x172.jpg",240,172,true],"advps-thumb-one":["https:\/\/arantv.az\/wp-content\/uploads\/2026\/03\/16bccd5e2b840dfab2e981e6cc437224.jpg",870,500,false]},"rttpg_author":{"display_name":"V\u00fcsal Rafiqo\u011flu","author_link":"https:\/\/arantv.az\/?author=2"},"rttpg_comment":0,"rttpg_category":"<a href=\"https:\/\/arantv.az\/?cat=19\" rel=\"category\">G\u00fcnd\u0259m<\/a>","rttpg_excerpt":"Az\u0259rbaycan Respublikas\u0131 Milli M\u0259clisinin n\u00f6vb\u0259ti plenar iclas\u0131\u00a0mart\u0131n 13-d\u0259 ke\u00e7iril\u0259c\u0259k. Musavat.com\u00a0Milli M\u0259clis\u0259 istinad\u0259n bildirir ki, iclasda h\u00f6kum\u0259tin illik hesabat\u0131 dinl\u0259nil\u0259c\u0259k. \u0130clasda Nazirl\u0259r Komit\u0259sinin \u00fczvl\u0259ri i\u015ftirak ed\u0259c\u0259k. \u0130clas\u0131n g\u00fcnd\u0259liyin\u0259 t\u0259klif olunan m\u0259s\u0259l\u0259 budur: Az\u0259rbaycan Respublikas\u0131 Nazirl\u0259r Kabinetinin 2025-ci ild\u0259 f\u0259aliyy\u0259ti haqq\u0131nda hesabat\u0131.","_links":{"self":[{"href":"https:\/\/arantv.az\/index.php?rest_route=\/wp\/v2\/posts\/843946"}],"collection":[{"href":"https:\/\/arantv.az\/index.php?rest_route=\/wp\/v2\/posts"}],"about":[{"href":"https:\/\/arantv.az\/index.php?rest_route=\/wp\/v2\/types\/post"}],"author":[{"embeddable":true,"href":"https:\/\/arantv.az\/index.php?rest_route=\/wp\/v2\/users\/2"}],"replies":[{"embeddable":true,"href":"https:\/\/arantv.az\/index.php?rest_route=%2Fwp%2Fv2%2Fcomments&post=843946"}],"version-history":[{"count":1,"href":"https:\/\/arantv.az\/index.php?rest_route=\/wp\/v2\/posts\/843946\/revisions"}],"predecessor-version":[{"id":843948,"href":"https:\/\/arantv.az\/index.php?rest_route=\/wp\/v2\/posts\/843946\/revisions\/843948"}],"wp:featuredmedia":[{"embeddable":true,"href":"https:\/\/arantv.az\/index.php?rest_route=\/wp\/v2\/media\/843947"}],"wp:attachment":[{"href":"https:\/\/arantv.az\/index.php?rest_route=%2Fwp%2Fv2%2Fmedia&parent=843946"}],"wp:term":[{"taxonomy":"category","embeddable":true,"href":"https:\/\/arantv.az\/index.php?rest_route=%2Fwp%2Fv2%2Fcategories&post=843946"},{"taxonomy":"post_tag","embeddable":true,"href":"https:\/\/arantv.az\/index.php?rest_route=%2Fwp%2Fv2%2Ftags&post=843946"}],"curies":[{"name":"wp","href":"https:\/\/api.w.org\/{rel}","templated":true}]}}