{"id":843960,"date":"2026-03-10T13:03:30","date_gmt":"2026-03-10T09:03:30","guid":{"rendered":"https:\/\/arantv.az\/?p=843960"},"modified":"2026-03-10T13:03:30","modified_gmt":"2026-03-10T09:03:30","slug":"ilham-%c9%99liyev-d%c9%99f%c9%99l%c9%99rl%c9%99-beyn%c9%99lxalq-jurnalistl%c9%99r%c9%99-aciqlayib-ki","status":"publish","type":"post","link":"https:\/\/arantv.az\/?p=843960","title":{"rendered":"\u201c\u0130lham \u018fliyev d\u0259f\u0259l\u0259rl\u0259 beyn\u0259lxalq jurnalistl\u0259r\u0259 a\u00e7\u0131qlay\u0131b ki&#8230;\u201d"},"content":{"rendered":"<p><strong>&#8220;Az\u0259rbaycan m\u00fcst\u0259qillik qazand\u0131\u011f\u0131 ilk g\u00fcnd\u0259n xarici siyas\u0259tini s\u00fclh, qar\u015f\u0131l\u0131ql\u0131 h\u00f6rm\u0259t v\u0259 beyn\u0259lxalq h\u00fcquqa \u0259saslanan prinsipl\u0259r \u00fcz\u0259rind\u0259 qurub. D\u00f6vl\u0259tin xarici siyas\u0259tind\u0259 \u0259sas m\u0259qs\u0259d regionda sabitliyi qorumaq, qon\u015fu d\u00f6vl\u0259tl\u0259rl\u0259 qar\u015f\u0131l\u0131ql\u0131 faydal\u0131 m\u00fcnasib\u0259tl\u0259ri inki\u015faf etdirm\u0259k v\u0259 milli maraqlar\u0131 t\u0259min etm\u0259kdir&#8221;.<\/strong><\/p>\n<p>Bunu\u00a0<strong>Musavat.com<\/strong>-a a\u00e7\u0131qlamas\u0131nda T\u00fcrkiy\u0259nin Yunus \u018fmr\u0259 \u0130nstitutunun sabiq Bak\u0131 n\u00fcmay\u0259nd\u0259si S\u0259l\u00e7uk Karak\u0131l\u0131\u00e7 deyib.<\/p>\n<p><img loading=\"lazy\" src=\"https:\/\/cdn.musavat.com\/news\/images\/Ayten\/17721092152540718550_1200x630.jpg\" alt=\"17721092152540718550_1200x630.jpg (305 KB)\" width=\"700\" height=\"478\" \/><\/p>\n<p><strong>O bildirib ki, Az\u0259rbaycan he\u00e7 vaxt dig\u0259r \u00f6lk\u0259l\u0259r\u0259 qar\u015f\u0131 t\u0259cav\u00fczkar siyas\u0259t y\u00fcr\u00fctm\u0259yib, qon\u015fular\u0131n \u0259razi b\u00fct\u00f6vl\u00fcy\u00fcn\u0259 v\u0259 daxili i\u015fl\u0259rin\u0259 h\u00f6rm\u0259tl\u0259 yana\u015f\u0131b:<\/strong><\/p>\n<p>&#8220;Az\u0259rbaycan\u0131n xarici siyas\u0259tinin \u0259sas x\u00fcsusiyy\u0259tl\u0259rind\u0259n biri balansl\u0131 v\u0259 insani yana\u015fmad\u0131r. D\u00f6vl\u0259t yaln\u0131z \u00f6z suverenliyin\u0259 v\u0259 \u0259razi b\u00fct\u00f6vl\u00fcy\u00fcn\u0259 qar\u015f\u0131 y\u00f6n\u0259l\u0259n t\u0259hdidl\u0259r qar\u015f\u0131s\u0131nda beyn\u0259lxalq h\u00fcququn tan\u0131d\u0131\u011f\u0131 qanuni \u00f6z\u00fcn\u00fcm\u00fcdafi\u0259 h\u00fcququndan istifad\u0259 edir. Bunun \u0259n bariz n\u00fcmun\u0259si 30 il\u0259 yax\u0131n davam ed\u0259n Qaraba\u011f i\u015f\u011fal\u0131n\u0131n sona \u00e7atd\u0131r\u0131lmas\u0131d\u0131r. 2020-ci ild\u0259 ba\u015f ver\u0259n v\u0259 tarix\u0259 44 g\u00fcnl\u00fck V\u0259t\u0259n m\u00fcharib\u0259si kimi d\u00fc\u015f\u0259n sava\u015f n\u0259tic\u0259sind\u0259 Az\u0259rbaycan \u00f6z torpaqlar\u0131n\u0131 i\u015f\u011faldan azad edib. Bu m\u00fcharib\u0259 yaln\u0131z Az\u0259rbaycan\u0131n suveren h\u00fcquqlar\u0131n\u0131 b\u0259rpa etm\u0259k m\u0259qs\u0259di il\u0259 apar\u0131l\u0131b, he\u00e7 bir \u00f6lk\u0259nin \u0259razi v\u0259 siyasi maraqlar\u0131na qar\u015f\u0131 y\u00f6n\u0259lm\u0259yib.<\/p>\n<p>Prezident \u0130lham \u018fliyev beyn\u0259lxalq siyas\u0259tin diqq\u0259t \u00e7\u0259k\u0259n v\u0259 birinci d\u0259r\u0259c\u0259li diplomatlar\u0131ndan biridir. O, diplomatiya il\u0259 h\u0259rbi g\u00fcc\u00fcn balansl\u0131 \u015f\u0259kild\u0259 istifad\u0259 olunmas\u0131n\u0131n m\u00fcmk\u00fcn oldu\u011funu g\u00f6st\u0259rib, Qaraba\u011f m\u0259s\u0259l\u0259sinin h\u0259llind\u0259 h\u0259m diplomatik, h\u0259m siyasi, h\u0259m d\u0259 h\u0259rbi vasit\u0259l\u0259ri ustal\u0131qla birl\u0259\u015fdir\u0259r\u0259k Az\u0259rbaycan\u0131n milli maraqlar\u0131n\u0131 qoruyub.<\/p>\n<p>Az\u0259rbaycan\u0131n xarici siyas\u0259tind\u0259 m\u00fcst\u0259sna yer tutan m\u0259s\u0259l\u0259l\u0259rd\u0259n biri d\u0259 d\u00f6vl\u0259tin \u00f6z \u0259razisinin ba\u015fqa \u00f6lk\u0259l\u0259rin h\u0259rbi m\u0259qs\u0259dli istifad\u0259sin\u0259 a\u00e7\u0131lmamas\u0131d\u0131r. Prezident \u0130lham \u018fliyev d\u0259f\u0259l\u0259rl\u0259 beyn\u0259lxalq jurnalistl\u0259r\u0259 v\u0259 diplomatik dair\u0259l\u0259r\u0259 a\u00e7\u0131qlay\u0131b ki, he\u00e7 bir \u00f6lk\u0259 Az\u0259rbaycan\u0131n torpaqlar\u0131ndan istifad\u0259 ed\u0259r\u0259k dig\u0259r \u00f6lk\u0259l\u0259r\u0259 qar\u015f\u0131 h\u0259rbi \u0259m\u0259liyyatlar h\u0259yata ke\u00e7ir\u0259 bilm\u0259z. Az\u0259rbaycan\u0131n xarici siyas\u0259ti insani, vicdanl\u0131, balansl\u0131 v\u0259 milli maraqlara \u0259saslanm\u0131\u015f strateji x\u0259tdir. Prezident \u0130lham \u018fliyev \u00f6lk\u0259sini beyn\u0259lxalq s\u0259viyy\u0259d\u0259 sabitlik, \u0259m\u0259kda\u015fl\u0131q v\u0259 inki\u015faf istiqam\u0259tind\u0259 m\u00f6hk\u0259ml\u0259ndirir&#8221;.<\/p>\n<p><strong>\u015eahan\u0259 R\u0259himli<\/strong><br \/>\n<strong>Musavat.com<\/strong><\/p>\n","protected":false},"excerpt":{"rendered":"<p>&#8220;Az\u0259rbaycan m\u00fcst\u0259qillik qazand\u0131\u011f\u0131 ilk g\u00fcnd\u0259n xarici siyas\u0259tini s\u00fclh, qar\u015f\u0131l\u0131ql\u0131 h\u00f6rm\u0259t v\u0259 beyn\u0259lxalq h\u00fcquqa \u0259saslanan prinsipl\u0259r \u00fcz\u0259rind\u0259 qurub. D\u00f6vl\u0259tin xarici siyas\u0259tind\u0259 \u0259sas m\u0259qs\u0259d regionda sabitliyi qorumaq, qon\u015fu d\u00f6vl\u0259tl\u0259rl\u0259 qar\u015f\u0131l\u0131ql\u0131 faydal\u0131 m\u00fcnasib\u0259tl\u0259ri inki\u015faf etdirm\u0259k v\u0259 milli maraqlar\u0131 t\u0259min etm\u0259kdir&#8221;. Bunu\u00a0Musavat.com-a a\u00e7\u0131qlamas\u0131nda T\u00fcrkiy\u0259nin Yunus \u018fmr\u0259 \u0130nstitutunun sabiq Bak\u0131 n\u00fcmay\u0259nd\u0259si S\u0259l\u00e7uk Karak\u0131l\u0131\u00e7 deyib. O bildirib ki, Az\u0259rbaycan he\u00e7 vaxt dig\u0259r \u00f6lk\u0259l\u0259r\u0259 qar\u015f\u0131 t\u0259cav\u00fczkar siyas\u0259t y\u00fcr\u00fctm\u0259yib, qon\u015fular\u0131n \u0259razi b\u00fct\u00f6vl\u00fcy\u00fcn\u0259 v\u0259 daxili i\u015fl\u0259rin\u0259 h\u00f6rm\u0259tl\u0259 yana\u015f\u0131b: &#8220;Az\u0259rbaycan\u0131n xarici siyas\u0259tinin \u0259sas x\u00fcsusiyy\u0259tl\u0259rind\u0259n biri balansl\u0131 v\u0259 insani yana\u015fmad\u0131r. D\u00f6vl\u0259t yaln\u0131z \u00f6z suverenliyin\u0259 v\u0259 \u0259razi b\u00fct\u00f6vl\u00fcy\u00fcn\u0259 qar\u015f\u0131 y\u00f6n\u0259l\u0259n t\u0259hdidl\u0259r qar\u015f\u0131s\u0131nda&hellip;<\/p>\n","protected":false},"author":2,"featured_media":843961,"comment_status":"closed","ping_status":"closed","sticky":false,"template":"","format":"standard","meta":{"om_disable_all_campaigns":false,"_monsterinsights_skip_tracking":false,"_monsterinsights_sitenote_active":false,"_monsterinsights_sitenote_note":"","_monsterinsights_sitenote_category":0},"categories":[4],"tags":[],"aioseo_notices":[],"gutentor_comment":0,"rttpg_featured_image_url":{"full":["https:\/\/arantv.az\/wp-content\/uploads\/2026\/03\/6ea3f58d67fb05f604669be49e15c2a4.jpg",870,500,false],"landscape":["https:\/\/arantv.az\/wp-content\/uploads\/2026\/03\/6ea3f58d67fb05f604669be49e15c2a4.jpg",870,500,false],"portraits":["https:\/\/arantv.az\/wp-content\/uploads\/2026\/03\/6ea3f58d67fb05f604669be49e15c2a4.jpg",870,500,false],"thumbnail":["https:\/\/arantv.az\/wp-content\/uploads\/2026\/03\/6ea3f58d67fb05f604669be49e15c2a4-500x280.jpg",500,280,true],"medium":["https:\/\/arantv.az\/wp-content\/uploads\/2026\/03\/6ea3f58d67fb05f604669be49e15c2a4-635x365.jpg",635,365,true],"large":["https:\/\/arantv.az\/wp-content\/uploads\/2026\/03\/6ea3f58d67fb05f604669be49e15c2a4-840x483.jpg",640,368,true],"1536x1536":["https:\/\/arantv.az\/wp-content\/uploads\/2026\/03\/6ea3f58d67fb05f604669be49e15c2a4.jpg",870,500,false],"2048x2048":["https:\/\/arantv.az\/wp-content\/uploads\/2026\/03\/6ea3f58d67fb05f604669be49e15c2a4.jpg",870,500,false],"post-thumbnail":["https:\/\/arantv.az\/wp-content\/uploads\/2026\/03\/6ea3f58d67fb05f604669be49e15c2a4-240x172.jpg",240,172,true],"advps-thumb-one":["https:\/\/arantv.az\/wp-content\/uploads\/2026\/03\/6ea3f58d67fb05f604669be49e15c2a4.jpg",870,500,false]},"rttpg_author":{"display_name":"V\u00fcsal Rafiqo\u011flu","author_link":"https:\/\/arantv.az\/?author=2"},"rttpg_comment":0,"rttpg_category":"<a href=\"https:\/\/arantv.az\/?cat=4\" rel=\"category\">Siyas\u0259t<\/a>","rttpg_excerpt":"&#8220;Az\u0259rbaycan m\u00fcst\u0259qillik qazand\u0131\u011f\u0131 ilk g\u00fcnd\u0259n xarici siyas\u0259tini s\u00fclh, qar\u015f\u0131l\u0131ql\u0131 h\u00f6rm\u0259t v\u0259 beyn\u0259lxalq h\u00fcquqa \u0259saslanan prinsipl\u0259r \u00fcz\u0259rind\u0259 qurub. D\u00f6vl\u0259tin xarici siyas\u0259tind\u0259 \u0259sas m\u0259qs\u0259d regionda sabitliyi qorumaq, qon\u015fu d\u00f6vl\u0259tl\u0259rl\u0259 qar\u015f\u0131l\u0131ql\u0131 faydal\u0131 m\u00fcnasib\u0259tl\u0259ri inki\u015faf etdirm\u0259k v\u0259 milli maraqlar\u0131 t\u0259min etm\u0259kdir&#8221;. Bunu\u00a0Musavat.com-a a\u00e7\u0131qlamas\u0131nda T\u00fcrkiy\u0259nin Yunus \u018fmr\u0259 \u0130nstitutunun sabiq Bak\u0131 n\u00fcmay\u0259nd\u0259si S\u0259l\u00e7uk Karak\u0131l\u0131\u00e7 deyib. O bildirib ki, Az\u0259rbaycan he\u00e7 vaxt&hellip;","_links":{"self":[{"href":"https:\/\/arantv.az\/index.php?rest_route=\/wp\/v2\/posts\/843960"}],"collection":[{"href":"https:\/\/arantv.az\/index.php?rest_route=\/wp\/v2\/posts"}],"about":[{"href":"https:\/\/arantv.az\/index.php?rest_route=\/wp\/v2\/types\/post"}],"author":[{"embeddable":true,"href":"https:\/\/arantv.az\/index.php?rest_route=\/wp\/v2\/users\/2"}],"replies":[{"embeddable":true,"href":"https:\/\/arantv.az\/index.php?rest_route=%2Fwp%2Fv2%2Fcomments&post=843960"}],"version-history":[{"count":1,"href":"https:\/\/arantv.az\/index.php?rest_route=\/wp\/v2\/posts\/843960\/revisions"}],"predecessor-version":[{"id":843962,"href":"https:\/\/arantv.az\/index.php?rest_route=\/wp\/v2\/posts\/843960\/revisions\/843962"}],"wp:featuredmedia":[{"embeddable":true,"href":"https:\/\/arantv.az\/index.php?rest_route=\/wp\/v2\/media\/843961"}],"wp:attachment":[{"href":"https:\/\/arantv.az\/index.php?rest_route=%2Fwp%2Fv2%2Fmedia&parent=843960"}],"wp:term":[{"taxonomy":"category","embeddable":true,"href":"https:\/\/arantv.az\/index.php?rest_route=%2Fwp%2Fv2%2Fcategories&post=843960"},{"taxonomy":"post_tag","embeddable":true,"href":"https:\/\/arantv.az\/index.php?rest_route=%2Fwp%2Fv2%2Ftags&post=843960"}],"curies":[{"name":"wp","href":"https:\/\/api.w.org\/{rel}","templated":true}]}}