{"id":843963,"date":"2026-03-10T13:05:12","date_gmt":"2026-03-10T09:05:12","guid":{"rendered":"https:\/\/arantv.az\/?p=843963"},"modified":"2026-03-10T13:05:12","modified_gmt":"2026-03-10T09:05:12","slug":"eldar-istefa-verdi","status":"publish","type":"post","link":"https:\/\/arantv.az\/?p=843963","title":{"rendered":"Eldar &#8220;istefa&#8221; verdi"},"content":{"rendered":"<p>&#8220;Avroviziya 2011&#8221; qalibi Eldar Qas\u0131mova deleqasiyan\u0131n musiqi prod\u00fcseri v\u0259zif\u0259sind\u0259n uzaqla\u015fd\u0131\u011f\u0131n\u0131 a\u00e7\u0131qlay\u0131b.<\/p>\n<p>Ax\u015fam.az\u00a0<a title=\"xeberler son xeberler 2026\" href=\"https:\/\/big.az\/\" target=\"_blank\" rel=\"noopener\">x\u0259b\u0259r<\/a>\u00a0verir ki, bu haqda m\u00fc\u011f\u0259nni sosial \u015f\u0259b\u0259k\u0259d\u0259 ona yaz\u0131lan \u015f\u0259rhl\u0259rd\u0259 cavabda bildirib. Eldar qeyd edib ki, art\u0131q m\u00fcsabiq\u0259 il\u0259 he\u00e7 bir \u0259laq\u0259si yoxdur.<\/p>\n<p>&#8220;Yax\u015f\u0131s\u0131n\u0131z? Yoxam bu il deleqasiyada&#8221; dey\u0259, Qas\u0131mov (12xal -red.) \u0259lav\u0259 edib.<\/p>\n<p>Qeyd ed\u0259k ki, son bir ne\u00e7\u0259 ildir t\u0259msil\u00e7il\u0259rimizin finala ke\u00e7m\u0259m\u0259sin\u0259 g\u00f6r\u0259 sosial \u015f\u0259b\u0259k\u0259d\u0259 Eldar t\u0259nqid edilirdi. \u0130stifad\u0259\u00e7il\u0259r onu i\u015far\u0259l\u0259y\u0259rk &#8220;istefa&#8221; s\u00f6z\u00fcn\u00fc yaz\u0131rd\u0131.<\/p>\n<p>\u018flav\u0259 ed\u0259k ki, Az\u0259rbaycan\u0131 m\u00fcsabiq\u0259d\u0259 J\u0130VA adl\u0131 ifa\u00e7\u0131 &#8220;Just go&#8221; mahn\u0131s\u0131 il\u0259 t\u0259msil ed\u0259c\u0259k. 70-ci &#8220;Avroviziya&#8221; Beyn\u0259lxalq Mahn\u0131 M\u00fcsabiq\u0259si Avstriyan\u0131n paytaxt\u0131 Vyana \u015f\u0259h\u0259rind\u0259 ke\u00e7iril\u0259c\u0259k. Yar\u0131\u015fman\u0131n birinci yar\u0131mfinal\u0131 12 may, ikinci yar\u0131mfinal\u0131 14 may, b\u00f6y\u00fck final is\u0259 16 may 2026-c\u0131 il tarixind\u0259 ba\u015f tutacaq.<\/p>\n","protected":false},"excerpt":{"rendered":"<p>&#8220;Avroviziya 2011&#8221; qalibi Eldar Qas\u0131mova deleqasiyan\u0131n musiqi prod\u00fcseri v\u0259zif\u0259sind\u0259n uzaqla\u015fd\u0131\u011f\u0131n\u0131 a\u00e7\u0131qlay\u0131b. Ax\u015fam.az\u00a0x\u0259b\u0259r\u00a0verir ki, bu haqda m\u00fc\u011f\u0259nni sosial \u015f\u0259b\u0259k\u0259d\u0259 ona yaz\u0131lan \u015f\u0259rhl\u0259rd\u0259 cavabda bildirib. Eldar qeyd edib ki, art\u0131q m\u00fcsabiq\u0259 il\u0259 he\u00e7 bir \u0259laq\u0259si yoxdur. &#8220;Yax\u015f\u0131s\u0131n\u0131z? Yoxam bu il deleqasiyada&#8221; dey\u0259, Qas\u0131mov (12xal -red.) \u0259lav\u0259 edib. Qeyd ed\u0259k ki, son bir ne\u00e7\u0259 ildir t\u0259msil\u00e7il\u0259rimizin finala ke\u00e7m\u0259m\u0259sin\u0259 g\u00f6r\u0259 sosial \u015f\u0259b\u0259k\u0259d\u0259 Eldar t\u0259nqid edilirdi. \u0130stifad\u0259\u00e7il\u0259r onu i\u015far\u0259l\u0259y\u0259rk &#8220;istefa&#8221; s\u00f6z\u00fcn\u00fc yaz\u0131rd\u0131. \u018flav\u0259 ed\u0259k ki, Az\u0259rbaycan\u0131 m\u00fcsabiq\u0259d\u0259 J\u0130VA adl\u0131 ifa\u00e7\u0131 &#8220;Just go&#8221; mahn\u0131s\u0131 il\u0259 t\u0259msil ed\u0259c\u0259k. 70-ci &#8220;Avroviziya&#8221; Beyn\u0259lxalq Mahn\u0131 M\u00fcsabiq\u0259si Avstriyan\u0131n paytaxt\u0131 Vyana \u015f\u0259h\u0259rind\u0259&hellip;<\/p>\n","protected":false},"author":2,"featured_media":843964,"comment_status":"closed","ping_status":"closed","sticky":false,"template":"","format":"standard","meta":{"om_disable_all_campaigns":false,"_monsterinsights_skip_tracking":false,"_monsterinsights_sitenote_active":false,"_monsterinsights_sitenote_note":"","_monsterinsights_sitenote_category":0},"categories":[20],"tags":[],"aioseo_notices":[],"gutentor_comment":0,"rttpg_featured_image_url":{"full":["https:\/\/arantv.az\/wp-content\/uploads\/2026\/03\/fd21a4d754a52f5cfeddcc7788877f36-1.jpg",870,500,false],"landscape":["https:\/\/arantv.az\/wp-content\/uploads\/2026\/03\/fd21a4d754a52f5cfeddcc7788877f36-1.jpg",870,500,false],"portraits":["https:\/\/arantv.az\/wp-content\/uploads\/2026\/03\/fd21a4d754a52f5cfeddcc7788877f36-1.jpg",870,500,false],"thumbnail":["https:\/\/arantv.az\/wp-content\/uploads\/2026\/03\/fd21a4d754a52f5cfeddcc7788877f36-1-500x280.jpg",500,280,true],"medium":["https:\/\/arantv.az\/wp-content\/uploads\/2026\/03\/fd21a4d754a52f5cfeddcc7788877f36-1-635x365.jpg",635,365,true],"large":["https:\/\/arantv.az\/wp-content\/uploads\/2026\/03\/fd21a4d754a52f5cfeddcc7788877f36-1-840x483.jpg",640,368,true],"1536x1536":["https:\/\/arantv.az\/wp-content\/uploads\/2026\/03\/fd21a4d754a52f5cfeddcc7788877f36-1.jpg",870,500,false],"2048x2048":["https:\/\/arantv.az\/wp-content\/uploads\/2026\/03\/fd21a4d754a52f5cfeddcc7788877f36-1.jpg",870,500,false],"post-thumbnail":["https:\/\/arantv.az\/wp-content\/uploads\/2026\/03\/fd21a4d754a52f5cfeddcc7788877f36-1-240x172.jpg",240,172,true],"advps-thumb-one":["https:\/\/arantv.az\/wp-content\/uploads\/2026\/03\/fd21a4d754a52f5cfeddcc7788877f36-1.jpg",870,500,false]},"rttpg_author":{"display_name":"V\u00fcsal Rafiqo\u011flu","author_link":"https:\/\/arantv.az\/?author=2"},"rttpg_comment":0,"rttpg_category":"<a href=\"https:\/\/arantv.az\/?cat=20\" rel=\"category\">\u015eou biznes<\/a>","rttpg_excerpt":"&#8220;Avroviziya 2011&#8221; qalibi Eldar Qas\u0131mova deleqasiyan\u0131n musiqi prod\u00fcseri v\u0259zif\u0259sind\u0259n uzaqla\u015fd\u0131\u011f\u0131n\u0131 a\u00e7\u0131qlay\u0131b. Ax\u015fam.az\u00a0x\u0259b\u0259r\u00a0verir ki, bu haqda m\u00fc\u011f\u0259nni sosial \u015f\u0259b\u0259k\u0259d\u0259 ona yaz\u0131lan \u015f\u0259rhl\u0259rd\u0259 cavabda bildirib. Eldar qeyd edib ki, art\u0131q m\u00fcsabiq\u0259 il\u0259 he\u00e7 bir \u0259laq\u0259si yoxdur. &#8220;Yax\u015f\u0131s\u0131n\u0131z? Yoxam bu il deleqasiyada&#8221; dey\u0259, Qas\u0131mov (12xal -red.) \u0259lav\u0259 edib. Qeyd ed\u0259k ki, son bir ne\u00e7\u0259 ildir t\u0259msil\u00e7il\u0259rimizin finala ke\u00e7m\u0259m\u0259sin\u0259&hellip;","_links":{"self":[{"href":"https:\/\/arantv.az\/index.php?rest_route=\/wp\/v2\/posts\/843963"}],"collection":[{"href":"https:\/\/arantv.az\/index.php?rest_route=\/wp\/v2\/posts"}],"about":[{"href":"https:\/\/arantv.az\/index.php?rest_route=\/wp\/v2\/types\/post"}],"author":[{"embeddable":true,"href":"https:\/\/arantv.az\/index.php?rest_route=\/wp\/v2\/users\/2"}],"replies":[{"embeddable":true,"href":"https:\/\/arantv.az\/index.php?rest_route=%2Fwp%2Fv2%2Fcomments&post=843963"}],"version-history":[{"count":1,"href":"https:\/\/arantv.az\/index.php?rest_route=\/wp\/v2\/posts\/843963\/revisions"}],"predecessor-version":[{"id":843965,"href":"https:\/\/arantv.az\/index.php?rest_route=\/wp\/v2\/posts\/843963\/revisions\/843965"}],"wp:featuredmedia":[{"embeddable":true,"href":"https:\/\/arantv.az\/index.php?rest_route=\/wp\/v2\/media\/843964"}],"wp:attachment":[{"href":"https:\/\/arantv.az\/index.php?rest_route=%2Fwp%2Fv2%2Fmedia&parent=843963"}],"wp:term":[{"taxonomy":"category","embeddable":true,"href":"https:\/\/arantv.az\/index.php?rest_route=%2Fwp%2Fv2%2Fcategories&post=843963"},{"taxonomy":"post_tag","embeddable":true,"href":"https:\/\/arantv.az\/index.php?rest_route=%2Fwp%2Fv2%2Ftags&post=843963"}],"curies":[{"name":"wp","href":"https:\/\/api.w.org\/{rel}","templated":true}]}}