{"id":843969,"date":"2026-03-10T13:08:01","date_gmt":"2026-03-10T09:08:01","guid":{"rendered":"https:\/\/arantv.az\/?p=843969"},"modified":"2026-03-10T13:08:01","modified_gmt":"2026-03-10T09:08:01","slug":"n%c9%99inki-15-gunumuz-butun-h%c9%99yatimiz-az%c9%99rbaycanimiza-qurban-olsun-azadliga-cixan-musfiq-abbasov-danisdi","status":"publish","type":"post","link":"https:\/\/arantv.az\/?p=843969","title":{"rendered":"\u201cN\u0259inki 15 g\u00fcn\u00fcm\u00fcz, b\u00fct\u00fcn h\u0259yat\u0131m\u0131z Az\u0259rbaycan\u0131m\u0131za qurban olsun\u201d \u2013 Azadl\u0131\u011fa \u00e7\u0131xan M\u00fc\u015ffiq Abbasov DANI\u015eDI"},"content":{"rendered":"<p><strong>X\u0259b\u0259r verildiyi kimi, tan\u0131nm\u0131\u015f h\u00fcquq\u015f\u00fcnas, sabiq m\u00fcst\u0259ntiq M\u00fc\u015ffiq Abbasov bu g\u00fcn azadl\u0131\u011fa \u00e7\u0131x\u0131b.<\/strong><\/p>\n<p>O,\u00a0<strong>Musavat.com<\/strong>-a a\u00e7\u0131qlamas\u0131nda bildirib ki, \u00f6z\u00fcn\u00fc t\u0259qsirli hesab etmir:<\/p>\n<p>\u201cM\u0259nim he\u00e7 bir statusumda v\u0259 \u0259m\u0259limd\u0259 h\u0259r hans\u0131 bir inzibati pozuntu olmay\u0131b. \u00dcmumiyy\u0259tl\u0259 olmay\u0131b, inzibati pozuntudan s\u00f6hb\u0259t ged\u0259 bilm\u0259z v\u0259 m\u0259n\u0259 veril\u0259n madd\u0259 il\u0259 ba\u011fl\u0131 dey\u0259 bil\u0259r\u0259m ki, he\u00e7 vaxt \u00f6z\u00fcm\u00fc t\u0259qsirli hesab etm\u0259mi\u015f\u0259m\u201d.<\/p>\n<p><strong>Sabiq m\u00fcst\u0259ntiq son m\u00fcsahib\u0259sind\u0259 s\u0259sl\u0259ndirdiyi fikirl\u0259r\u0259 g\u00f6r\u0259 ittiham olunmas\u0131 il\u0259 ba\u011fl\u0131 deyil\u0259nl\u0259r\u0259 d\u0259 ayd\u0131nl\u0131q g\u0259tirib:<\/strong><\/p>\n<p>\u201cKonkret dey\u0259 bilm\u0259r\u0259m hans\u0131 fikirim\u0259 g\u00f6r\u0259 kims\u0259 g\u00f6st\u0259ri\u015f verib. Amma \u00fcmumi g\u00f6t\u00fcr\u0259nd\u0259 bir ne\u00e7\u0259 statusla ba\u011fl\u0131 m\u0259n\u0259 sual verdil\u0259r. Hans\u0131 ki, orada da h\u0259r hans\u0131 bir inzibati pozuntu yox idi. Ola bil\u0259r ki, kimis\u0259 t\u0259nqid ed\u0259 bil\u0259rik. M\u0259n yaz\u0131\u00e7\u0131yam, yaz\u0131\u00e7\u0131n\u0131n dilini k\u0259sm\u0259k olmaz. Amma m\u0259n inzibati pozuntuya yol verm\u0259mi\u015f\u0259m\u201d.<\/p>\n<p><strong>H\u00fcquq\u015f\u00fcnas \u201cCoca-Cola\u201dn\u0131n haz\u0131rlanmas\u0131 il\u0259 ba\u011fl\u0131 payla\u015fd\u0131\u011f\u0131 statusun h\u0259bsind\u0259 rolundan da dan\u0131\u015f\u0131b:<\/strong><\/p>\n<p>\u201cO bar\u0259d\u0259 m\u0259n\u0259 \u00fcmumiyy\u0259tl\u0259 sual verilm\u0259di. Y\u0259ni bir \u0259sas\u0131l\u0131\u011f\u0131 yoxdur. \u00dcmumiyy\u0259tl\u0259, m\u0259n fikirl\u0259rimd\u0259 h\u0259mi\u015f\u0259 m\u00fcst\u0259qil olmu\u015fam. H\u0259tta m\u0259n azadl\u0131qdan m\u0259hrum olanda v\u0259 h\u0259bs olunanda da beynim v\u0259 \u015f\u00fcurum h\u0259mi\u015f\u0259 a\u00e7\u0131q olub. Qald\u0131\u011f\u0131m\u0131z yola davam ed\u0259c\u0259yik.<\/p>\n<p>M\u0259n \u00f6z\u00fcm\u00fc h\u0259r zaman insanlar\u0131n yerin\u0259 qoyma\u011fa \u00e7al\u0131\u015fm\u0131\u015fam. \u0130kincisi, bu, inzibati pozuntu cinay\u0259t t\u0259qibi dem\u0259k deyil. Burada h\u0259r hans\u0131 bir cinay\u0259td\u0259n s\u00f6hb\u0259t ged\u0259 bilm\u0259z v\u0259 bu hal m\u0259hkumluq yaratm\u0131r. Y\u0259ni bunun he\u00e7 bir cinay\u0259t-h\u00fcquqi n\u0259tic\u0259si yoxdur.<\/p>\n<p>Bu m\u0259s\u0259l\u0259d\u0259 m\u0259nim bar\u0259md\u0259 inzibati pozuntu iddias\u0131 ir\u0259li s\u00fcr\u00fcl\u00fcb. Lakin hesab edir\u0259m ki, bu da qanunsuzdur, \u00e7\u00fcnki burada inzibati pozuntu bel\u0259 yoxdur. Dig\u0259r m\u0259s\u0259l\u0259l\u0259r bar\u0259d\u0259 is\u0259 daha \u0259trafl\u0131 \u015f\u0259kild\u0259 Facebook s\u0259hif\u0259md\u0259 yazaca\u011fam.<\/p>\n<p>Yen\u0259 d\u0259 qeyd etm\u0259k ist\u0259yir\u0259m ki, biz h\u0259r zaman d\u00f6vl\u0259timizin, mill\u0259timizin v\u0259 xalq\u0131m\u0131z\u0131n yan\u0131nda olmu\u015fuq. N\u0259inki 15 g\u00fcn\u00fcm\u00fcz, b\u00fct\u00fcn h\u0259yat\u0131m\u0131z bel\u0259 Az\u0259rbaycan\u0131m\u0131za qurban olsun\u201d.<\/p>\n<p><strong>Qeyd ed\u0259k ki,<\/strong>\u00a0Bak\u0131 \u015e\u0259h\u0259r Prokurorlu\u011funun ke\u00e7mi\u015f m\u00fcst\u0259ntiqi M\u00fc\u015ffiq Abbasova inzibati qaydada 15 sutka h\u0259bs verilmi\u015fdi. O, internetd\u0259 yay\u0131lmas\u0131 qada\u011fan edil\u0259n m\u0259lumatlar\u0131 payla\u015fmaqda t\u0259qsirli bilinirdi.\u00a0M.Abbasov m\u0259hk\u0259m\u0259d\u0259 bildirib ki, ittiham olundu\u011fu faktlardan biri Az\u0259rbaycan Yaz\u0131\u00e7\u0131lar Birliyi v\u0259 Xalq yaz\u0131\u00e7\u0131s\u0131 \u00c7ingiz Abdullayevl\u0259 ba\u011fl\u0131 yazd\u0131\u011f\u0131 statusdur. Onun\u00a0\u00a0ittiham olundu\u011fu n\u00f6vb\u0259ti statusu \u201cEp\u015fteyn i\u015fi\u201d il\u0259 ba\u011fl\u0131 olub.\u00a0M\u00fc\u015ffiq Abbasov deyib ki, onun ittiham olundu\u011fu statuslar\u0131ndan biri d\u0259 \u0130sa H\u0259bibb\u0259ylinin \u201c\u00e7\u0259tir tutan k\u00f6m\u0259k\u00e7isi\u201d il\u0259 ba\u011fl\u0131 olub.<\/p>\n","protected":false},"excerpt":{"rendered":"<p>X\u0259b\u0259r verildiyi kimi, tan\u0131nm\u0131\u015f h\u00fcquq\u015f\u00fcnas, sabiq m\u00fcst\u0259ntiq M\u00fc\u015ffiq Abbasov bu g\u00fcn azadl\u0131\u011fa \u00e7\u0131x\u0131b. O,\u00a0Musavat.com-a a\u00e7\u0131qlamas\u0131nda bildirib ki, \u00f6z\u00fcn\u00fc t\u0259qsirli hesab etmir: \u201cM\u0259nim he\u00e7 bir statusumda v\u0259 \u0259m\u0259limd\u0259 h\u0259r hans\u0131 bir inzibati pozuntu olmay\u0131b. \u00dcmumiyy\u0259tl\u0259 olmay\u0131b, inzibati pozuntudan s\u00f6hb\u0259t ged\u0259 bilm\u0259z v\u0259 m\u0259n\u0259 veril\u0259n madd\u0259 il\u0259 ba\u011fl\u0131 dey\u0259 bil\u0259r\u0259m ki, he\u00e7 vaxt \u00f6z\u00fcm\u00fc t\u0259qsirli hesab etm\u0259mi\u015f\u0259m\u201d. Sabiq m\u00fcst\u0259ntiq son m\u00fcsahib\u0259sind\u0259 s\u0259sl\u0259ndirdiyi fikirl\u0259r\u0259 g\u00f6r\u0259 ittiham olunmas\u0131 il\u0259 ba\u011fl\u0131 deyil\u0259nl\u0259r\u0259 d\u0259 ayd\u0131nl\u0131q g\u0259tirib: \u201cKonkret dey\u0259 bilm\u0259r\u0259m hans\u0131 fikirim\u0259 g\u00f6r\u0259 kims\u0259 g\u00f6st\u0259ri\u015f verib. Amma \u00fcmumi g\u00f6t\u00fcr\u0259nd\u0259 bir ne\u00e7\u0259 statusla ba\u011fl\u0131 m\u0259n\u0259 sual verdil\u0259r. Hans\u0131&hellip;<\/p>\n","protected":false},"author":2,"featured_media":843971,"comment_status":"closed","ping_status":"closed","sticky":false,"template":"","format":"standard","meta":{"om_disable_all_campaigns":false,"_monsterinsights_skip_tracking":false,"_monsterinsights_sitenote_active":false,"_monsterinsights_sitenote_note":"","_monsterinsights_sitenote_category":0},"categories":[1],"tags":[],"aioseo_notices":[],"gutentor_comment":0,"rttpg_featured_image_url":{"full":["https:\/\/arantv.az\/wp-content\/uploads\/2026\/03\/16c12ad364fac597b5db0db72ebda6e5.jpg",870,500,false],"landscape":["https:\/\/arantv.az\/wp-content\/uploads\/2026\/03\/16c12ad364fac597b5db0db72ebda6e5.jpg",870,500,false],"portraits":["https:\/\/arantv.az\/wp-content\/uploads\/2026\/03\/16c12ad364fac597b5db0db72ebda6e5.jpg",870,500,false],"thumbnail":["https:\/\/arantv.az\/wp-content\/uploads\/2026\/03\/16c12ad364fac597b5db0db72ebda6e5-500x280.jpg",500,280,true],"medium":["https:\/\/arantv.az\/wp-content\/uploads\/2026\/03\/16c12ad364fac597b5db0db72ebda6e5-635x365.jpg",635,365,true],"large":["https:\/\/arantv.az\/wp-content\/uploads\/2026\/03\/16c12ad364fac597b5db0db72ebda6e5-840x483.jpg",640,368,true],"1536x1536":["https:\/\/arantv.az\/wp-content\/uploads\/2026\/03\/16c12ad364fac597b5db0db72ebda6e5.jpg",870,500,false],"2048x2048":["https:\/\/arantv.az\/wp-content\/uploads\/2026\/03\/16c12ad364fac597b5db0db72ebda6e5.jpg",870,500,false],"post-thumbnail":["https:\/\/arantv.az\/wp-content\/uploads\/2026\/03\/16c12ad364fac597b5db0db72ebda6e5-240x172.jpg",240,172,true],"advps-thumb-one":["https:\/\/arantv.az\/wp-content\/uploads\/2026\/03\/16c12ad364fac597b5db0db72ebda6e5.jpg",870,500,false]},"rttpg_author":{"display_name":"V\u00fcsal Rafiqo\u011flu","author_link":"https:\/\/arantv.az\/?author=2"},"rttpg_comment":0,"rttpg_category":"<a href=\"https:\/\/arantv.az\/?cat=1\" rel=\"category\">C\u0259miyy\u0259t<\/a>","rttpg_excerpt":"X\u0259b\u0259r verildiyi kimi, tan\u0131nm\u0131\u015f h\u00fcquq\u015f\u00fcnas, sabiq m\u00fcst\u0259ntiq M\u00fc\u015ffiq Abbasov bu g\u00fcn azadl\u0131\u011fa \u00e7\u0131x\u0131b. O,\u00a0Musavat.com-a a\u00e7\u0131qlamas\u0131nda bildirib ki, \u00f6z\u00fcn\u00fc t\u0259qsirli hesab etmir: \u201cM\u0259nim he\u00e7 bir statusumda v\u0259 \u0259m\u0259limd\u0259 h\u0259r hans\u0131 bir inzibati pozuntu olmay\u0131b. \u00dcmumiyy\u0259tl\u0259 olmay\u0131b, inzibati pozuntudan s\u00f6hb\u0259t ged\u0259 bilm\u0259z v\u0259 m\u0259n\u0259 veril\u0259n madd\u0259 il\u0259 ba\u011fl\u0131 dey\u0259 bil\u0259r\u0259m ki, he\u00e7 vaxt \u00f6z\u00fcm\u00fc t\u0259qsirli hesab etm\u0259mi\u015f\u0259m\u201d.&hellip;","_links":{"self":[{"href":"https:\/\/arantv.az\/index.php?rest_route=\/wp\/v2\/posts\/843969"}],"collection":[{"href":"https:\/\/arantv.az\/index.php?rest_route=\/wp\/v2\/posts"}],"about":[{"href":"https:\/\/arantv.az\/index.php?rest_route=\/wp\/v2\/types\/post"}],"author":[{"embeddable":true,"href":"https:\/\/arantv.az\/index.php?rest_route=\/wp\/v2\/users\/2"}],"replies":[{"embeddable":true,"href":"https:\/\/arantv.az\/index.php?rest_route=%2Fwp%2Fv2%2Fcomments&post=843969"}],"version-history":[{"count":1,"href":"https:\/\/arantv.az\/index.php?rest_route=\/wp\/v2\/posts\/843969\/revisions"}],"predecessor-version":[{"id":843972,"href":"https:\/\/arantv.az\/index.php?rest_route=\/wp\/v2\/posts\/843969\/revisions\/843972"}],"wp:featuredmedia":[{"embeddable":true,"href":"https:\/\/arantv.az\/index.php?rest_route=\/wp\/v2\/media\/843971"}],"wp:attachment":[{"href":"https:\/\/arantv.az\/index.php?rest_route=%2Fwp%2Fv2%2Fmedia&parent=843969"}],"wp:term":[{"taxonomy":"category","embeddable":true,"href":"https:\/\/arantv.az\/index.php?rest_route=%2Fwp%2Fv2%2Fcategories&post=843969"},{"taxonomy":"post_tag","embeddable":true,"href":"https:\/\/arantv.az\/index.php?rest_route=%2Fwp%2Fv2%2Ftags&post=843969"}],"curies":[{"name":"wp","href":"https:\/\/api.w.org\/{rel}","templated":true}]}}