{"id":843975,"date":"2026-03-10T13:34:12","date_gmt":"2026-03-10T09:34:12","guid":{"rendered":"https:\/\/arantv.az\/?p=843975"},"modified":"2026-03-10T13:34:12","modified_gmt":"2026-03-10T09:34:12","slug":"sabah-respublika-uzr%c9%99-pensiyalar-tam-od%c9%99nil%c9%99c%c9%99k","status":"publish","type":"post","link":"https:\/\/arantv.az\/?p=843975","title":{"rendered":"Sabah respublika \u00fczr\u0259 pensiyalar tam \u00f6d\u0259nil\u0259c\u0259k"},"content":{"rendered":"<p><strong>\u018fm\u0259k v\u0259 \u018fhalinin Sosial M\u00fcdafi\u0259si Nazirliyinin tabeliyind\u0259 D\u00f6vl\u0259t Sosial M\u00fcdafi\u0259 Fondu t\u0259r\u0259find\u0259n qar\u015f\u0131dan g\u0259l\u0259n bayramlarla \u0259laq\u0259dar olaraq mart\u0131n 11-d\u0259 respublika \u00fczr\u0259 pensiyalar\u0131n qrafikd\u0259n \u0259vv\u0259l tam \u00f6d\u0259nil\u0259r\u0259k yekunla\u015fd\u0131r\u0131lmas\u0131 n\u0259z\u0259rd\u0259 tutulub.<\/strong><\/p>\n<p>Bu bar\u0259d\u0259<strong>\u00a0Musavat.com<\/strong>-a D\u00f6vl\u0259t Sosial M\u00fcdafi\u0259 Fondundan m\u0259lumat verilib.<\/p>\n<div class=\"AdviadNativeVideo\">Bildirilib ki, h\u0259min g\u00fcn g\u00fcz\u0259\u015ftli \u015f\u0259rtl\u0259rl\u0259 pensiya h\u00fcququna malik \u015f\u0259xsl\u0259rin d\u0259 pensiyalar\u0131 \u00f6d\u0259nil\u0259c\u0259k.<\/div>\n","protected":false},"excerpt":{"rendered":"<p>\u018fm\u0259k v\u0259 \u018fhalinin Sosial M\u00fcdafi\u0259si Nazirliyinin tabeliyind\u0259 D\u00f6vl\u0259t Sosial M\u00fcdafi\u0259 Fondu t\u0259r\u0259find\u0259n qar\u015f\u0131dan g\u0259l\u0259n bayramlarla \u0259laq\u0259dar olaraq mart\u0131n 11-d\u0259 respublika \u00fczr\u0259 pensiyalar\u0131n qrafikd\u0259n \u0259vv\u0259l tam \u00f6d\u0259nil\u0259r\u0259k yekunla\u015fd\u0131r\u0131lmas\u0131 n\u0259z\u0259rd\u0259 tutulub. Bu bar\u0259d\u0259\u00a0Musavat.com-a D\u00f6vl\u0259t Sosial M\u00fcdafi\u0259 Fondundan m\u0259lumat verilib. Bildirilib ki, h\u0259min g\u00fcn g\u00fcz\u0259\u015ftli \u015f\u0259rtl\u0259rl\u0259 pensiya h\u00fcququna malik \u015f\u0259xsl\u0259rin d\u0259 pensiyalar\u0131 \u00f6d\u0259nil\u0259c\u0259k.<\/p>\n","protected":false},"author":2,"featured_media":843976,"comment_status":"closed","ping_status":"closed","sticky":false,"template":"","format":"standard","meta":{"om_disable_all_campaigns":false,"_monsterinsights_skip_tracking":false,"_monsterinsights_sitenote_active":false,"_monsterinsights_sitenote_note":"","_monsterinsights_sitenote_category":0},"categories":[1],"tags":[],"aioseo_notices":[],"gutentor_comment":0,"rttpg_featured_image_url":{"full":["https:\/\/arantv.az\/wp-content\/uploads\/2026\/03\/e30aa002049ca365b7d7df6c9212a78f-wm-20260310131912-cd7b49.jpg",870,500,false],"landscape":["https:\/\/arantv.az\/wp-content\/uploads\/2026\/03\/e30aa002049ca365b7d7df6c9212a78f-wm-20260310131912-cd7b49.jpg",870,500,false],"portraits":["https:\/\/arantv.az\/wp-content\/uploads\/2026\/03\/e30aa002049ca365b7d7df6c9212a78f-wm-20260310131912-cd7b49.jpg",870,500,false],"thumbnail":["https:\/\/arantv.az\/wp-content\/uploads\/2026\/03\/e30aa002049ca365b7d7df6c9212a78f-wm-20260310131912-cd7b49-500x280.jpg",500,280,true],"medium":["https:\/\/arantv.az\/wp-content\/uploads\/2026\/03\/e30aa002049ca365b7d7df6c9212a78f-wm-20260310131912-cd7b49-635x365.jpg",635,365,true],"large":["https:\/\/arantv.az\/wp-content\/uploads\/2026\/03\/e30aa002049ca365b7d7df6c9212a78f-wm-20260310131912-cd7b49-840x483.jpg",640,368,true],"1536x1536":["https:\/\/arantv.az\/wp-content\/uploads\/2026\/03\/e30aa002049ca365b7d7df6c9212a78f-wm-20260310131912-cd7b49.jpg",870,500,false],"2048x2048":["https:\/\/arantv.az\/wp-content\/uploads\/2026\/03\/e30aa002049ca365b7d7df6c9212a78f-wm-20260310131912-cd7b49.jpg",870,500,false],"post-thumbnail":["https:\/\/arantv.az\/wp-content\/uploads\/2026\/03\/e30aa002049ca365b7d7df6c9212a78f-wm-20260310131912-cd7b49-240x172.jpg",240,172,true],"advps-thumb-one":["https:\/\/arantv.az\/wp-content\/uploads\/2026\/03\/e30aa002049ca365b7d7df6c9212a78f-wm-20260310131912-cd7b49.jpg",870,500,false]},"rttpg_author":{"display_name":"V\u00fcsal Rafiqo\u011flu","author_link":"https:\/\/arantv.az\/?author=2"},"rttpg_comment":0,"rttpg_category":"<a href=\"https:\/\/arantv.az\/?cat=1\" rel=\"category\">C\u0259miyy\u0259t<\/a>","rttpg_excerpt":"\u018fm\u0259k v\u0259 \u018fhalinin Sosial M\u00fcdafi\u0259si Nazirliyinin tabeliyind\u0259 D\u00f6vl\u0259t Sosial M\u00fcdafi\u0259 Fondu t\u0259r\u0259find\u0259n qar\u015f\u0131dan g\u0259l\u0259n bayramlarla \u0259laq\u0259dar olaraq mart\u0131n 11-d\u0259 respublika \u00fczr\u0259 pensiyalar\u0131n qrafikd\u0259n \u0259vv\u0259l tam \u00f6d\u0259nil\u0259r\u0259k yekunla\u015fd\u0131r\u0131lmas\u0131 n\u0259z\u0259rd\u0259 tutulub. Bu bar\u0259d\u0259\u00a0Musavat.com-a D\u00f6vl\u0259t Sosial M\u00fcdafi\u0259 Fondundan m\u0259lumat verilib. Bildirilib ki, h\u0259min g\u00fcn g\u00fcz\u0259\u015ftli \u015f\u0259rtl\u0259rl\u0259 pensiya h\u00fcququna malik \u015f\u0259xsl\u0259rin d\u0259 pensiyalar\u0131 \u00f6d\u0259nil\u0259c\u0259k.","_links":{"self":[{"href":"https:\/\/arantv.az\/index.php?rest_route=\/wp\/v2\/posts\/843975"}],"collection":[{"href":"https:\/\/arantv.az\/index.php?rest_route=\/wp\/v2\/posts"}],"about":[{"href":"https:\/\/arantv.az\/index.php?rest_route=\/wp\/v2\/types\/post"}],"author":[{"embeddable":true,"href":"https:\/\/arantv.az\/index.php?rest_route=\/wp\/v2\/users\/2"}],"replies":[{"embeddable":true,"href":"https:\/\/arantv.az\/index.php?rest_route=%2Fwp%2Fv2%2Fcomments&post=843975"}],"version-history":[{"count":2,"href":"https:\/\/arantv.az\/index.php?rest_route=\/wp\/v2\/posts\/843975\/revisions"}],"predecessor-version":[{"id":843978,"href":"https:\/\/arantv.az\/index.php?rest_route=\/wp\/v2\/posts\/843975\/revisions\/843978"}],"wp:featuredmedia":[{"embeddable":true,"href":"https:\/\/arantv.az\/index.php?rest_route=\/wp\/v2\/media\/843976"}],"wp:attachment":[{"href":"https:\/\/arantv.az\/index.php?rest_route=%2Fwp%2Fv2%2Fmedia&parent=843975"}],"wp:term":[{"taxonomy":"category","embeddable":true,"href":"https:\/\/arantv.az\/index.php?rest_route=%2Fwp%2Fv2%2Fcategories&post=843975"},{"taxonomy":"post_tag","embeddable":true,"href":"https:\/\/arantv.az\/index.php?rest_route=%2Fwp%2Fv2%2Ftags&post=843975"}],"curies":[{"name":"wp","href":"https:\/\/api.w.org\/{rel}","templated":true}]}}