{"id":844060,"date":"2026-03-11T10:24:19","date_gmt":"2026-03-11T06:24:19","guid":{"rendered":"https:\/\/arantv.az\/?p=844060"},"modified":"2026-03-11T10:24:19","modified_gmt":"2026-03-11T06:24:19","slug":"m%c9%99d%c9%99niyy%c9%99t-nazirliyind%c9%99-ekspert-komissiyasinin-uzvl%c9%99ri-il%c9%99-gorus-oldufoto","status":"publish","type":"post","link":"https:\/\/arantv.az\/?p=844060","title":{"rendered":"M\u0259d\u0259niyy\u0259t Nazirliyind\u0259 ekspert komissiyas\u0131n\u0131n \u00fczvl\u0259ri il\u0259 g\u00f6r\u00fc\u015f olduFOTO"},"content":{"rendered":"<div class=\"text-content\" data-id=\"\" data-url=\"\">\n<p><strong>Mart\u0131n 10-da Az\u0259rbaycan Respublikas\u0131 M\u0259d\u0259niyy\u0259t Nazirliyind\u0259 nazirliyin n\u0259zdind\u0259 f\u0259aliyy\u0259t g\u00f6st\u0259r\u0259n T\u0259sviri v\u0259 dekorativ-t\u0259tbiqi s\u0259n\u0259t \u0259s\u0259rl\u0259ri \u00fczr\u0259 Ekspert komissiyas\u0131n\u0131n \u00fczvl\u0259ri il\u0259 g\u00f6r\u00fc\u015f ke\u00e7irilib.<\/strong><\/p>\n<p><strong>Musavat.com<\/strong>\u00a0x\u0259b\u0259r verir ki, m\u0259d\u0259niyy\u0259t naziri Adil K\u0259rimli Prezident \u0130lham \u018fliyevin 14 yanvar 2026-c\u0131 il tarixli S\u0259r\u0259ncam\u0131 il\u0259 t\u0259sdiq olunan \u201cAz\u0259rbaycan M\u0259d\u0259niyy\u0259ti \u2013 2040\u201d Konsepsiyas\u0131nda m\u0259d\u0259niyy\u0259tin m\u00fcxt\u0259lif sah\u0259l\u0259ri kimi, t\u0259sviri v\u0259 dekorativ-t\u0259tbiqi s\u0259n\u0259tin d\u0259 inki\u015faf\u0131 il\u0259 ba\u011fl\u0131 m\u00fcdd\u0259alar\u0131n \u00f6z \u0259ksini tapd\u0131\u011f\u0131n\u0131 diqq\u0259t\u0259 \u00e7atd\u0131r\u0131b. Qeyd olunub ki, s\u0259n\u0259dd\u0259 m\u00fcasir t\u0259sviri v\u0259 dekorativ-t\u0259tbiqi s\u0259n\u0259tin inki\u015faf\u0131, s\u0259rb\u0259st b\u0259dii yarad\u0131c\u0131l\u0131q axtar\u0131\u015flar\u0131n\u0131n d\u0259st\u0259kl\u0259nm\u0259si, beyn\u0259lxalq al\u0259m\u0259 inteqrasiya v\u0259 milli m\u0259d\u0259niyy\u0259t nailiyy\u0259tl\u0259rinin t\u0259bli\u011fi m\u0259qs\u0259dil\u0259 qar\u015f\u0131ya yeni v\u0259zif\u0259l\u0259r qoyulub.<\/p>\n<p>G\u00f6r\u00fc\u015fd\u0259 komissiyan\u0131n s\u0259dri, Az\u0259rbaycan R\u0259ssamlar \u0130ttifaq\u0131n\u0131n r\u0259hb\u0259ri Xalq r\u0259ssam\u0131 F\u0259rhad X\u0259lilov \u00e7\u0131x\u0131\u015f ed\u0259r\u0259k kommissiyan\u0131n f\u0259aliyy\u0259ti haqq\u0131nda m\u0259lumat verib. Komissiyan\u0131n \u00fczvl\u0259ri \u2013 Xalq r\u0259ssamlar\u0131, R\u0259ssaml\u0131q Akademiyas\u0131n\u0131n rektoru Natiq \u018fliyev, H\u00fcseyn Haqverdiyev, Ayd\u0131n R\u0259c\u0259bov, Memarlar \u0130ttifaq\u0131 \u0130dar\u0259 hey\u0259tinin s\u0259dri Elbay Qas\u0131mzad\u0259, \u201cAz\u0259rxal\u00e7a\u201d ASC \u0130dar\u0259 hey\u0259tinin s\u0259dri Emin M\u0259mm\u0259dov, Az\u0259rbaycan D\u00f6vl\u0259t M\u0259d\u0259niyy\u0259t v\u0259 \u0130nc\u0259s\u0259n\u0259t Universitetinin prorektoru Sevil K\u0259rimova v\u0259 M\u0259d\u0259niyy\u0259t Nazirliyinin sektor m\u00fcdiri Ayb\u0259niz \u018fliyeva komissiyaya edil\u0259n m\u00fcraci\u0259tl\u0259r, \u0259s\u0259rl\u0259rin qiym\u0259tl\u0259ndirm\u0259 meyarlar\u0131 v\u0259 dig\u0259r m\u0259s\u0259l\u0259l\u0259rl\u0259 ba\u011fl\u0131 fikirl\u0259rini b\u00f6l\u00fc\u015f\u00fcbl\u0259r.<\/p>\n<\/div>\n<div>\n<div class=\"form-group\"><img class=\"img-responsive\" src=\"https:\/\/cdn.musavat.com\/news\/images\/Downloads\/Untitled%20%282%29-5.jpg\" \/><\/div>\n<div class=\"form-group\"><img class=\"img-responsive\" src=\"https:\/\/cdn.musavat.com\/news\/images\/Downloads\/Untitled%20%283%29-5.jpg\" \/><\/div>\n<div class=\"form-group\"><img class=\"img-responsive\" src=\"https:\/\/cdn.musavat.com\/news\/images\/Downloads\/Untitled-4.jpg\" \/><\/div>\n<\/div>\n","protected":false},"excerpt":{"rendered":"<p>Mart\u0131n 10-da Az\u0259rbaycan Respublikas\u0131 M\u0259d\u0259niyy\u0259t Nazirliyind\u0259 nazirliyin n\u0259zdind\u0259 f\u0259aliyy\u0259t g\u00f6st\u0259r\u0259n T\u0259sviri v\u0259 dekorativ-t\u0259tbiqi s\u0259n\u0259t \u0259s\u0259rl\u0259ri \u00fczr\u0259 Ekspert komissiyas\u0131n\u0131n \u00fczvl\u0259ri il\u0259 g\u00f6r\u00fc\u015f ke\u00e7irilib. Musavat.com\u00a0x\u0259b\u0259r verir ki, m\u0259d\u0259niyy\u0259t naziri Adil K\u0259rimli Prezident \u0130lham \u018fliyevin 14 yanvar 2026-c\u0131 il tarixli S\u0259r\u0259ncam\u0131 il\u0259 t\u0259sdiq olunan \u201cAz\u0259rbaycan M\u0259d\u0259niyy\u0259ti \u2013 2040\u201d Konsepsiyas\u0131nda m\u0259d\u0259niyy\u0259tin m\u00fcxt\u0259lif sah\u0259l\u0259ri kimi, t\u0259sviri v\u0259 dekorativ-t\u0259tbiqi s\u0259n\u0259tin d\u0259 inki\u015faf\u0131 il\u0259 ba\u011fl\u0131 m\u00fcdd\u0259alar\u0131n \u00f6z \u0259ksini tapd\u0131\u011f\u0131n\u0131 diqq\u0259t\u0259 \u00e7atd\u0131r\u0131b. Qeyd olunub ki, s\u0259n\u0259dd\u0259 m\u00fcasir t\u0259sviri v\u0259 dekorativ-t\u0259tbiqi s\u0259n\u0259tin inki\u015faf\u0131, s\u0259rb\u0259st b\u0259dii yarad\u0131c\u0131l\u0131q axtar\u0131\u015flar\u0131n\u0131n d\u0259st\u0259kl\u0259nm\u0259si, beyn\u0259lxalq al\u0259m\u0259 inteqrasiya v\u0259 milli m\u0259d\u0259niyy\u0259t nailiyy\u0259tl\u0259rinin t\u0259bli\u011fi m\u0259qs\u0259dil\u0259 qar\u015f\u0131ya yeni&hellip;<\/p>\n","protected":false},"author":2,"featured_media":844061,"comment_status":"closed","ping_status":"closed","sticky":false,"template":"","format":"standard","meta":{"om_disable_all_campaigns":false,"_monsterinsights_skip_tracking":false,"_monsterinsights_sitenote_active":false,"_monsterinsights_sitenote_note":"","_monsterinsights_sitenote_category":0},"categories":[1],"tags":[],"aioseo_notices":[],"gutentor_comment":0,"rttpg_featured_image_url":{"full":["https:\/\/arantv.az\/wp-content\/uploads\/2026\/03\/a2805905157add42a6932ab674f1b9c9.jpg",870,500,false],"landscape":["https:\/\/arantv.az\/wp-content\/uploads\/2026\/03\/a2805905157add42a6932ab674f1b9c9.jpg",870,500,false],"portraits":["https:\/\/arantv.az\/wp-content\/uploads\/2026\/03\/a2805905157add42a6932ab674f1b9c9.jpg",870,500,false],"thumbnail":["https:\/\/arantv.az\/wp-content\/uploads\/2026\/03\/a2805905157add42a6932ab674f1b9c9-500x280.jpg",500,280,true],"medium":["https:\/\/arantv.az\/wp-content\/uploads\/2026\/03\/a2805905157add42a6932ab674f1b9c9-635x365.jpg",635,365,true],"large":["https:\/\/arantv.az\/wp-content\/uploads\/2026\/03\/a2805905157add42a6932ab674f1b9c9-840x483.jpg",640,368,true],"1536x1536":["https:\/\/arantv.az\/wp-content\/uploads\/2026\/03\/a2805905157add42a6932ab674f1b9c9.jpg",870,500,false],"2048x2048":["https:\/\/arantv.az\/wp-content\/uploads\/2026\/03\/a2805905157add42a6932ab674f1b9c9.jpg",870,500,false],"post-thumbnail":["https:\/\/arantv.az\/wp-content\/uploads\/2026\/03\/a2805905157add42a6932ab674f1b9c9-240x172.jpg",240,172,true],"advps-thumb-one":["https:\/\/arantv.az\/wp-content\/uploads\/2026\/03\/a2805905157add42a6932ab674f1b9c9.jpg",870,500,false]},"rttpg_author":{"display_name":"V\u00fcsal Rafiqo\u011flu","author_link":"https:\/\/arantv.az\/?author=2"},"rttpg_comment":0,"rttpg_category":"<a href=\"https:\/\/arantv.az\/?cat=1\" rel=\"category\">C\u0259miyy\u0259t<\/a>","rttpg_excerpt":"Mart\u0131n 10-da Az\u0259rbaycan Respublikas\u0131 M\u0259d\u0259niyy\u0259t Nazirliyind\u0259 nazirliyin n\u0259zdind\u0259 f\u0259aliyy\u0259t g\u00f6st\u0259r\u0259n T\u0259sviri v\u0259 dekorativ-t\u0259tbiqi s\u0259n\u0259t \u0259s\u0259rl\u0259ri \u00fczr\u0259 Ekspert komissiyas\u0131n\u0131n \u00fczvl\u0259ri il\u0259 g\u00f6r\u00fc\u015f ke\u00e7irilib. Musavat.com\u00a0x\u0259b\u0259r verir ki, m\u0259d\u0259niyy\u0259t naziri Adil K\u0259rimli Prezident \u0130lham \u018fliyevin 14 yanvar 2026-c\u0131 il tarixli S\u0259r\u0259ncam\u0131 il\u0259 t\u0259sdiq olunan \u201cAz\u0259rbaycan M\u0259d\u0259niyy\u0259ti \u2013 2040\u201d Konsepsiyas\u0131nda m\u0259d\u0259niyy\u0259tin m\u00fcxt\u0259lif sah\u0259l\u0259ri kimi, t\u0259sviri v\u0259 dekorativ-t\u0259tbiqi s\u0259n\u0259tin d\u0259&hellip;","_links":{"self":[{"href":"https:\/\/arantv.az\/index.php?rest_route=\/wp\/v2\/posts\/844060"}],"collection":[{"href":"https:\/\/arantv.az\/index.php?rest_route=\/wp\/v2\/posts"}],"about":[{"href":"https:\/\/arantv.az\/index.php?rest_route=\/wp\/v2\/types\/post"}],"author":[{"embeddable":true,"href":"https:\/\/arantv.az\/index.php?rest_route=\/wp\/v2\/users\/2"}],"replies":[{"embeddable":true,"href":"https:\/\/arantv.az\/index.php?rest_route=%2Fwp%2Fv2%2Fcomments&post=844060"}],"version-history":[{"count":1,"href":"https:\/\/arantv.az\/index.php?rest_route=\/wp\/v2\/posts\/844060\/revisions"}],"predecessor-version":[{"id":844062,"href":"https:\/\/arantv.az\/index.php?rest_route=\/wp\/v2\/posts\/844060\/revisions\/844062"}],"wp:featuredmedia":[{"embeddable":true,"href":"https:\/\/arantv.az\/index.php?rest_route=\/wp\/v2\/media\/844061"}],"wp:attachment":[{"href":"https:\/\/arantv.az\/index.php?rest_route=%2Fwp%2Fv2%2Fmedia&parent=844060"}],"wp:term":[{"taxonomy":"category","embeddable":true,"href":"https:\/\/arantv.az\/index.php?rest_route=%2Fwp%2Fv2%2Fcategories&post=844060"},{"taxonomy":"post_tag","embeddable":true,"href":"https:\/\/arantv.az\/index.php?rest_route=%2Fwp%2Fv2%2Ftags&post=844060"}],"curies":[{"name":"wp","href":"https:\/\/api.w.org\/{rel}","templated":true}]}}