{"id":844082,"date":"2026-03-11T10:36:27","date_gmt":"2026-03-11T06:36:27","guid":{"rendered":"https:\/\/arantv.az\/?p=844082"},"modified":"2026-03-11T10:36:27","modified_gmt":"2026-03-11T06:36:27","slug":"israil-v%c9%99-livan-raziliga-g%c9%99l%c9%99-bilmir-kipr-danisiqlari-dalana-dir%c9%99ndi","status":"publish","type":"post","link":"https:\/\/arantv.az\/?p=844082","title":{"rendered":"\u0130srail v\u0259 Livan raz\u0131l\u0131\u011fa g\u0259l\u0259 bilmir: Kipr dan\u0131\u015f\u0131qlar\u0131 dalana dir\u0259ndi"},"content":{"rendered":"<p><strong>\u0130srail v\u0259 Livan aras\u0131nda &#8220;Hizbullah&#8221;la davam ed\u0259n m\u00fcharib\u0259ni dayand\u0131rmaq \u00fc\u00e7\u00fcn n\u0259z\u0259rd\u0259 tutulan diplomatik t\u0259maslar ciddi mane\u0259l\u0259rl\u0259 \u00fczl\u0259\u015fib.<\/strong><\/p>\n<p><strong>Musavat.com<\/strong>\u00a0x\u0259b\u0259r verir ki, &#8220;The Financial Times&#8221; (FT) q\u0259zetinin m\u0259lumat\u0131na g\u00f6r\u0259, \u0130srail ordusunun (\u00c7AXAL) h\u00fccumlar\u0131n\u0131 dayand\u0131rmaqdan imtina etm\u0259si v\u0259 Beyrutun \u015f\u0259rtl\u0259ri t\u0259r\u0259fl\u0259r aras\u0131nda u\u00e7urumu d\u0259rinl\u0259\u015fdirib. M\u0259nb\u0259l\u0259rin bildirdiyin\u0259 g\u00f6r\u0259, Kiprd\u0259 ke\u00e7irilm\u0259si planla\u015fd\u0131r\u0131lan \u00fc\u00e7t\u0259r\u0259fli g\u00f6r\u00fc\u015f a\u015fa\u011f\u0131dak\u0131 s\u0259b\u0259bl\u0259rd\u0259n ba\u015f tutmay\u0131b:<\/p>\n<p>Beyrut r\u0259hb\u0259rliyi ist\u0259nil\u0259n r\u0259smi g\u00f6r\u00fc\u015fd\u0259n \u0259vv\u0259l m\u00fctl\u0259q \u015f\u0259kild\u0259 at\u0259\u015fk\u0259s t\u0259tbiq olunmas\u0131n\u0131 t\u0259l\u0259b edir. Livan r\u0259smil\u0259ri bildirirl\u0259r ki, dan\u0131\u015f\u0131qlar\u0131n b\u0259rpas\u0131 \u00fc\u00e7\u00fcn &#8220;at\u0259\u015fin m\u00fcv\u0259qq\u0259ti dayand\u0131r\u0131lmas\u0131&#8221; yox, m\u0259hz &#8220;d\u00f6y\u00fc\u015fl\u0259rin tam dayand\u0131r\u0131lmas\u0131&#8221; \u015f\u0259rtdir.<\/p>\n<p>T\u0259l-\u018fviv is\u0259 dan\u0131\u015f\u0131qlar\u0131n m\u0259hz d\u00f6y\u00fc\u015f \u0259m\u0259liyyatlar\u0131 davam ed\u0259rk\u0259n (&#8220;at\u0259\u015f alt\u0131nda&#8221;) apar\u0131lmal\u0131 oldu\u011funu m\u00fcdafi\u0259 edir. \u0130srail hesab edir ki, Kipr g\u00f6r\u00fc\u015f\u00fcn\u00fcn m\u00f6vzusu at\u0259\u015fk\u0259sin \u00f6z\u00fc olmal\u0131d\u0131r, n\u0259inki at\u0259\u015fk\u0259sd\u0259n sonra ba\u015flanacaq siyasi m\u00fczakir\u0259l\u0259r.<\/p>\n<p>\u0130srail t\u0259r\u0259fi Livan\u0131n &#8220;Hizbullah&#8221;\u0131n t\u0259rksilah edilm\u0259si il\u0259 ba\u011fl\u0131 konkret add\u0131mlar atmad\u0131\u011f\u0131n\u0131 idar\u0259 ed\u0259r\u0259k, h\u0259rbi t\u0259zyiqi azaltmaq niyy\u0259tind\u0259 deyil. X\u00fcsusil\u0259, AB\u015e-\u0131n vasit\u0259\u00e7ilik s\u0259yl\u0259rind\u0259 (m\u0259s\u0259l\u0259n, Tom Barrak vasit\u0259sil\u0259) bo\u015f s\u00f6hb\u0259tl\u0259r termininin i\u015fl\u0259dilm\u0259si Va\u015finqtonun da Livan\u0131n t\u0259klifl\u0259rin\u0259 skeptik yana\u015fd\u0131\u011f\u0131n\u0131 g\u00f6st\u0259rir.<\/p>\n<p>X\u0259b\u0259r verilir ki, son 24 saat \u0259rzind\u0259 \u0130srailin Livan\u0131n c\u0259nubuna v\u0259 Beyrutun Dahiya rayonuna endirdiyi z\u0259rb\u0259l\u0259r n\u0259tic\u0259sind\u0259 \u00f6l\u0259nl\u0259rin say\u0131 570-i ke\u00e7ib, 760 mind\u0259n \u00e7ox insan is\u0259 did\u0259rgin d\u00fc\u015f\u00fcb. Diplomatik qaynaqlar bu h\u0259ft\u0259 \u0259rzind\u0259 h\u0259r hans\u0131 ir\u0259lil\u0259yi\u015fin olmayaca\u011f\u0131n\u0131, g\u0259rginliyin is\u0259 daha da artaca\u011f\u0131n\u0131 proqnozla\u015fd\u0131r\u0131rlar.<\/p>\n","protected":false},"excerpt":{"rendered":"<p>\u0130srail v\u0259 Livan aras\u0131nda &#8220;Hizbullah&#8221;la davam ed\u0259n m\u00fcharib\u0259ni dayand\u0131rmaq \u00fc\u00e7\u00fcn n\u0259z\u0259rd\u0259 tutulan diplomatik t\u0259maslar ciddi mane\u0259l\u0259rl\u0259 \u00fczl\u0259\u015fib. Musavat.com\u00a0x\u0259b\u0259r verir ki, &#8220;The Financial Times&#8221; (FT) q\u0259zetinin m\u0259lumat\u0131na g\u00f6r\u0259, \u0130srail ordusunun (\u00c7AXAL) h\u00fccumlar\u0131n\u0131 dayand\u0131rmaqdan imtina etm\u0259si v\u0259 Beyrutun \u015f\u0259rtl\u0259ri t\u0259r\u0259fl\u0259r aras\u0131nda u\u00e7urumu d\u0259rinl\u0259\u015fdirib. M\u0259nb\u0259l\u0259rin bildirdiyin\u0259 g\u00f6r\u0259, Kiprd\u0259 ke\u00e7irilm\u0259si planla\u015fd\u0131r\u0131lan \u00fc\u00e7t\u0259r\u0259fli g\u00f6r\u00fc\u015f a\u015fa\u011f\u0131dak\u0131 s\u0259b\u0259bl\u0259rd\u0259n ba\u015f tutmay\u0131b: Beyrut r\u0259hb\u0259rliyi ist\u0259nil\u0259n r\u0259smi g\u00f6r\u00fc\u015fd\u0259n \u0259vv\u0259l m\u00fctl\u0259q \u015f\u0259kild\u0259 at\u0259\u015fk\u0259s t\u0259tbiq olunmas\u0131n\u0131 t\u0259l\u0259b edir. Livan r\u0259smil\u0259ri bildirirl\u0259r ki, dan\u0131\u015f\u0131qlar\u0131n b\u0259rpas\u0131 \u00fc\u00e7\u00fcn &#8220;at\u0259\u015fin m\u00fcv\u0259qq\u0259ti dayand\u0131r\u0131lmas\u0131&#8221; yox, m\u0259hz &#8220;d\u00f6y\u00fc\u015fl\u0259rin tam dayand\u0131r\u0131lmas\u0131&#8221; \u015f\u0259rtdir. T\u0259l-\u018fviv is\u0259 dan\u0131\u015f\u0131qlar\u0131n m\u0259hz d\u00f6y\u00fc\u015f \u0259m\u0259liyyatlar\u0131 davam ed\u0259rk\u0259n&hellip;<\/p>\n","protected":false},"author":2,"featured_media":844083,"comment_status":"closed","ping_status":"closed","sticky":false,"template":"","format":"standard","meta":{"om_disable_all_campaigns":false,"_monsterinsights_skip_tracking":false,"_monsterinsights_sitenote_active":false,"_monsterinsights_sitenote_note":"","_monsterinsights_sitenote_category":0},"categories":[7],"tags":[],"aioseo_notices":[],"gutentor_comment":0,"rttpg_featured_image_url":{"full":["https:\/\/arantv.az\/wp-content\/uploads\/2026\/03\/b6db13b499678cc5cd09d427fd66eaaa.jpg",870,500,false],"landscape":["https:\/\/arantv.az\/wp-content\/uploads\/2026\/03\/b6db13b499678cc5cd09d427fd66eaaa.jpg",870,500,false],"portraits":["https:\/\/arantv.az\/wp-content\/uploads\/2026\/03\/b6db13b499678cc5cd09d427fd66eaaa.jpg",870,500,false],"thumbnail":["https:\/\/arantv.az\/wp-content\/uploads\/2026\/03\/b6db13b499678cc5cd09d427fd66eaaa-500x280.jpg",500,280,true],"medium":["https:\/\/arantv.az\/wp-content\/uploads\/2026\/03\/b6db13b499678cc5cd09d427fd66eaaa-635x365.jpg",635,365,true],"large":["https:\/\/arantv.az\/wp-content\/uploads\/2026\/03\/b6db13b499678cc5cd09d427fd66eaaa-840x483.jpg",640,368,true],"1536x1536":["https:\/\/arantv.az\/wp-content\/uploads\/2026\/03\/b6db13b499678cc5cd09d427fd66eaaa.jpg",870,500,false],"2048x2048":["https:\/\/arantv.az\/wp-content\/uploads\/2026\/03\/b6db13b499678cc5cd09d427fd66eaaa.jpg",870,500,false],"post-thumbnail":["https:\/\/arantv.az\/wp-content\/uploads\/2026\/03\/b6db13b499678cc5cd09d427fd66eaaa-240x172.jpg",240,172,true],"advps-thumb-one":["https:\/\/arantv.az\/wp-content\/uploads\/2026\/03\/b6db13b499678cc5cd09d427fd66eaaa.jpg",870,500,false]},"rttpg_author":{"display_name":"V\u00fcsal Rafiqo\u011flu","author_link":"https:\/\/arantv.az\/?author=2"},"rttpg_comment":0,"rttpg_category":"<a href=\"https:\/\/arantv.az\/?cat=7\" rel=\"category\">D\u00fcnya<\/a>","rttpg_excerpt":"\u0130srail v\u0259 Livan aras\u0131nda &#8220;Hizbullah&#8221;la davam ed\u0259n m\u00fcharib\u0259ni dayand\u0131rmaq \u00fc\u00e7\u00fcn n\u0259z\u0259rd\u0259 tutulan diplomatik t\u0259maslar ciddi mane\u0259l\u0259rl\u0259 \u00fczl\u0259\u015fib. Musavat.com\u00a0x\u0259b\u0259r verir ki, &#8220;The Financial Times&#8221; (FT) q\u0259zetinin m\u0259lumat\u0131na g\u00f6r\u0259, \u0130srail ordusunun (\u00c7AXAL) h\u00fccumlar\u0131n\u0131 dayand\u0131rmaqdan imtina etm\u0259si v\u0259 Beyrutun \u015f\u0259rtl\u0259ri t\u0259r\u0259fl\u0259r aras\u0131nda u\u00e7urumu d\u0259rinl\u0259\u015fdirib. M\u0259nb\u0259l\u0259rin bildirdiyin\u0259 g\u00f6r\u0259, Kiprd\u0259 ke\u00e7irilm\u0259si planla\u015fd\u0131r\u0131lan \u00fc\u00e7t\u0259r\u0259fli g\u00f6r\u00fc\u015f a\u015fa\u011f\u0131dak\u0131 s\u0259b\u0259bl\u0259rd\u0259n ba\u015f tutmay\u0131b: Beyrut r\u0259hb\u0259rliyi&hellip;","_links":{"self":[{"href":"https:\/\/arantv.az\/index.php?rest_route=\/wp\/v2\/posts\/844082"}],"collection":[{"href":"https:\/\/arantv.az\/index.php?rest_route=\/wp\/v2\/posts"}],"about":[{"href":"https:\/\/arantv.az\/index.php?rest_route=\/wp\/v2\/types\/post"}],"author":[{"embeddable":true,"href":"https:\/\/arantv.az\/index.php?rest_route=\/wp\/v2\/users\/2"}],"replies":[{"embeddable":true,"href":"https:\/\/arantv.az\/index.php?rest_route=%2Fwp%2Fv2%2Fcomments&post=844082"}],"version-history":[{"count":1,"href":"https:\/\/arantv.az\/index.php?rest_route=\/wp\/v2\/posts\/844082\/revisions"}],"predecessor-version":[{"id":844084,"href":"https:\/\/arantv.az\/index.php?rest_route=\/wp\/v2\/posts\/844082\/revisions\/844084"}],"wp:featuredmedia":[{"embeddable":true,"href":"https:\/\/arantv.az\/index.php?rest_route=\/wp\/v2\/media\/844083"}],"wp:attachment":[{"href":"https:\/\/arantv.az\/index.php?rest_route=%2Fwp%2Fv2%2Fmedia&parent=844082"}],"wp:term":[{"taxonomy":"category","embeddable":true,"href":"https:\/\/arantv.az\/index.php?rest_route=%2Fwp%2Fv2%2Fcategories&post=844082"},{"taxonomy":"post_tag","embeddable":true,"href":"https:\/\/arantv.az\/index.php?rest_route=%2Fwp%2Fv2%2Ftags&post=844082"}],"curies":[{"name":"wp","href":"https:\/\/api.w.org\/{rel}","templated":true}]}}