{"id":844095,"date":"2026-03-11T11:03:57","date_gmt":"2026-03-11T07:03:57","guid":{"rendered":"https:\/\/arantv.az\/?p=844095"},"modified":"2026-03-11T11:03:57","modified_gmt":"2026-03-11T07:03:57","slug":"yaxin-s%c9%99rq-turizmind%c9%99-qara-gunl%c9%99r-muharib%c9%99-h%c9%99r-gun-bu-q%c9%99d%c9%99r-pul-yeyir","status":"publish","type":"post","link":"https:\/\/arantv.az\/?p=844095","title":{"rendered":"Yax\u0131n \u015e\u0259rq turizmind\u0259 &#8220;qara g\u00fcnl\u0259r&#8221;: M\u00fcharib\u0259 h\u0259r g\u00fcn bu q\u0259d\u0259r pul yeyir"},"content":{"rendered":"<p><strong>Yax\u0131n \u015e\u0259rqd\u0259 geni\u015fl\u0259n\u0259n h\u0259rbi m\u00fcnaqi\u015f\u0259 b\u00f6lg\u0259nin iqtisadiyyat\u0131na, x\u00fcsusil\u0259 d\u0259 s\u00fcr\u0259tl\u0259 inki\u015faf ed\u0259n turizm sektoruna sars\u0131d\u0131c\u0131 z\u0259rb\u0259 vurur.<\/strong><\/p>\n<p><strong>Musavat.com<\/strong>\u00a0x\u0259b\u0259r verir ki, &#8220;The Financial Times&#8221; (FT) q\u0259zetinin \u00dcmumd\u00fcnya S\u0259yah\u0259t v\u0259 Turizm \u015euras\u0131n\u0131n (WTTC) m\u0259lumatlar\u0131na istinad\u0259n yazd\u0131\u011f\u0131na g\u00f6r\u0259, regionun turizm s\u0259nayesi h\u0259r g\u00fcn orta hesabla 600 milyon dollara q\u0259d\u0259r g\u0259lir itirir. WTTC s\u0259dri Qloriya Gevara qeyd edib ki, h\u0259tta q\u0131sam\u00fcdd\u0259tli fasil\u0259l\u0259r bel\u0259 regionun turizm istiqam\u0259tl\u0259ri, m\u00fc\u0259ssis\u0259l\u0259ri v\u0259 bu sah\u0259d\u0259 \u00e7al\u0131\u015fan milyonlarla insan \u00fc\u00e7\u00fcn s\u00fcr\u0259tli v\u0259 \u0259h\u0259miyy\u0259tli iqtisadi itkil\u0259r\u0259 yol a\u00e7\u0131r.<\/p>\n<p>M\u00fcnaqi\u015f\u0259 ba\u015flamazdan \u0259vv\u0259l WTTC-nin proqnozlar\u0131 olduqca nikbin idi; 2026-c\u0131 ild\u0259 xarici turistl\u0259rin Yax\u0131n \u015e\u0259rqd\u0259 t\u0259xmin\u0259n 207 milyard dollar x\u0259rcl\u0259y\u0259c\u0259yi g\u00f6zl\u0259nilirdi. Lakin fevral\u0131n sonundan etibar\u0259n ba\u015flayan AB\u015e-\u0130ran g\u0259rginliyi v\u0259 \u0130srailin Livan \u0259m\u0259liyyatlar\u0131 v\u0259ziyy\u0259ti k\u00f6k\u00fcnd\u0259n d\u0259yi\u015fib.<\/p>\n<p>Haz\u0131rda regionun \u0259sas hava qov\u015faqlar\u0131 olan Dubay, Doha v\u0259 \u018fr-Riyad hava limanlar\u0131nda minl\u0259rl\u0259 u\u00e7u\u015f l\u0259\u011fv edilib, otell\u0259rd\u0259ki rezervasiyalar k\u00fctl\u0259vi \u015f\u0259kild\u0259 geri \u00e7\u0259kilir. Analitikl\u0259rin fikrinc\u0259, m\u00fcharib\u0259nin davam ed\u0259c\u0259yi h\u0259r g\u00fcn t\u0259kc\u0259 birba\u015fa turizm g\u0259lirl\u0259rini deyil, h\u0259m d\u0259 minl\u0259rl\u0259 i\u015f yerini v\u0259 milyardlarla dollarl\u0131q investisiya layih\u0259l\u0259rini t\u0259hl\u00fck\u0259 alt\u0131na qoyur.<\/p>\n<p>X\u00fcsusil\u0259 Q\u0131rm\u0131z\u0131 d\u0259niz v\u0259 Aral\u0131q d\u0259nizi sahill\u0259rind\u0259ki kurort zonalar\u0131, el\u0259c\u0259 d\u0259 dini turizm m\u0259rk\u0259zl\u0259ri \u0259n \u00e7ox z\u0259r\u0259r \u00e7\u0259k\u0259n sah\u0259l\u0259r s\u0131ras\u0131ndad\u0131r.<\/p>\n","protected":false},"excerpt":{"rendered":"<p>Yax\u0131n \u015e\u0259rqd\u0259 geni\u015fl\u0259n\u0259n h\u0259rbi m\u00fcnaqi\u015f\u0259 b\u00f6lg\u0259nin iqtisadiyyat\u0131na, x\u00fcsusil\u0259 d\u0259 s\u00fcr\u0259tl\u0259 inki\u015faf ed\u0259n turizm sektoruna sars\u0131d\u0131c\u0131 z\u0259rb\u0259 vurur. Musavat.com\u00a0x\u0259b\u0259r verir ki, &#8220;The Financial Times&#8221; (FT) q\u0259zetinin \u00dcmumd\u00fcnya S\u0259yah\u0259t v\u0259 Turizm \u015euras\u0131n\u0131n (WTTC) m\u0259lumatlar\u0131na istinad\u0259n yazd\u0131\u011f\u0131na g\u00f6r\u0259, regionun turizm s\u0259nayesi h\u0259r g\u00fcn orta hesabla 600 milyon dollara q\u0259d\u0259r g\u0259lir itirir. WTTC s\u0259dri Qloriya Gevara qeyd edib ki, h\u0259tta q\u0131sam\u00fcdd\u0259tli fasil\u0259l\u0259r bel\u0259 regionun turizm istiqam\u0259tl\u0259ri, m\u00fc\u0259ssis\u0259l\u0259ri v\u0259 bu sah\u0259d\u0259 \u00e7al\u0131\u015fan milyonlarla insan \u00fc\u00e7\u00fcn s\u00fcr\u0259tli v\u0259 \u0259h\u0259miyy\u0259tli iqtisadi itkil\u0259r\u0259 yol a\u00e7\u0131r. M\u00fcnaqi\u015f\u0259 ba\u015flamazdan \u0259vv\u0259l WTTC-nin proqnozlar\u0131 olduqca nikbin idi; 2026-c\u0131 ild\u0259 xarici turistl\u0259rin Yax\u0131n&hellip;<\/p>\n","protected":false},"author":2,"featured_media":844096,"comment_status":"closed","ping_status":"closed","sticky":false,"template":"","format":"standard","meta":{"om_disable_all_campaigns":false,"_monsterinsights_skip_tracking":false,"_monsterinsights_sitenote_active":false,"_monsterinsights_sitenote_note":"","_monsterinsights_sitenote_category":0},"categories":[7],"tags":[],"aioseo_notices":[],"gutentor_comment":0,"rttpg_featured_image_url":{"full":["https:\/\/arantv.az\/wp-content\/uploads\/2026\/03\/a39de8eb3642a70d342c69c2e249fda1.jpg",827,465,false],"landscape":["https:\/\/arantv.az\/wp-content\/uploads\/2026\/03\/a39de8eb3642a70d342c69c2e249fda1.jpg",827,465,false],"portraits":["https:\/\/arantv.az\/wp-content\/uploads\/2026\/03\/a39de8eb3642a70d342c69c2e249fda1.jpg",827,465,false],"thumbnail":["https:\/\/arantv.az\/wp-content\/uploads\/2026\/03\/a39de8eb3642a70d342c69c2e249fda1-500x280.jpg",500,280,true],"medium":["https:\/\/arantv.az\/wp-content\/uploads\/2026\/03\/a39de8eb3642a70d342c69c2e249fda1-649x365.jpg",649,365,true],"large":["https:\/\/arantv.az\/wp-content\/uploads\/2026\/03\/a39de8eb3642a70d342c69c2e249fda1.jpg",640,360,false],"1536x1536":["https:\/\/arantv.az\/wp-content\/uploads\/2026\/03\/a39de8eb3642a70d342c69c2e249fda1.jpg",827,465,false],"2048x2048":["https:\/\/arantv.az\/wp-content\/uploads\/2026\/03\/a39de8eb3642a70d342c69c2e249fda1.jpg",827,465,false],"post-thumbnail":["https:\/\/arantv.az\/wp-content\/uploads\/2026\/03\/a39de8eb3642a70d342c69c2e249fda1-240x172.jpg",240,172,true],"advps-thumb-one":["https:\/\/arantv.az\/wp-content\/uploads\/2026\/03\/a39de8eb3642a70d342c69c2e249fda1.jpg",827,465,false]},"rttpg_author":{"display_name":"V\u00fcsal Rafiqo\u011flu","author_link":"https:\/\/arantv.az\/?author=2"},"rttpg_comment":0,"rttpg_category":"<a href=\"https:\/\/arantv.az\/?cat=7\" rel=\"category\">D\u00fcnya<\/a>","rttpg_excerpt":"Yax\u0131n \u015e\u0259rqd\u0259 geni\u015fl\u0259n\u0259n h\u0259rbi m\u00fcnaqi\u015f\u0259 b\u00f6lg\u0259nin iqtisadiyyat\u0131na, x\u00fcsusil\u0259 d\u0259 s\u00fcr\u0259tl\u0259 inki\u015faf ed\u0259n turizm sektoruna sars\u0131d\u0131c\u0131 z\u0259rb\u0259 vurur. Musavat.com\u00a0x\u0259b\u0259r verir ki, &#8220;The Financial Times&#8221; (FT) q\u0259zetinin \u00dcmumd\u00fcnya S\u0259yah\u0259t v\u0259 Turizm \u015euras\u0131n\u0131n (WTTC) m\u0259lumatlar\u0131na istinad\u0259n yazd\u0131\u011f\u0131na g\u00f6r\u0259, regionun turizm s\u0259nayesi h\u0259r g\u00fcn orta hesabla 600 milyon dollara q\u0259d\u0259r g\u0259lir itirir. WTTC s\u0259dri Qloriya Gevara qeyd edib ki,&hellip;","_links":{"self":[{"href":"https:\/\/arantv.az\/index.php?rest_route=\/wp\/v2\/posts\/844095"}],"collection":[{"href":"https:\/\/arantv.az\/index.php?rest_route=\/wp\/v2\/posts"}],"about":[{"href":"https:\/\/arantv.az\/index.php?rest_route=\/wp\/v2\/types\/post"}],"author":[{"embeddable":true,"href":"https:\/\/arantv.az\/index.php?rest_route=\/wp\/v2\/users\/2"}],"replies":[{"embeddable":true,"href":"https:\/\/arantv.az\/index.php?rest_route=%2Fwp%2Fv2%2Fcomments&post=844095"}],"version-history":[{"count":2,"href":"https:\/\/arantv.az\/index.php?rest_route=\/wp\/v2\/posts\/844095\/revisions"}],"predecessor-version":[{"id":844098,"href":"https:\/\/arantv.az\/index.php?rest_route=\/wp\/v2\/posts\/844095\/revisions\/844098"}],"wp:featuredmedia":[{"embeddable":true,"href":"https:\/\/arantv.az\/index.php?rest_route=\/wp\/v2\/media\/844096"}],"wp:attachment":[{"href":"https:\/\/arantv.az\/index.php?rest_route=%2Fwp%2Fv2%2Fmedia&parent=844095"}],"wp:term":[{"taxonomy":"category","embeddable":true,"href":"https:\/\/arantv.az\/index.php?rest_route=%2Fwp%2Fv2%2Fcategories&post=844095"},{"taxonomy":"post_tag","embeddable":true,"href":"https:\/\/arantv.az\/index.php?rest_route=%2Fwp%2Fv2%2Ftags&post=844095"}],"curies":[{"name":"wp","href":"https:\/\/api.w.org\/{rel}","templated":true}]}}