{"id":844100,"date":"2026-03-11T12:40:51","date_gmt":"2026-03-11T08:40:51","guid":{"rendered":"https:\/\/arantv.az\/?p=844100"},"modified":"2026-03-11T12:40:51","modified_gmt":"2026-03-11T08:40:51","slug":"ombudsmandan-hokum%c9%99t%c9%99-cagiris-kiml%c9%99r-issiz-qalacaq","status":"publish","type":"post","link":"https:\/\/arantv.az\/?p=844100","title":{"rendered":"Ombudsmandan h\u00f6kum\u0259t\u0259 \u00c7A\u011eIRI\u015e \u2013 Kiml\u0259r i\u015fsiz qalacaq&#8230;"},"content":{"rendered":"<p><strong>Son vaxtlar aktual olan m\u00f6vzulardan biri d\u0259 s\u00fcni intellektin t\u0259tbiqi n\u0259tic\u0259sind\u0259 yaranacaq i\u015fsizlik problemidir. Bu g\u00fcnl\u0259rd\u0259 \u0130nsan H\u00fcquqlar\u0131 \u00fczr\u0259 M\u00fcv\u0259kkil-Ombudsman S\u0259bin\u0259 \u018fliyeva Milli M\u0259clisd\u0259 hesabat\u0131n\u0131n t\u0259qdimat\u0131 zaman\u0131 h\u00f6kum\u0259ti s\u00fcni intellektin yaradaca\u011f\u0131 ixtisarlara haz\u0131r olma\u011fa \u00e7a\u011f\u0131r\u0131b.<\/strong><\/p>\n<p>Onun s\u00f6zl\u0259rin\u0259 g\u00f6r\u0259, r\u0259q\u0259msalla\u015fd\u0131rma v\u0259 s\u00fcni intellekt b\u00fct\u00fcn sah\u0259l\u0259rd\u0259 oldu\u011fu kimi, \u0259m\u0259k h\u00fcququnun h\u0259yata ke\u00e7irilm\u0259si v\u0259 m\u00fcdafi\u0259si mexanizml\u0259rin\u0259 d\u0259 t\u0259sir ed\u0259c\u0259k. Bu t\u0259siri azaltmaq v\u0259 texnoloji d\u0259yi\u015fiklikl\u0259r\u0259 haz\u0131rl\u0131q m\u0259qs\u0259dil\u0259 \u00f6lk\u0259nin regionlar\u0131 \u00fczr\u0259 \u0259m\u0259k bazar\u0131n\u0131n \u00f6yr\u0259nilm\u0259si v\u0259 i\u015f\u00e7il\u0259rin h\u00fcquqlar\u0131n\u0131n qorunmas\u0131na y\u00f6n\u0259lmi\u015f kollektiv t\u0259dbirl\u0259r plan\u0131 haz\u0131rlanmal\u0131d\u0131r.<\/p>\n<p><strong>Qeyd ed\u0259k ki, s\u00fcni intellekt i\u015f\u00e7il\u0259rin ixtisar\u0131na s\u0259b\u0259b olma\u011fa ba\u015flay\u0131b.<\/strong>\u00a0Art\u0131q robotlar v\u0259 \u0259n\u0259n\u0259vi s\u00fcni intellektin t\u0259tbiqi s\u0259b\u0259bind\u0259n d\u00fcnyada 100 minl\u0259rl\u0259 i\u015f yeri ixtisar edilm\u0259kd\u0259dir.<\/p>\n<p>Ombudsman bu m\u0259s\u0259l\u0259y\u0259 d\u0259 toxunub v\u0259 bildirib ki, s\u00fcni intellektin t\u0259tbiqi n\u0259tic\u0259sind\u0259 ixtisar olunacaq v\u0259 ya adaptasiya \u00e7\u0259tinliyi ya\u015fayacaq \u015f\u0259xsl\u0259r\u0259 d\u0259st\u0259k mexanizml\u0259rinin yarad\u0131lmas\u0131 olduqca z\u0259ruridir.<\/p>\n<p><img src=\"https:\/\/bizimyol.info\/az\/wp-content\/uploads\/2020\/12\/sahib_mammadov.jpg\" alt=\"Sahib M\u0259mm\u0259dovun v\u0259ziyy\u0259ti a\u011f\u0131r olaraq qal\u0131r\" \/><\/p>\n<p><strong>V\u0259t\u0259nda\u015flar\u0131n \u018fm\u0259k H\u00fcququnun M\u00fcdafi\u0259 Liqas\u0131n\u0131n s\u0259dri Sahib M\u0259mm\u0259dov<\/strong>\u00a0Musavat.com-a a\u00e7\u0131qlamas\u0131nda bildirib ki, Az\u0259rbaycanda s\u00fcni intellektin yaradaca\u011f\u0131 ixtisarlar bar\u0259d\u0259 dan\u0131\u015fmaq h\u0259l\u0259 \u00e7ox tezdir:<\/p>\n<p>\u201cHaz\u0131rda d\u00f6vl\u0259t orqanlar\u0131nda v\u0259 d\u00f6vl\u0259t\u0259 tabe olan t\u0259s\u0259rr\u00fcfat subyektl\u0259rind\u0259 s\u00fcni intellekt t\u0259tbiq olunmad\u0131\u011f\u0131 halda k\u00fctl\u0259vi ixtisarlar h\u0259yata ke\u00e7irilir. Ancaq Ombudsman bu bar\u0259d\u0259 birc\u0259 k\u0259lm\u0259 d\u0259 dan\u0131\u015fm\u0131r. Az\u0259rbaycanda s\u00fcni intellektin t\u0259tbiqi geni\u015f yay\u0131lmay\u0131b. Bu sah\u0259d\u0259 d\u00fcnyan\u0131n gerid\u0259 qalm\u0131\u015f \u00f6lk\u0259l\u0259rind\u0259nik. \u00dcmumiyy\u0259tl\u0259, internet-kommunikasiya sah\u0259sind\u0259 Az\u0259rbaycanda inki\u015faf \u00e7ox z\u0259ifdir. Yax\u015f\u0131 olar ki, Ombudsman diqq\u0259tini haz\u0131rda ba\u015f ver\u0259nl\u0259r\u0259 y\u00f6n\u0259ltsin\u201d.<\/p>\n<p>AMEA-n\u0131n vitse-prezidenti, Elm v\u0259 T\u0259hsil Nazirliyinin \u0130nformasiya Texnologiyalar\u0131 \u0130nstitutunun ba\u015f direktoru akademik Rasim \u018fliquliyev is\u0259 AZ\u018fRTAC-a a\u00e7\u0131qlamas\u0131nda bildirib ki, s\u00fcni intellekt \u0259m\u0259k bazar\u0131nda \u0259sas\u0259n t\u0259krarlanan v\u0259 standart i\u015fl\u0259rd\u0259n ba\u015flayaraq t\u0259sir g\u00f6st\u0259rir. M\u0259s\u0259l\u0259n, kassir xidm\u0259tl\u0259ri, m\u0259lumatlar\u0131n emal\u0131 v\u0259 sad\u0259 ofis i\u015fl\u0259ri art\u0131q AI sisteml\u0259ri vasit\u0259sil\u0259 h\u0259yata ke\u00e7irilir.\u00a0<strong>G\u0259l\u0259c\u0259kd\u0259 is\u0259 bu proses y\u00fcks\u0259k ixtisas t\u0259l\u0259b ed\u0259n pe\u015f\u0259l\u0259r\u0259 d\u0259 ke\u00e7\u0259 bil\u0259r:<\/strong><\/p>\n<p>\u201cR\u0259q\u0259msal \u0259m\u0259k bazar\u0131 \u0259n\u0259n\u0259vi bazardan f\u0259rql\u0259nir: insanlar art\u0131q qlobal miqyasda i\u015fl\u0259y\u0259 bilir, yeni pe\u015f\u0259l\u0259r yaran\u0131r, b\u0259zil\u0259ri is\u0259 aktuall\u0131\u011f\u0131n\u0131 itirir. Az\u0259rbaycan \u00fc\u00e7\u00fcn \u00f6n\u0259mli m\u0259s\u0259l\u0259l\u0259rd\u0259n biri r\u0259q\u0259msal t\u0259hl\u00fck\u0259sizlik v\u0259 kibert\u0259hl\u00fck\u0259sizlikdir. D\u00f6vl\u0259t siyas\u0259tind\u0259 innovasiyalar\u0131n t\u0259tbiqi v\u0259 texnologiyalar\u0131n c\u0259miyy\u0259t\u0259 inteqrasiyas\u0131 m\u00fch\u00fcm yer tutur\u201d.<\/p>\n<p><strong>Alimin s\u00f6zl\u0259rin\u0259 g\u00f6r\u0259, haz\u0131rda c\u0259miyy\u0259td\u0259 insanlar v\u0259 s\u00fcni intellekt aras\u0131nda yeni \u0259m\u0259kda\u015fl\u0131q formala\u015f\u0131r.<\/strong><\/p>\n<p>\u201cAI istifad\u0259\u00e7il\u0259r\u0259 bilik \u0259ld\u0259 etm\u0259k, \u00f6z\u00fcn\u00fc ifad\u0259 etm\u0259k v\u0259 inki\u015faf etm\u0259k imkan\u0131 verir. N\u0259tic\u0259 etibaril\u0259, s\u00fcni intellekt v\u0259 y\u00fcks\u0259k texnologiyalar \u0259m\u0259k bazar\u0131n\u0131 v\u0259 c\u0259miyy\u0259ti k\u00f6kl\u00fc \u015f\u0259kild\u0259 d\u0259yi\u015fir. \u018fsas m\u0259s\u0259l\u0259 bu prosesl\u0259ri d\u00fczg\u00fcn idar\u0259 etm\u0259k, elmi \u0259saslara s\u00f6yk\u0259nm\u0259k v\u0259 insan potensial\u0131n\u0131 inki\u015faf etdirm\u0259kdir\u201d, &#8211; dey\u0259 alim bildirib.<\/p>\n<p><strong>Nigar H\u0259s\u0259nli,<\/strong><br \/>\n<strong>Musavat.com<\/strong><\/p>\n","protected":false},"excerpt":{"rendered":"<p>Son vaxtlar aktual olan m\u00f6vzulardan biri d\u0259 s\u00fcni intellektin t\u0259tbiqi n\u0259tic\u0259sind\u0259 yaranacaq i\u015fsizlik problemidir. Bu g\u00fcnl\u0259rd\u0259 \u0130nsan H\u00fcquqlar\u0131 \u00fczr\u0259 M\u00fcv\u0259kkil-Ombudsman S\u0259bin\u0259 \u018fliyeva Milli M\u0259clisd\u0259 hesabat\u0131n\u0131n t\u0259qdimat\u0131 zaman\u0131 h\u00f6kum\u0259ti s\u00fcni intellektin yaradaca\u011f\u0131 ixtisarlara haz\u0131r olma\u011fa \u00e7a\u011f\u0131r\u0131b. Onun s\u00f6zl\u0259rin\u0259 g\u00f6r\u0259, r\u0259q\u0259msalla\u015fd\u0131rma v\u0259 s\u00fcni intellekt b\u00fct\u00fcn sah\u0259l\u0259rd\u0259 oldu\u011fu kimi, \u0259m\u0259k h\u00fcququnun h\u0259yata ke\u00e7irilm\u0259si v\u0259 m\u00fcdafi\u0259si mexanizml\u0259rin\u0259 d\u0259 t\u0259sir ed\u0259c\u0259k. Bu t\u0259siri azaltmaq v\u0259 texnoloji d\u0259yi\u015fiklikl\u0259r\u0259 haz\u0131rl\u0131q m\u0259qs\u0259dil\u0259 \u00f6lk\u0259nin regionlar\u0131 \u00fczr\u0259 \u0259m\u0259k bazar\u0131n\u0131n \u00f6yr\u0259nilm\u0259si v\u0259 i\u015f\u00e7il\u0259rin h\u00fcquqlar\u0131n\u0131n qorunmas\u0131na y\u00f6n\u0259lmi\u015f kollektiv t\u0259dbirl\u0259r plan\u0131 haz\u0131rlanmal\u0131d\u0131r. Qeyd ed\u0259k ki, s\u00fcni intellekt i\u015f\u00e7il\u0259rin ixtisar\u0131na s\u0259b\u0259b olma\u011fa ba\u015flay\u0131b.\u00a0Art\u0131q robotlar&hellip;<\/p>\n","protected":false},"author":2,"featured_media":844101,"comment_status":"closed","ping_status":"closed","sticky":false,"template":"","format":"standard","meta":{"om_disable_all_campaigns":false,"_monsterinsights_skip_tracking":false,"_monsterinsights_sitenote_active":false,"_monsterinsights_sitenote_note":"","_monsterinsights_sitenote_category":0},"categories":[19],"tags":[],"aioseo_notices":[],"gutentor_comment":0,"rttpg_featured_image_url":{"full":["https:\/\/arantv.az\/wp-content\/uploads\/2026\/03\/4e4eb0601df2a9c885174a9a112d7f6e.jpg",870,500,false],"landscape":["https:\/\/arantv.az\/wp-content\/uploads\/2026\/03\/4e4eb0601df2a9c885174a9a112d7f6e.jpg",870,500,false],"portraits":["https:\/\/arantv.az\/wp-content\/uploads\/2026\/03\/4e4eb0601df2a9c885174a9a112d7f6e.jpg",870,500,false],"thumbnail":["https:\/\/arantv.az\/wp-content\/uploads\/2026\/03\/4e4eb0601df2a9c885174a9a112d7f6e-500x280.jpg",500,280,true],"medium":["https:\/\/arantv.az\/wp-content\/uploads\/2026\/03\/4e4eb0601df2a9c885174a9a112d7f6e-635x365.jpg",635,365,true],"large":["https:\/\/arantv.az\/wp-content\/uploads\/2026\/03\/4e4eb0601df2a9c885174a9a112d7f6e-840x483.jpg",640,368,true],"1536x1536":["https:\/\/arantv.az\/wp-content\/uploads\/2026\/03\/4e4eb0601df2a9c885174a9a112d7f6e.jpg",870,500,false],"2048x2048":["https:\/\/arantv.az\/wp-content\/uploads\/2026\/03\/4e4eb0601df2a9c885174a9a112d7f6e.jpg",870,500,false],"post-thumbnail":["https:\/\/arantv.az\/wp-content\/uploads\/2026\/03\/4e4eb0601df2a9c885174a9a112d7f6e-240x172.jpg",240,172,true],"advps-thumb-one":["https:\/\/arantv.az\/wp-content\/uploads\/2026\/03\/4e4eb0601df2a9c885174a9a112d7f6e.jpg",870,500,false]},"rttpg_author":{"display_name":"V\u00fcsal Rafiqo\u011flu","author_link":"https:\/\/arantv.az\/?author=2"},"rttpg_comment":0,"rttpg_category":"<a href=\"https:\/\/arantv.az\/?cat=19\" rel=\"category\">G\u00fcnd\u0259m<\/a>","rttpg_excerpt":"Son vaxtlar aktual olan m\u00f6vzulardan biri d\u0259 s\u00fcni intellektin t\u0259tbiqi n\u0259tic\u0259sind\u0259 yaranacaq i\u015fsizlik problemidir. Bu g\u00fcnl\u0259rd\u0259 \u0130nsan H\u00fcquqlar\u0131 \u00fczr\u0259 M\u00fcv\u0259kkil-Ombudsman S\u0259bin\u0259 \u018fliyeva Milli M\u0259clisd\u0259 hesabat\u0131n\u0131n t\u0259qdimat\u0131 zaman\u0131 h\u00f6kum\u0259ti s\u00fcni intellektin yaradaca\u011f\u0131 ixtisarlara haz\u0131r olma\u011fa \u00e7a\u011f\u0131r\u0131b. Onun s\u00f6zl\u0259rin\u0259 g\u00f6r\u0259, r\u0259q\u0259msalla\u015fd\u0131rma v\u0259 s\u00fcni intellekt b\u00fct\u00fcn sah\u0259l\u0259rd\u0259 oldu\u011fu kimi, \u0259m\u0259k h\u00fcququnun h\u0259yata ke\u00e7irilm\u0259si v\u0259 m\u00fcdafi\u0259si mexanizml\u0259rin\u0259 d\u0259 t\u0259sir&hellip;","_links":{"self":[{"href":"https:\/\/arantv.az\/index.php?rest_route=\/wp\/v2\/posts\/844100"}],"collection":[{"href":"https:\/\/arantv.az\/index.php?rest_route=\/wp\/v2\/posts"}],"about":[{"href":"https:\/\/arantv.az\/index.php?rest_route=\/wp\/v2\/types\/post"}],"author":[{"embeddable":true,"href":"https:\/\/arantv.az\/index.php?rest_route=\/wp\/v2\/users\/2"}],"replies":[{"embeddable":true,"href":"https:\/\/arantv.az\/index.php?rest_route=%2Fwp%2Fv2%2Fcomments&post=844100"}],"version-history":[{"count":1,"href":"https:\/\/arantv.az\/index.php?rest_route=\/wp\/v2\/posts\/844100\/revisions"}],"predecessor-version":[{"id":844102,"href":"https:\/\/arantv.az\/index.php?rest_route=\/wp\/v2\/posts\/844100\/revisions\/844102"}],"wp:featuredmedia":[{"embeddable":true,"href":"https:\/\/arantv.az\/index.php?rest_route=\/wp\/v2\/media\/844101"}],"wp:attachment":[{"href":"https:\/\/arantv.az\/index.php?rest_route=%2Fwp%2Fv2%2Fmedia&parent=844100"}],"wp:term":[{"taxonomy":"category","embeddable":true,"href":"https:\/\/arantv.az\/index.php?rest_route=%2Fwp%2Fv2%2Fcategories&post=844100"},{"taxonomy":"post_tag","embeddable":true,"href":"https:\/\/arantv.az\/index.php?rest_route=%2Fwp%2Fv2%2Ftags&post=844100"}],"curies":[{"name":"wp","href":"https:\/\/api.w.org\/{rel}","templated":true}]}}