{"id":844114,"date":"2026-03-11T12:49:06","date_gmt":"2026-03-11T08:49:06","guid":{"rendered":"https:\/\/arantv.az\/?p=844114"},"modified":"2026-03-11T12:49:06","modified_gmt":"2026-03-11T08:49:06","slug":"prezidentin-qizlari-v%c9%99-g%c9%99lini-onlari-ziyar%c9%99t-etdi-video","status":"publish","type":"post","link":"https:\/\/arantv.az\/?p=844114","title":{"rendered":"Prezidentin q\u0131zlar\u0131 v\u0259 g\u0259lini onlar\u0131 ziyar\u0259t etdi &#8211; V\u0130DEO"},"content":{"rendered":"<div id=\"mvp-content-body-top\" class=\"left relative\">\n<div id=\"mvp-content-main\" class=\"left relative\">\n<p><strong>Az\u0259rbaycan Prezidenti \u0130lham \u018fliyevin q\u0131zlar\u0131 Leyla v\u0259 Arzu \u018fliyevalar, h\u0259m\u00e7inin g\u0259lini Alena \u018fliyeva ixtioz v\u0259 k\u0259p\u0259n\u0259k x\u0259st\u0259liyind\u0259n \u0259ziyy\u0259t \u00e7\u0259k\u0259n u\u015faqlarla g\u00f6r\u00fc\u015f\u00fcb.<\/strong><\/p>\n<p><strong><a href=\"https:\/\/publika.az\/\" target=\"_blank\" rel=\"noopener\">Publika.az<\/a><\/strong>\u00a0x\u0259b\u0259r verir ki, bununla ba\u011fl\u0131 L.\u018fliyeva instaqram hesab\u0131nda payla\u015f\u0131m edib.<\/p>\n<p>H\u0259min payla\u015f\u0131m\u0131 t\u0259qdim edirik:<\/p>\n<p><iframe loading=\"lazy\" src=\"https:\/\/qafqazinfo.bax.tv\/embed\/220538.html?utm_source=playerden&amp;utm_medium=paylasim&amp;utm_campaign=sosial-xeberler\" width=\"100%\" height=\"480\" frameborder=\"0\" allowfullscreen=\"allowfullscreen\" data-mce-fragment=\"1\"><\/iframe><\/p>\n<\/div>\n<div id=\"mvp-content-bot\" class=\"left\"><\/div>\n<\/div>\n<div>\n<div id=\"23284476078\"><\/div>\n<\/div>\n","protected":false},"excerpt":{"rendered":"<p>Az\u0259rbaycan Prezidenti \u0130lham \u018fliyevin q\u0131zlar\u0131 Leyla v\u0259 Arzu \u018fliyevalar, h\u0259m\u00e7inin g\u0259lini Alena \u018fliyeva ixtioz v\u0259 k\u0259p\u0259n\u0259k x\u0259st\u0259liyind\u0259n \u0259ziyy\u0259t \u00e7\u0259k\u0259n u\u015faqlarla g\u00f6r\u00fc\u015f\u00fcb. Publika.az\u00a0x\u0259b\u0259r verir ki, bununla ba\u011fl\u0131 L.\u018fliyeva instaqram hesab\u0131nda payla\u015f\u0131m edib. H\u0259min payla\u015f\u0131m\u0131 t\u0259qdim edirik:<\/p>\n","protected":false},"author":2,"featured_media":844115,"comment_status":"closed","ping_status":"closed","sticky":false,"template":"","format":"standard","meta":{"om_disable_all_campaigns":false,"_monsterinsights_skip_tracking":false,"_monsterinsights_sitenote_active":false,"_monsterinsights_sitenote_note":"","_monsterinsights_sitenote_category":0},"categories":[1],"tags":[],"aioseo_notices":[],"gutentor_comment":0,"rttpg_featured_image_url":{"full":["https:\/\/arantv.az\/wp-content\/uploads\/2026\/03\/582556472_943023064772629_7265686852305439873_n.jpg",1200,754,false],"landscape":["https:\/\/arantv.az\/wp-content\/uploads\/2026\/03\/582556472_943023064772629_7265686852305439873_n.jpg",1200,754,false],"portraits":["https:\/\/arantv.az\/wp-content\/uploads\/2026\/03\/582556472_943023064772629_7265686852305439873_n.jpg",1200,754,false],"thumbnail":["https:\/\/arantv.az\/wp-content\/uploads\/2026\/03\/582556472_943023064772629_7265686852305439873_n-500x280.jpg",500,280,true],"medium":["https:\/\/arantv.az\/wp-content\/uploads\/2026\/03\/582556472_943023064772629_7265686852305439873_n-581x365.jpg",581,365,true],"large":["https:\/\/arantv.az\/wp-content\/uploads\/2026\/03\/582556472_943023064772629_7265686852305439873_n-840x528.jpg",640,402,true],"1536x1536":["https:\/\/arantv.az\/wp-content\/uploads\/2026\/03\/582556472_943023064772629_7265686852305439873_n.jpg",1200,754,false],"2048x2048":["https:\/\/arantv.az\/wp-content\/uploads\/2026\/03\/582556472_943023064772629_7265686852305439873_n.jpg",1200,754,false],"post-thumbnail":["https:\/\/arantv.az\/wp-content\/uploads\/2026\/03\/582556472_943023064772629_7265686852305439873_n-240x172.jpg",240,172,true],"advps-thumb-one":["https:\/\/arantv.az\/wp-content\/uploads\/2026\/03\/582556472_943023064772629_7265686852305439873_n-1200x620.jpg",1200,620,true]},"rttpg_author":{"display_name":"V\u00fcsal Rafiqo\u011flu","author_link":"https:\/\/arantv.az\/?author=2"},"rttpg_comment":0,"rttpg_category":"<a href=\"https:\/\/arantv.az\/?cat=1\" rel=\"category\">C\u0259miyy\u0259t<\/a>","rttpg_excerpt":"Az\u0259rbaycan Prezidenti \u0130lham \u018fliyevin q\u0131zlar\u0131 Leyla v\u0259 Arzu \u018fliyevalar, h\u0259m\u00e7inin g\u0259lini Alena \u018fliyeva ixtioz v\u0259 k\u0259p\u0259n\u0259k x\u0259st\u0259liyind\u0259n \u0259ziyy\u0259t \u00e7\u0259k\u0259n u\u015faqlarla g\u00f6r\u00fc\u015f\u00fcb. Publika.az\u00a0x\u0259b\u0259r verir ki, bununla ba\u011fl\u0131 L.\u018fliyeva instaqram hesab\u0131nda payla\u015f\u0131m edib. H\u0259min payla\u015f\u0131m\u0131 t\u0259qdim edirik:","_links":{"self":[{"href":"https:\/\/arantv.az\/index.php?rest_route=\/wp\/v2\/posts\/844114"}],"collection":[{"href":"https:\/\/arantv.az\/index.php?rest_route=\/wp\/v2\/posts"}],"about":[{"href":"https:\/\/arantv.az\/index.php?rest_route=\/wp\/v2\/types\/post"}],"author":[{"embeddable":true,"href":"https:\/\/arantv.az\/index.php?rest_route=\/wp\/v2\/users\/2"}],"replies":[{"embeddable":true,"href":"https:\/\/arantv.az\/index.php?rest_route=%2Fwp%2Fv2%2Fcomments&post=844114"}],"version-history":[{"count":1,"href":"https:\/\/arantv.az\/index.php?rest_route=\/wp\/v2\/posts\/844114\/revisions"}],"predecessor-version":[{"id":844116,"href":"https:\/\/arantv.az\/index.php?rest_route=\/wp\/v2\/posts\/844114\/revisions\/844116"}],"wp:featuredmedia":[{"embeddable":true,"href":"https:\/\/arantv.az\/index.php?rest_route=\/wp\/v2\/media\/844115"}],"wp:attachment":[{"href":"https:\/\/arantv.az\/index.php?rest_route=%2Fwp%2Fv2%2Fmedia&parent=844114"}],"wp:term":[{"taxonomy":"category","embeddable":true,"href":"https:\/\/arantv.az\/index.php?rest_route=%2Fwp%2Fv2%2Fcategories&post=844114"},{"taxonomy":"post_tag","embeddable":true,"href":"https:\/\/arantv.az\/index.php?rest_route=%2Fwp%2Fv2%2Ftags&post=844114"}],"curies":[{"name":"wp","href":"https:\/\/api.w.org\/{rel}","templated":true}]}}