{"id":84414,"date":"2019-10-09T10:38:39","date_gmt":"2019-10-09T07:38:39","guid":{"rendered":"http:\/\/arantv.az\/?p=84414"},"modified":"2019-10-09T10:38:39","modified_gmt":"2019-10-09T07:38:39","slug":"nazir-yeni-bas-h%c9%99kim-t%c9%99yin-etdi-%c9%99mr","status":"publish","type":"post","link":"https:\/\/arantv.az\/?p=84414","title":{"rendered":"Nazir yeni ba\u015f h\u0259kim t\u0259yin etdi &#8211; \u018fMR"},"content":{"rendered":"<div><b>\u015eamax\u0131 Rayon M\u0259rk\u0259zi X\u0259st\u0259xanas\u0131na yeni ba\u015f h\u0259kim t\u0259yin olunub.<\/b><\/div>\n<div><b>\u00a0<\/b><\/div>\n<div><b>ARANTV.AZ\u00a0<\/b> x\u0259b\u0259r verir ki, S\u0259hiyy\u0259 naziri Oqtay \u015eir\u0259liyev \u015eamax\u0131 M\u00fcalic\u0259 Diaqnostika M\u0259rk\u0259zinin ba\u015f h\u0259kiminin m\u00fcalic\u0259 i\u015fl\u0259ri \u00fczr\u0259 m\u00fcavini \u015e\u00f6hr\u0259t Abdulla o\u011flu Abdullayevin Rayon M\u0259rk\u0259zi X\u0259st\u0259xanas\u0131na ba\u015f h\u0259kim t\u0259yin edilm\u0259si il\u0259 ba\u011fl\u0131 \u0259mr imzalay\u0131b.<\/div>\n<div><\/div>\n<div>Bu vaxta q\u0259d\u0259r x\u0259st\u0259xanan\u0131n ba\u015f h\u0259kimi v\u0259zif\u0259sini S\u0259m\u0259d F\u0259t\u0259liyev m\u00fcv\u0259qq\u0259ti icra edirdi.<\/div>\n<div><\/div>\n<div>Qeyd ed\u0259k ki, \u00f6t\u0259n ay\u0131n sonunda S\u0259m\u0259d F\u0259t\u0259liyevin v\u0259zif\u0259sind\u0259n azad olundu\u011fu bar\u0259d\u0259 m\u0259lumat yay\u0131lm\u0131\u015fd\u0131. M\u0259lum olmu\u015fdu ki, Ekologiya v\u0259 T\u0259bii S\u0259rv\u0259tl\u0259r v\u0259 Daxili \u0130\u015fl\u0259r nazirlikl\u0259ri \u015eamax\u0131da reyd ke\u00e7irib, reyd zaman\u0131 QAZ-52 markal\u0131, 06 BC 908 d\u00f6vl\u0259t n\u00f6mr\u0259 ni\u015fanl\u0131 avtomobilin y\u00fck yerind\u0259 do\u011franm\u0131\u015f a\u011fac material\u0131n\u0131n da\u015f\u0131nmas\u0131 fakt\u0131 a\u015fkarlan\u0131b.<\/div>\n<div><\/div>\n<div>Ara\u015fd\u0131rma zaman\u0131 a\u011faclar\u0131n \u015eamax\u0131 Rayon M\u0259rk\u0259zi X\u0259st\u0259xanas\u0131n\u0131n \u0259razisind\u0259n k\u0259sildiyi m\u0259lum olub. Bundan sonra S\u0259m\u0259d F\u0259t\u0259liyev bar\u0259sind\u0259 akt t\u0259rtib edilmi\u015fdi.<\/div>\n<div><\/div>\n<div>Xat\u0131rladaq ki, \u015eamax\u0131 Rayon M\u0259rk\u0259zi X\u0259st\u0259xanas\u0131n\u0131n ba\u015f h\u0259kimi Elxan M\u0259mm\u0259dov bu ilin may\u0131nda nazirin \u0259mri il\u0259 v\u0259zif\u0259sind\u0259n azad olunmu\u015fdu.Medicina.Az<\/div>\n","protected":false},"excerpt":{"rendered":"<p>\u015eamax\u0131 Rayon M\u0259rk\u0259zi X\u0259st\u0259xanas\u0131na yeni ba\u015f h\u0259kim t\u0259yin olunub. \u00a0 ARANTV.AZ\u00a0 x\u0259b\u0259r verir ki, S\u0259hiyy\u0259 naziri Oqtay \u015eir\u0259liyev \u015eamax\u0131 M\u00fcalic\u0259 Diaqnostika M\u0259rk\u0259zinin ba\u015f h\u0259kiminin m\u00fcalic\u0259 i\u015fl\u0259ri \u00fczr\u0259 m\u00fcavini \u015e\u00f6hr\u0259t Abdulla o\u011flu Abdullayevin Rayon M\u0259rk\u0259zi X\u0259st\u0259xanas\u0131na ba\u015f h\u0259kim t\u0259yin edilm\u0259si il\u0259 ba\u011fl\u0131 \u0259mr imzalay\u0131b. Bu vaxta q\u0259d\u0259r x\u0259st\u0259xanan\u0131n ba\u015f h\u0259kimi v\u0259zif\u0259sini S\u0259m\u0259d F\u0259t\u0259liyev m\u00fcv\u0259qq\u0259ti icra edirdi. Qeyd ed\u0259k ki, \u00f6t\u0259n ay\u0131n sonunda S\u0259m\u0259d F\u0259t\u0259liyevin v\u0259zif\u0259sind\u0259n azad olundu\u011fu bar\u0259d\u0259 m\u0259lumat yay\u0131lm\u0131\u015fd\u0131. M\u0259lum olmu\u015fdu ki, Ekologiya v\u0259 T\u0259bii S\u0259rv\u0259tl\u0259r v\u0259 Daxili \u0130\u015fl\u0259r nazirlikl\u0259ri \u015eamax\u0131da reyd ke\u00e7irib, reyd zaman\u0131 QAZ-52 markal\u0131, 06 BC 908&hellip;<\/p>\n","protected":false},"author":2,"featured_media":84415,"comment_status":"closed","ping_status":"closed","sticky":false,"template":"","format":"standard","meta":{"om_disable_all_campaigns":false,"_monsterinsights_skip_tracking":false,"_monsterinsights_sitenote_active":false,"_monsterinsights_sitenote_note":"","_monsterinsights_sitenote_category":0},"categories":[1],"tags":[],"aioseo_notices":[],"gutentor_comment":0,"rttpg_featured_image_url":{"full":["https:\/\/arantv.az\/wp-content\/uploads\/2019\/10\/1570602862_1561033194_1530978457_1473283885_1-1.jpg",800,500,false],"landscape":["https:\/\/arantv.az\/wp-content\/uploads\/2019\/10\/1570602862_1561033194_1530978457_1473283885_1-1.jpg",800,500,false],"portraits":["https:\/\/arantv.az\/wp-content\/uploads\/2019\/10\/1570602862_1561033194_1530978457_1473283885_1-1.jpg",800,500,false],"thumbnail":["https:\/\/arantv.az\/wp-content\/uploads\/2019\/10\/1570602862_1561033194_1530978457_1473283885_1-1-150x150.jpg",150,150,true],"medium":["https:\/\/arantv.az\/wp-content\/uploads\/2019\/10\/1570602862_1561033194_1530978457_1473283885_1-1-300x188.jpg",300,188,true],"large":["https:\/\/arantv.az\/wp-content\/uploads\/2019\/10\/1570602862_1561033194_1530978457_1473283885_1-1.jpg",640,400,false],"1536x1536":["https:\/\/arantv.az\/wp-content\/uploads\/2019\/10\/1570602862_1561033194_1530978457_1473283885_1-1.jpg",800,500,false],"2048x2048":["https:\/\/arantv.az\/wp-content\/uploads\/2019\/10\/1570602862_1561033194_1530978457_1473283885_1-1.jpg",800,500,false],"post-thumbnail":["https:\/\/arantv.az\/wp-content\/uploads\/2019\/10\/1570602862_1561033194_1530978457_1473283885_1-1-240x172.jpg",240,172,true],"advps-thumb-one":["https:\/\/arantv.az\/wp-content\/uploads\/2019\/10\/1570602862_1561033194_1530978457_1473283885_1-1.jpg",800,500,false]},"rttpg_author":{"display_name":"V\u00fcsal Rafiqo\u011flu","author_link":"https:\/\/arantv.az\/?author=2"},"rttpg_comment":0,"rttpg_category":"<a href=\"https:\/\/arantv.az\/?cat=1\" rel=\"category\">C\u0259miyy\u0259t<\/a>","rttpg_excerpt":"\u015eamax\u0131 Rayon M\u0259rk\u0259zi X\u0259st\u0259xanas\u0131na yeni ba\u015f h\u0259kim t\u0259yin olunub. \u00a0 ARANTV.AZ\u00a0 x\u0259b\u0259r verir ki, S\u0259hiyy\u0259 naziri Oqtay \u015eir\u0259liyev \u015eamax\u0131 M\u00fcalic\u0259 Diaqnostika M\u0259rk\u0259zinin ba\u015f h\u0259kiminin m\u00fcalic\u0259 i\u015fl\u0259ri \u00fczr\u0259 m\u00fcavini \u015e\u00f6hr\u0259t Abdulla o\u011flu Abdullayevin Rayon M\u0259rk\u0259zi X\u0259st\u0259xanas\u0131na ba\u015f h\u0259kim t\u0259yin edilm\u0259si il\u0259 ba\u011fl\u0131 \u0259mr imzalay\u0131b. Bu vaxta q\u0259d\u0259r x\u0259st\u0259xanan\u0131n ba\u015f h\u0259kimi v\u0259zif\u0259sini S\u0259m\u0259d F\u0259t\u0259liyev m\u00fcv\u0259qq\u0259ti icra edirdi.&hellip;","_links":{"self":[{"href":"https:\/\/arantv.az\/index.php?rest_route=\/wp\/v2\/posts\/84414"}],"collection":[{"href":"https:\/\/arantv.az\/index.php?rest_route=\/wp\/v2\/posts"}],"about":[{"href":"https:\/\/arantv.az\/index.php?rest_route=\/wp\/v2\/types\/post"}],"author":[{"embeddable":true,"href":"https:\/\/arantv.az\/index.php?rest_route=\/wp\/v2\/users\/2"}],"replies":[{"embeddable":true,"href":"https:\/\/arantv.az\/index.php?rest_route=%2Fwp%2Fv2%2Fcomments&post=84414"}],"version-history":[{"count":0,"href":"https:\/\/arantv.az\/index.php?rest_route=\/wp\/v2\/posts\/84414\/revisions"}],"wp:featuredmedia":[{"embeddable":true,"href":"https:\/\/arantv.az\/index.php?rest_route=\/wp\/v2\/media\/84415"}],"wp:attachment":[{"href":"https:\/\/arantv.az\/index.php?rest_route=%2Fwp%2Fv2%2Fmedia&parent=84414"}],"wp:term":[{"taxonomy":"category","embeddable":true,"href":"https:\/\/arantv.az\/index.php?rest_route=%2Fwp%2Fv2%2Fcategories&post=84414"},{"taxonomy":"post_tag","embeddable":true,"href":"https:\/\/arantv.az\/index.php?rest_route=%2Fwp%2Fv2%2Ftags&post=84414"}],"curies":[{"name":"wp","href":"https:\/\/api.w.org\/{rel}","templated":true}]}}