{"id":844192,"date":"2026-03-11T20:50:28","date_gmt":"2026-03-11T16:50:28","guid":{"rendered":"https:\/\/arantv.az\/?p=844192"},"modified":"2026-03-11T20:50:28","modified_gmt":"2026-03-11T16:50:28","slug":"qarabagli-qardas-v%c9%99-bacilarimiz-erm%c9%99nistan-v%c9%99t%c9%99ndasligini-almali-v%c9%99-pasinyan","status":"publish","type":"post","link":"https:\/\/arantv.az\/?p=844192","title":{"rendered":"&#8220;Qaraba\u011fl\u0131 qarda\u015f v\u0259 bac\u0131lar\u0131m\u0131z Erm\u0259nistan v\u0259t\u0259nda\u015fl\u0131\u011f\u0131n\u0131 almal\u0131 v\u0259\u2026&#8221; &#8211; Pa\u015finyan"},"content":{"rendered":"<p>\u201cQaraba\u011fl\u0131 bac\u0131-qarda\u015flar\u0131m\u0131z\u0131n emosiyalar\u0131n\u0131n istismar olunmamas\u0131, onlara bo\u015f \u00fcmidl\u0259r b\u0259sl\u0259nm\u0259m\u0259si \u0259n m\u00fch\u00fcm v\u0259zif\u0259l\u0259rimizd\u0259n biridir\u201d.<\/p>\n<p>Musavat.com xarici mediaya istinadla x\u0259b\u0259r verir ki, Erm\u0259nistan\u0131n ba\u015f naziri Nikol Pa\u015finyan bu g\u00fcn, mart\u0131n 11-d\u0259 Strasburqda Avropa Parlamentind\u0259 \u00e7\u0131x\u0131\u015f\u0131 zaman\u0131 bel\u0259 deyib.<\/p>\n<p>Pa\u015finyan daga sonra deyib: \u201cBu m\u0259s\u0259l\u0259 il\u0259 ba\u011fl\u0131 strategiyam\u0131z \u00e7ox ayd\u0131nd\u0131r: qaraba\u011fl\u0131 qarda\u015f v\u0259 bac\u0131lar\u0131m\u0131z Erm\u0259nistan v\u0259t\u0259nda\u015fl\u0131\u011f\u0131n\u0131 almal\u0131 v\u0259 Erm\u0259nistan Respublikas\u0131nda daimi m\u0259skunla\u015fmal\u0131d\u0131rlar. Biz art\u0131q onlar \u00fc\u00e7\u00fcn k\u00f6\u00e7\u00fcrm\u0259 proqram\u0131na ba\u015flam\u0131\u015f\u0131q v\u0259 bu g\u00fcn\u0259 kimi 4886 ail\u0259 bundan b\u0259hr\u0259l\u0259nib.<br \/>\nS\u00fclh\u00fcn m\u00f6hk\u0259ml\u0259ndirilm\u0259sin\u0259 y\u00f6n\u0259lmi\u015f bu m\u0259qs\u0259d\u0259 \u00e7atmaq \u00fc\u00e7\u00fcn beyn\u0259lxalq t\u0259r\u0259fda\u015flar\u0131m\u0131zdan maksimum d\u0259st\u0259k t\u0259l\u0259b edirik\u201d.<\/p>\n<p>P.S.Qeyd ed\u0259k ki, Avropa Parlamenti daxil, bir s\u0131ra t\u0259\u015fkilatlar Az\u0259rbaycana qar\u015f\u0131 \u201cerm\u0259ni kart\u0131\u201dndan istifad\u0259y\u0259 c\u0259hd g\u00f6st\u0259rirdi. G\u00f6r\u0259k bundan sonra h\u0259min dair\u0259l\u0259r Qaraba\u011fdan k\u00f6n\u00fcll\u00fc k\u00f6\u00e7\u0259n erm\u0259nil\u0259rl\u0259 ba\u011fl\u0131 yen\u0259 d\u0259 c\u0259f\u0259ng iddialar s\u0259sl\u0259ndir\u0259c\u0259kl\u0259rmi? H\u0259r halda, Pa\u015finyan\u0131n \u00e7\u0131x\u0131\u015f\u0131 onlar \u00fc\u00e7\u00fcn \u201csoyuq du\u015f\u201d effekti say\u0131lmal\u0131d\u0131r\u2026<\/p>\n","protected":false},"excerpt":{"rendered":"<p>\u201cQaraba\u011fl\u0131 bac\u0131-qarda\u015flar\u0131m\u0131z\u0131n emosiyalar\u0131n\u0131n istismar olunmamas\u0131, onlara bo\u015f \u00fcmidl\u0259r b\u0259sl\u0259nm\u0259m\u0259si \u0259n m\u00fch\u00fcm v\u0259zif\u0259l\u0259rimizd\u0259n biridir\u201d. Musavat.com xarici mediaya istinadla x\u0259b\u0259r verir ki, Erm\u0259nistan\u0131n ba\u015f naziri Nikol Pa\u015finyan bu g\u00fcn, mart\u0131n 11-d\u0259 Strasburqda Avropa Parlamentind\u0259 \u00e7\u0131x\u0131\u015f\u0131 zaman\u0131 bel\u0259 deyib. Pa\u015finyan daga sonra deyib: \u201cBu m\u0259s\u0259l\u0259 il\u0259 ba\u011fl\u0131 strategiyam\u0131z \u00e7ox ayd\u0131nd\u0131r: qaraba\u011fl\u0131 qarda\u015f v\u0259 bac\u0131lar\u0131m\u0131z Erm\u0259nistan v\u0259t\u0259nda\u015fl\u0131\u011f\u0131n\u0131 almal\u0131 v\u0259 Erm\u0259nistan Respublikas\u0131nda daimi m\u0259skunla\u015fmal\u0131d\u0131rlar. Biz art\u0131q onlar \u00fc\u00e7\u00fcn k\u00f6\u00e7\u00fcrm\u0259 proqram\u0131na ba\u015flam\u0131\u015f\u0131q v\u0259 bu g\u00fcn\u0259 kimi 4886 ail\u0259 bundan b\u0259hr\u0259l\u0259nib. S\u00fclh\u00fcn m\u00f6hk\u0259ml\u0259ndirilm\u0259sin\u0259 y\u00f6n\u0259lmi\u015f bu m\u0259qs\u0259d\u0259 \u00e7atmaq \u00fc\u00e7\u00fcn beyn\u0259lxalq t\u0259r\u0259fda\u015flar\u0131m\u0131zdan maksimum d\u0259st\u0259k t\u0259l\u0259b edirik\u201d. P.S.Qeyd ed\u0259k ki,&hellip;<\/p>\n","protected":false},"author":2,"featured_media":844193,"comment_status":"closed","ping_status":"closed","sticky":false,"template":"","format":"standard","meta":{"om_disable_all_campaigns":false,"_monsterinsights_skip_tracking":false,"_monsterinsights_sitenote_active":false,"_monsterinsights_sitenote_note":"","_monsterinsights_sitenote_category":0},"categories":[19],"tags":[],"aioseo_notices":[],"gutentor_comment":0,"rttpg_featured_image_url":{"full":["https:\/\/arantv.az\/wp-content\/uploads\/2026\/03\/2440995cb7faea0fad8ffd32c0458c9f.jpg",850,500,false],"landscape":["https:\/\/arantv.az\/wp-content\/uploads\/2026\/03\/2440995cb7faea0fad8ffd32c0458c9f.jpg",850,500,false],"portraits":["https:\/\/arantv.az\/wp-content\/uploads\/2026\/03\/2440995cb7faea0fad8ffd32c0458c9f.jpg",850,500,false],"thumbnail":["https:\/\/arantv.az\/wp-content\/uploads\/2026\/03\/2440995cb7faea0fad8ffd32c0458c9f-500x280.jpg",500,280,true],"medium":["https:\/\/arantv.az\/wp-content\/uploads\/2026\/03\/2440995cb7faea0fad8ffd32c0458c9f-621x365.jpg",621,365,true],"large":["https:\/\/arantv.az\/wp-content\/uploads\/2026\/03\/2440995cb7faea0fad8ffd32c0458c9f-840x494.jpg",640,376,true],"1536x1536":["https:\/\/arantv.az\/wp-content\/uploads\/2026\/03\/2440995cb7faea0fad8ffd32c0458c9f.jpg",850,500,false],"2048x2048":["https:\/\/arantv.az\/wp-content\/uploads\/2026\/03\/2440995cb7faea0fad8ffd32c0458c9f.jpg",850,500,false],"post-thumbnail":["https:\/\/arantv.az\/wp-content\/uploads\/2026\/03\/2440995cb7faea0fad8ffd32c0458c9f-240x172.jpg",240,172,true],"advps-thumb-one":["https:\/\/arantv.az\/wp-content\/uploads\/2026\/03\/2440995cb7faea0fad8ffd32c0458c9f.jpg",850,500,false]},"rttpg_author":{"display_name":"V\u00fcsal Rafiqo\u011flu","author_link":"https:\/\/arantv.az\/?author=2"},"rttpg_comment":0,"rttpg_category":"<a href=\"https:\/\/arantv.az\/?cat=19\" rel=\"category\">G\u00fcnd\u0259m<\/a>","rttpg_excerpt":"\u201cQaraba\u011fl\u0131 bac\u0131-qarda\u015flar\u0131m\u0131z\u0131n emosiyalar\u0131n\u0131n istismar olunmamas\u0131, onlara bo\u015f \u00fcmidl\u0259r b\u0259sl\u0259nm\u0259m\u0259si \u0259n m\u00fch\u00fcm v\u0259zif\u0259l\u0259rimizd\u0259n biridir\u201d. Musavat.com xarici mediaya istinadla x\u0259b\u0259r verir ki, Erm\u0259nistan\u0131n ba\u015f naziri Nikol Pa\u015finyan bu g\u00fcn, mart\u0131n 11-d\u0259 Strasburqda Avropa Parlamentind\u0259 \u00e7\u0131x\u0131\u015f\u0131 zaman\u0131 bel\u0259 deyib. Pa\u015finyan daga sonra deyib: \u201cBu m\u0259s\u0259l\u0259 il\u0259 ba\u011fl\u0131 strategiyam\u0131z \u00e7ox ayd\u0131nd\u0131r: qaraba\u011fl\u0131 qarda\u015f v\u0259 bac\u0131lar\u0131m\u0131z Erm\u0259nistan v\u0259t\u0259nda\u015fl\u0131\u011f\u0131n\u0131 almal\u0131 v\u0259&hellip;","_links":{"self":[{"href":"https:\/\/arantv.az\/index.php?rest_route=\/wp\/v2\/posts\/844192"}],"collection":[{"href":"https:\/\/arantv.az\/index.php?rest_route=\/wp\/v2\/posts"}],"about":[{"href":"https:\/\/arantv.az\/index.php?rest_route=\/wp\/v2\/types\/post"}],"author":[{"embeddable":true,"href":"https:\/\/arantv.az\/index.php?rest_route=\/wp\/v2\/users\/2"}],"replies":[{"embeddable":true,"href":"https:\/\/arantv.az\/index.php?rest_route=%2Fwp%2Fv2%2Fcomments&post=844192"}],"version-history":[{"count":1,"href":"https:\/\/arantv.az\/index.php?rest_route=\/wp\/v2\/posts\/844192\/revisions"}],"predecessor-version":[{"id":844194,"href":"https:\/\/arantv.az\/index.php?rest_route=\/wp\/v2\/posts\/844192\/revisions\/844194"}],"wp:featuredmedia":[{"embeddable":true,"href":"https:\/\/arantv.az\/index.php?rest_route=\/wp\/v2\/media\/844193"}],"wp:attachment":[{"href":"https:\/\/arantv.az\/index.php?rest_route=%2Fwp%2Fv2%2Fmedia&parent=844192"}],"wp:term":[{"taxonomy":"category","embeddable":true,"href":"https:\/\/arantv.az\/index.php?rest_route=%2Fwp%2Fv2%2Fcategories&post=844192"},{"taxonomy":"post_tag","embeddable":true,"href":"https:\/\/arantv.az\/index.php?rest_route=%2Fwp%2Fv2%2Ftags&post=844192"}],"curies":[{"name":"wp","href":"https:\/\/api.w.org\/{rel}","templated":true}]}}