{"id":844198,"date":"2026-03-11T20:52:29","date_gmt":"2026-03-11T16:52:29","guid":{"rendered":"https:\/\/arantv.az\/?p=844198"},"modified":"2026-03-11T20:52:29","modified_gmt":"2026-03-11T16:52:29","slug":"son-d%c9%99qiq%c9%99-turkiy%c9%99d%c9%99n-erm%c9%99nistana-ucuslar-basladi-foto","status":"publish","type":"post","link":"https:\/\/arantv.az\/?p=844198","title":{"rendered":"Son d\u0259qiq\u0259: T\u00fcrkiy\u0259d\u0259n Erm\u0259nistana u\u00e7u\u015flar ba\u015flad\u0131 &#8211; foto"},"content":{"rendered":"<p><strong>T\u00fcrk Hava Yollar\u0131 \u0130stanbul-\u0130r\u0259van-\u0130stanbul mar\u015frutu \u00fczr\u0259 u\u00e7u\u015flara ba\u015flay\u0131b. Musavat.com-un m\u0259lumat\u0131na g\u00f6r\u0259, bu mar\u015frut \u00fczr\u0259 ilk reys \u0130r\u0259van\u0131n Zvartnots hava liman\u0131na \u00e7at\u0131b.<\/strong><\/p>\n<p>Qar\u015f\u0131lanma m\u0259rasimind\u0259 Erm\u0259nistan M\u00fclki Aviasiya Komit\u0259sinin s\u0259dri Mihran Xa\u00e7atryan, Erm\u0259nistan beyn\u0259lxalq hava limanlar\u0131n\u0131n (Zvartnots hava liman\u0131n\u0131 idar\u0259 ed\u0259n) r\u0259hb\u0259rliyi, T\u00fcrk Hava Yollar\u0131n\u0131n r\u0259hb\u0259rliyinin n\u00fcmay\u0259nd\u0259l\u0259ri v\u0259 dig\u0259r qonaqlar i\u015ftirak edibl\u0259r.<\/p>\n<p>\u0130stanbul-\u0130r\u0259van-\u0130stanbul mar\u015frutu \u00fczr\u0259 u\u00e7u\u015flar g\u00fcnd\u0259lik h\u0259yata ke\u00e7iril\u0259c\u0259k v\u0259 may\u0131n 14-d\u0259n etibar\u0259n tezlik h\u0259ft\u0259d\u0259 10 reys\u0259, iyunun 15-d\u0259n is\u0259 h\u0259ft\u0259d\u0259 14 reys\u0259 y\u00fcks\u0259l\u0259c\u0259k.<\/p>\n<p>Erm\u0259ni medias\u0131 yaz\u0131b ki, bir m\u00fcdd\u0259t \u0259vv\u0259l T\u00fcrkiy\u0259nin Erm\u0259nistanla m\u00fcnasib\u0259tl\u0259rin normalla\u015fd\u0131r\u0131lmas\u0131 \u00fczr\u0259 x\u00fcsusi n\u00fcmay\u0259nd\u0259si Serdar K\u0131l\u0131\u00e7 bu u\u00e7u\u015flar\u0131n ba\u015fland\u0131\u011f\u0131n\u0131 elan ed\u0259r\u0259k, onlar\u0131 \u201cErm\u0259nistan-T\u00fcrkiy\u0259 m\u00fcnasib\u0259tl\u0259rinin normalla\u015fmas\u0131 istiqam\u0259tind\u0259 daha bir add\u0131m\u201d adland\u0131rm\u0131\u015fd\u0131.<\/p>\n<p>Erm\u0259nistanla T\u00fcrkiy\u0259 aras\u0131nda quru s\u0259rh\u0259dinin 1993-c\u00fc ild\u0259n ba\u011flanmas\u0131na baxmayaraq, iki \u00f6lk\u0259 aras\u0131nda hava \u0259laq\u0259si he\u00e7 vaxt tam dayand\u0131r\u0131lmay\u0131b. M\u00fcxt\u0259lif avia\u015firk\u0259tl\u0259r \u0130r\u0259van v\u0259 \u0130stanbul aras\u0131nda g\u00fcnd\u0259lik olmasa da, m\u00fcxt\u0259lif vaxtlarda m\u00fcnt\u0259z\u0259m u\u00e7u\u015flar h\u0259yata ke\u00e7irib.<\/p>\n","protected":false},"excerpt":{"rendered":"<p>T\u00fcrk Hava Yollar\u0131 \u0130stanbul-\u0130r\u0259van-\u0130stanbul mar\u015frutu \u00fczr\u0259 u\u00e7u\u015flara ba\u015flay\u0131b. Musavat.com-un m\u0259lumat\u0131na g\u00f6r\u0259, bu mar\u015frut \u00fczr\u0259 ilk reys \u0130r\u0259van\u0131n Zvartnots hava liman\u0131na \u00e7at\u0131b. Qar\u015f\u0131lanma m\u0259rasimind\u0259 Erm\u0259nistan M\u00fclki Aviasiya Komit\u0259sinin s\u0259dri Mihran Xa\u00e7atryan, Erm\u0259nistan beyn\u0259lxalq hava limanlar\u0131n\u0131n (Zvartnots hava liman\u0131n\u0131 idar\u0259 ed\u0259n) r\u0259hb\u0259rliyi, T\u00fcrk Hava Yollar\u0131n\u0131n r\u0259hb\u0259rliyinin n\u00fcmay\u0259nd\u0259l\u0259ri v\u0259 dig\u0259r qonaqlar i\u015ftirak edibl\u0259r. \u0130stanbul-\u0130r\u0259van-\u0130stanbul mar\u015frutu \u00fczr\u0259 u\u00e7u\u015flar g\u00fcnd\u0259lik h\u0259yata ke\u00e7iril\u0259c\u0259k v\u0259 may\u0131n 14-d\u0259n etibar\u0259n tezlik h\u0259ft\u0259d\u0259 10 reys\u0259, iyunun 15-d\u0259n is\u0259 h\u0259ft\u0259d\u0259 14 reys\u0259 y\u00fcks\u0259l\u0259c\u0259k. Erm\u0259ni medias\u0131 yaz\u0131b ki, bir m\u00fcdd\u0259t \u0259vv\u0259l T\u00fcrkiy\u0259nin Erm\u0259nistanla m\u00fcnasib\u0259tl\u0259rin normalla\u015fd\u0131r\u0131lmas\u0131 \u00fczr\u0259 x\u00fcsusi n\u00fcmay\u0259nd\u0259si Serdar K\u0131l\u0131\u00e7 bu u\u00e7u\u015flar\u0131n&hellip;<\/p>\n","protected":false},"author":2,"featured_media":844199,"comment_status":"closed","ping_status":"closed","sticky":false,"template":"","format":"standard","meta":{"om_disable_all_campaigns":false,"_monsterinsights_skip_tracking":false,"_monsterinsights_sitenote_active":false,"_monsterinsights_sitenote_note":"","_monsterinsights_sitenote_category":0},"categories":[7],"tags":[],"aioseo_notices":[],"gutentor_comment":0,"rttpg_featured_image_url":{"full":["https:\/\/arantv.az\/wp-content\/uploads\/2026\/03\/11fbecb2a12e79839758a761877fbdfa.jpg",870,500,false],"landscape":["https:\/\/arantv.az\/wp-content\/uploads\/2026\/03\/11fbecb2a12e79839758a761877fbdfa.jpg",870,500,false],"portraits":["https:\/\/arantv.az\/wp-content\/uploads\/2026\/03\/11fbecb2a12e79839758a761877fbdfa.jpg",870,500,false],"thumbnail":["https:\/\/arantv.az\/wp-content\/uploads\/2026\/03\/11fbecb2a12e79839758a761877fbdfa-500x280.jpg",500,280,true],"medium":["https:\/\/arantv.az\/wp-content\/uploads\/2026\/03\/11fbecb2a12e79839758a761877fbdfa-635x365.jpg",635,365,true],"large":["https:\/\/arantv.az\/wp-content\/uploads\/2026\/03\/11fbecb2a12e79839758a761877fbdfa-840x483.jpg",640,368,true],"1536x1536":["https:\/\/arantv.az\/wp-content\/uploads\/2026\/03\/11fbecb2a12e79839758a761877fbdfa.jpg",870,500,false],"2048x2048":["https:\/\/arantv.az\/wp-content\/uploads\/2026\/03\/11fbecb2a12e79839758a761877fbdfa.jpg",870,500,false],"post-thumbnail":["https:\/\/arantv.az\/wp-content\/uploads\/2026\/03\/11fbecb2a12e79839758a761877fbdfa-240x172.jpg",240,172,true],"advps-thumb-one":["https:\/\/arantv.az\/wp-content\/uploads\/2026\/03\/11fbecb2a12e79839758a761877fbdfa.jpg",870,500,false]},"rttpg_author":{"display_name":"V\u00fcsal Rafiqo\u011flu","author_link":"https:\/\/arantv.az\/?author=2"},"rttpg_comment":0,"rttpg_category":"<a href=\"https:\/\/arantv.az\/?cat=7\" rel=\"category\">D\u00fcnya<\/a>","rttpg_excerpt":"T\u00fcrk Hava Yollar\u0131 \u0130stanbul-\u0130r\u0259van-\u0130stanbul mar\u015frutu \u00fczr\u0259 u\u00e7u\u015flara ba\u015flay\u0131b. Musavat.com-un m\u0259lumat\u0131na g\u00f6r\u0259, bu mar\u015frut \u00fczr\u0259 ilk reys \u0130r\u0259van\u0131n Zvartnots hava liman\u0131na \u00e7at\u0131b. Qar\u015f\u0131lanma m\u0259rasimind\u0259 Erm\u0259nistan M\u00fclki Aviasiya Komit\u0259sinin s\u0259dri Mihran Xa\u00e7atryan, Erm\u0259nistan beyn\u0259lxalq hava limanlar\u0131n\u0131n (Zvartnots hava liman\u0131n\u0131 idar\u0259 ed\u0259n) r\u0259hb\u0259rliyi, T\u00fcrk Hava Yollar\u0131n\u0131n r\u0259hb\u0259rliyinin n\u00fcmay\u0259nd\u0259l\u0259ri v\u0259 dig\u0259r qonaqlar i\u015ftirak edibl\u0259r. \u0130stanbul-\u0130r\u0259van-\u0130stanbul mar\u015frutu \u00fczr\u0259 u\u00e7u\u015flar g\u00fcnd\u0259lik&hellip;","_links":{"self":[{"href":"https:\/\/arantv.az\/index.php?rest_route=\/wp\/v2\/posts\/844198"}],"collection":[{"href":"https:\/\/arantv.az\/index.php?rest_route=\/wp\/v2\/posts"}],"about":[{"href":"https:\/\/arantv.az\/index.php?rest_route=\/wp\/v2\/types\/post"}],"author":[{"embeddable":true,"href":"https:\/\/arantv.az\/index.php?rest_route=\/wp\/v2\/users\/2"}],"replies":[{"embeddable":true,"href":"https:\/\/arantv.az\/index.php?rest_route=%2Fwp%2Fv2%2Fcomments&post=844198"}],"version-history":[{"count":1,"href":"https:\/\/arantv.az\/index.php?rest_route=\/wp\/v2\/posts\/844198\/revisions"}],"predecessor-version":[{"id":844200,"href":"https:\/\/arantv.az\/index.php?rest_route=\/wp\/v2\/posts\/844198\/revisions\/844200"}],"wp:featuredmedia":[{"embeddable":true,"href":"https:\/\/arantv.az\/index.php?rest_route=\/wp\/v2\/media\/844199"}],"wp:attachment":[{"href":"https:\/\/arantv.az\/index.php?rest_route=%2Fwp%2Fv2%2Fmedia&parent=844198"}],"wp:term":[{"taxonomy":"category","embeddable":true,"href":"https:\/\/arantv.az\/index.php?rest_route=%2Fwp%2Fv2%2Fcategories&post=844198"},{"taxonomy":"post_tag","embeddable":true,"href":"https:\/\/arantv.az\/index.php?rest_route=%2Fwp%2Fv2%2Ftags&post=844198"}],"curies":[{"name":"wp","href":"https:\/\/api.w.org\/{rel}","templated":true}]}}