{"id":844306,"date":"2026-03-12T14:07:46","date_gmt":"2026-03-12T10:07:46","guid":{"rendered":"https:\/\/arantv.az\/?p=844306"},"modified":"2026-03-12T14:07:46","modified_gmt":"2026-03-12T10:07:46","slug":"t%c9%99qaudl%c9%99r-bu-tarixd%c9%99-od%c9%99nil%c9%99c%c9%99k","status":"publish","type":"post","link":"https:\/\/arantv.az\/?p=844306","title":{"rendered":"T\u0259qa\u00fcdl\u0259r bu tarixd\u0259 \u00d6D\u018fN\u0130L\u018fC\u018fK"},"content":{"rendered":"<p>D\u00f6vl\u0259t Sosial M\u00fcdafi\u0259 Fondu t\u0259r\u0259find\u0259n qar\u015f\u0131dan g\u0259l\u0259n bayramlarla \u0259laq\u0259dar olaraq b\u00fct\u00fcn m\u00fcavin\u0259t, t\u0259qa\u00fcd, kompensasiya v\u0259 \u00fcnvanl\u0131 d\u00f6vl\u0259t sosial yard\u0131mlar\u0131n qrafikd\u0259n \u0259vv\u0259l &#8211; mart\u0131n 13-d\u0259 \u00f6d\u0259nilm\u0259si n\u0259z\u0259rd\u0259 tutulub.<\/p>\n<p><strong>Musavat.com<\/strong>\u00a0x\u0259b\u0259r verir ki, bu bar\u0259d\u0259 DSMF-d\u0259n m\u0259lumat verilib<\/p>\n<p>Bel\u0259likl\u0259, Respublika \u00fczr\u0259 b\u00fct\u00fcn sosial \u00f6d\u0259ni\u015fl\u0259r qrafikd\u0259n \u0259vv\u0259l yekunla\u015fd\u0131r\u0131lm\u0131\u015f olacaq.<\/p>\n","protected":false},"excerpt":{"rendered":"<p>D\u00f6vl\u0259t Sosial M\u00fcdafi\u0259 Fondu t\u0259r\u0259find\u0259n qar\u015f\u0131dan g\u0259l\u0259n bayramlarla \u0259laq\u0259dar olaraq b\u00fct\u00fcn m\u00fcavin\u0259t, t\u0259qa\u00fcd, kompensasiya v\u0259 \u00fcnvanl\u0131 d\u00f6vl\u0259t sosial yard\u0131mlar\u0131n qrafikd\u0259n \u0259vv\u0259l &#8211; mart\u0131n 13-d\u0259 \u00f6d\u0259nilm\u0259si n\u0259z\u0259rd\u0259 tutulub. Musavat.com\u00a0x\u0259b\u0259r verir ki, bu bar\u0259d\u0259 DSMF-d\u0259n m\u0259lumat verilib Bel\u0259likl\u0259, Respublika \u00fczr\u0259 b\u00fct\u00fcn sosial \u00f6d\u0259ni\u015fl\u0259r qrafikd\u0259n \u0259vv\u0259l yekunla\u015fd\u0131r\u0131lm\u0131\u015f olacaq.<\/p>\n","protected":false},"author":2,"featured_media":844307,"comment_status":"closed","ping_status":"closed","sticky":false,"template":"","format":"standard","meta":{"om_disable_all_campaigns":false,"_monsterinsights_skip_tracking":false,"_monsterinsights_sitenote_active":false,"_monsterinsights_sitenote_note":"","_monsterinsights_sitenote_category":0},"categories":[1],"tags":[],"aioseo_notices":[],"gutentor_comment":0,"rttpg_featured_image_url":{"full":["https:\/\/arantv.az\/wp-content\/uploads\/2026\/03\/6f020c260b219300226b482046ea0f55.jpg",830,500,false],"landscape":["https:\/\/arantv.az\/wp-content\/uploads\/2026\/03\/6f020c260b219300226b482046ea0f55.jpg",830,500,false],"portraits":["https:\/\/arantv.az\/wp-content\/uploads\/2026\/03\/6f020c260b219300226b482046ea0f55.jpg",830,500,false],"thumbnail":["https:\/\/arantv.az\/wp-content\/uploads\/2026\/03\/6f020c260b219300226b482046ea0f55-500x280.jpg",500,280,true],"medium":["https:\/\/arantv.az\/wp-content\/uploads\/2026\/03\/6f020c260b219300226b482046ea0f55-606x365.jpg",606,365,true],"large":["https:\/\/arantv.az\/wp-content\/uploads\/2026\/03\/6f020c260b219300226b482046ea0f55.jpg",640,386,false],"1536x1536":["https:\/\/arantv.az\/wp-content\/uploads\/2026\/03\/6f020c260b219300226b482046ea0f55.jpg",830,500,false],"2048x2048":["https:\/\/arantv.az\/wp-content\/uploads\/2026\/03\/6f020c260b219300226b482046ea0f55.jpg",830,500,false],"post-thumbnail":["https:\/\/arantv.az\/wp-content\/uploads\/2026\/03\/6f020c260b219300226b482046ea0f55-240x172.jpg",240,172,true],"advps-thumb-one":["https:\/\/arantv.az\/wp-content\/uploads\/2026\/03\/6f020c260b219300226b482046ea0f55.jpg",830,500,false]},"rttpg_author":{"display_name":"V\u00fcsal Rafiqo\u011flu","author_link":"https:\/\/arantv.az\/?author=2"},"rttpg_comment":0,"rttpg_category":"<a href=\"https:\/\/arantv.az\/?cat=1\" rel=\"category\">C\u0259miyy\u0259t<\/a>","rttpg_excerpt":"D\u00f6vl\u0259t Sosial M\u00fcdafi\u0259 Fondu t\u0259r\u0259find\u0259n qar\u015f\u0131dan g\u0259l\u0259n bayramlarla \u0259laq\u0259dar olaraq b\u00fct\u00fcn m\u00fcavin\u0259t, t\u0259qa\u00fcd, kompensasiya v\u0259 \u00fcnvanl\u0131 d\u00f6vl\u0259t sosial yard\u0131mlar\u0131n qrafikd\u0259n \u0259vv\u0259l &#8211; mart\u0131n 13-d\u0259 \u00f6d\u0259nilm\u0259si n\u0259z\u0259rd\u0259 tutulub. Musavat.com\u00a0x\u0259b\u0259r verir ki, bu bar\u0259d\u0259 DSMF-d\u0259n m\u0259lumat verilib Bel\u0259likl\u0259, Respublika \u00fczr\u0259 b\u00fct\u00fcn sosial \u00f6d\u0259ni\u015fl\u0259r qrafikd\u0259n \u0259vv\u0259l yekunla\u015fd\u0131r\u0131lm\u0131\u015f olacaq.","_links":{"self":[{"href":"https:\/\/arantv.az\/index.php?rest_route=\/wp\/v2\/posts\/844306"}],"collection":[{"href":"https:\/\/arantv.az\/index.php?rest_route=\/wp\/v2\/posts"}],"about":[{"href":"https:\/\/arantv.az\/index.php?rest_route=\/wp\/v2\/types\/post"}],"author":[{"embeddable":true,"href":"https:\/\/arantv.az\/index.php?rest_route=\/wp\/v2\/users\/2"}],"replies":[{"embeddable":true,"href":"https:\/\/arantv.az\/index.php?rest_route=%2Fwp%2Fv2%2Fcomments&post=844306"}],"version-history":[{"count":2,"href":"https:\/\/arantv.az\/index.php?rest_route=\/wp\/v2\/posts\/844306\/revisions"}],"predecessor-version":[{"id":844310,"href":"https:\/\/arantv.az\/index.php?rest_route=\/wp\/v2\/posts\/844306\/revisions\/844310"}],"wp:featuredmedia":[{"embeddable":true,"href":"https:\/\/arantv.az\/index.php?rest_route=\/wp\/v2\/media\/844307"}],"wp:attachment":[{"href":"https:\/\/arantv.az\/index.php?rest_route=%2Fwp%2Fv2%2Fmedia&parent=844306"}],"wp:term":[{"taxonomy":"category","embeddable":true,"href":"https:\/\/arantv.az\/index.php?rest_route=%2Fwp%2Fv2%2Fcategories&post=844306"},{"taxonomy":"post_tag","embeddable":true,"href":"https:\/\/arantv.az\/index.php?rest_route=%2Fwp%2Fv2%2Ftags&post=844306"}],"curies":[{"name":"wp","href":"https:\/\/api.w.org\/{rel}","templated":true}]}}