{"id":844327,"date":"2026-03-12T17:03:21","date_gmt":"2026-03-12T13:03:21","guid":{"rendered":"https:\/\/arantv.az\/?p=844327"},"modified":"2026-03-12T17:03:21","modified_gmt":"2026-03-12T13:03:21","slug":"hikm%c9%99t-haciyevd%c9%99n-s%c9%99rt-mesaj-bmt-v%c9%99-dig%c9%99r-qurumlar","status":"publish","type":"post","link":"https:\/\/arantv.az\/?p=844327","title":{"rendered":"Hikm\u0259t Hac\u0131yevd\u0259n s\u0259rt MESAJ: \u201cBMT v\u0259 dig\u0259r qurumlar&#8230;\u201d"},"content":{"rendered":"<p><strong>Az\u0259rbaycan Respublikas\u0131 Prezidentinin k\u00f6m\u0259k\u00e7isi, Prezident Administrasiyas\u0131n\u0131n Xarici siyas\u0259t m\u0259s\u0259l\u0259l\u0259ri \u015f\u00f6b\u0259sinin m\u00fcdiri Hikm\u0259t Hac\u0131yev XIII Qlobal Bak\u0131 Forumunun \u201cB\u00f6hranda \u00e7oxt\u0259r\u0259flilik: Qlobal \u018fm\u0259kda\u015fl\u0131\u011f\u0131n Yenid\u0259n N\u0259z\u0259rd\u0259n Ke\u00e7irilm\u0259si\u201d adl\u0131 panelind\u0259 \u00e7\u0131x\u0131\u015f edib.<\/strong><\/p>\n<p><strong>Musavat.com<\/strong>\u00a0x\u0259b\u0259r verir ki, Hikm\u0259t Hac\u0131yev \u00e7\u0131x\u0131\u015f\u0131nda qlobal \u00e7oxt\u0259r\u0259flilik v\u0259 t\u0259hl\u00fck\u0259sizlik sah\u0259sind\u0259ki b\u00f6hranlar\u0131 diqq\u0259t\u0259 \u00e7atd\u0131r\u0131b.<\/p>\n<p>O, bildirib ki, d\u00fcnyada \u00e7oxt\u0259r\u0259flilik prinsipl\u0259rinin t\u0259tbiqi, s\u00fclh v\u0259 t\u0259hl\u00fck\u0259sizlik m\u0259s\u0259l\u0259l\u0259rind\u0259 ciddi \u00e7at\u0131\u015fmazl\u0131qlar m\u00f6vcuddur. Onun s\u00f6zl\u0259rin\u0259 g\u00f6r\u0259, bu v\u0259ziyy\u0259t birba\u015fa BMT T\u0259hl\u00fck\u0259sizlik \u015euras\u0131n\u0131n mandat\u0131n\u0131n s\u0259m\u0259r\u0259sizliyi il\u0259 ba\u011fl\u0131d\u0131r: \u201cBMT T\u015e-nin qlobal m\u0259s\u0259l\u0259l\u0259rin h\u0259llind\u0259 i\u015ftirak\u0131 \u00e7ox z\u0259ifdir. S\u00fclh v\u0259 t\u0259hl\u00fck\u0259sizlik sah\u0259sind\u0259ki b\u00f6hranlar g\u00f6st\u0259rir ki, \u00e7oxt\u0259r\u0259flilik yaln\u0131z s\u00f6zl\u0259 deyil, \u0259m\u0259ld\u0259 h\u0259yata ke\u00e7irilm\u0259lidir\u201d.<\/p>\n<p><strong>Hikm\u0259t Hac\u0131yev Az\u0259rbaycan\u0131n beyn\u0259lxalq \u00e7oxt\u0259r\u0259fli t\u0259\u015f\u0259bb\u00fcsl\u0259rd\u0259 n\u00fcmun\u0259vi rolunu vur\u011fulay\u0131b. O qeyd edib ki, Az\u0259rbaycan 2019\u20132022-ci ill\u0259rd\u0259 Qo\u015fulmama H\u0259r\u0259kat\u0131na s\u0259drlik ed\u0259rk\u0259n bu qurumun n\u00fcfuzunu art\u0131rma\u011fa nail olub.<\/strong><\/p>\n<p>\u201cBiz Qo\u015fulmama H\u0259r\u0259kat\u0131na qo\u015fulanda t\u0259nqidl\u0259r s\u0259sl\u0259nirdi. Amma 2019-2022-ci ill\u0259d Az\u0259rbaycan\u0131n bu quruma s\u0259drliyi imkan verdi ki, Qo\u015fulmama H\u0259r\u0259kat\u0131 n\u00fcfuz qazans\u0131n. H\u0259m\u00e7inin, Az\u0259rbaycan\u0131n COP29-a effektiv s\u0259drliyi n\u0259tic\u0259sind\u0259 m\u00fch\u00fcm q\u0259rarlar q\u0259bul edildi. Eyni zamanda, Az\u0259rbaycan T\u00fcrk D\u00f6vl\u0259tl\u0259ri T\u0259\u015fkilat\u0131nda da m\u00fch\u00fcm rol oynamaqdad\u0131r. Biz h\u0259m\u00e7inin, D 8 t\u0259\u015fkilat\u0131na qo\u015fulmu\u015fuq. Qlobal s\u0259viyy\u0259d\u0259 \u00e7oxt\u0259r\u0259flilikd\u0259 m\u00fc\u0259yy\u0259n siyasi irad\u0259nin olmamas\u0131 bariz \u015f\u0259kild\u0259 g\u00f6r\u00fcn\u00fcr. Dig\u0259r t\u0259r\u0259fd\u0259n, m\u00fc\u0259yy\u0259n \u00e7oxt\u0259r\u0259fli t\u0259\u015fkilatlar t\u0259nqid\u0259 m\u0259ruz qal\u0131r, \u00e7\u00fcnki hesabatl\u0131l\u0131qlar\u0131 yoxdur. Beyn\u0259lxalq t\u0259\u015fkilatlar\u0131n probleml\u0259rimizi h\u0259ll etm\u0259sini g\u00f6zl\u0259mirik. M\u00fcst\u0259qilliyin ilk ill\u0259rind\u0259 b\u0259zi g\u00f6zl\u0259ntil\u0259rimiz vard\u0131, amma AT\u018fT b\u00f6lg\u0259d\u0259ki m\u00fcnaqi\u015f\u0259l\u0259ri h\u0259ll ed\u0259 bilm\u0259di, Minsk qrupu iflasa u\u011frad\u0131. N\u0259tic\u0259d\u0259 biz h\u0259rbi v\u0259 siyasi vasit\u0259l\u0259rl\u0259 m\u00fcnaqi\u015f\u0259ni h\u0259ll etdik v\u0259 s\u00fclh \u015f\u0259raitin\u0259 nail olduq. Haz\u0131rda Az\u0259rbaycan v\u0259 Erm\u0259nistan s\u00fclh v\u0259 \u0259m\u0259kda\u015fl\u0131q prinsipl\u0259ri \u0259sas\u0131nda \u0259laq\u0259l\u0259rini davam etdirir\u201d, &#8211; dey\u0259, Prezidentin k\u00f6m\u0259k\u00e7isi \u0259lav\u0259 edib.<\/p>\n","protected":false},"excerpt":{"rendered":"<p>Az\u0259rbaycan Respublikas\u0131 Prezidentinin k\u00f6m\u0259k\u00e7isi, Prezident Administrasiyas\u0131n\u0131n Xarici siyas\u0259t m\u0259s\u0259l\u0259l\u0259ri \u015f\u00f6b\u0259sinin m\u00fcdiri Hikm\u0259t Hac\u0131yev XIII Qlobal Bak\u0131 Forumunun \u201cB\u00f6hranda \u00e7oxt\u0259r\u0259flilik: Qlobal \u018fm\u0259kda\u015fl\u0131\u011f\u0131n Yenid\u0259n N\u0259z\u0259rd\u0259n Ke\u00e7irilm\u0259si\u201d adl\u0131 panelind\u0259 \u00e7\u0131x\u0131\u015f edib. Musavat.com\u00a0x\u0259b\u0259r verir ki, Hikm\u0259t Hac\u0131yev \u00e7\u0131x\u0131\u015f\u0131nda qlobal \u00e7oxt\u0259r\u0259flilik v\u0259 t\u0259hl\u00fck\u0259sizlik sah\u0259sind\u0259ki b\u00f6hranlar\u0131 diqq\u0259t\u0259 \u00e7atd\u0131r\u0131b. O, bildirib ki, d\u00fcnyada \u00e7oxt\u0259r\u0259flilik prinsipl\u0259rinin t\u0259tbiqi, s\u00fclh v\u0259 t\u0259hl\u00fck\u0259sizlik m\u0259s\u0259l\u0259l\u0259rind\u0259 ciddi \u00e7at\u0131\u015fmazl\u0131qlar m\u00f6vcuddur. Onun s\u00f6zl\u0259rin\u0259 g\u00f6r\u0259, bu v\u0259ziyy\u0259t birba\u015fa BMT T\u0259hl\u00fck\u0259sizlik \u015euras\u0131n\u0131n mandat\u0131n\u0131n s\u0259m\u0259r\u0259sizliyi il\u0259 ba\u011fl\u0131d\u0131r: \u201cBMT T\u015e-nin qlobal m\u0259s\u0259l\u0259l\u0259rin h\u0259llind\u0259 i\u015ftirak\u0131 \u00e7ox z\u0259ifdir. S\u00fclh v\u0259 t\u0259hl\u00fck\u0259sizlik sah\u0259sind\u0259ki b\u00f6hranlar g\u00f6st\u0259rir ki, \u00e7oxt\u0259r\u0259flilik yaln\u0131z s\u00f6zl\u0259 deyil, \u0259m\u0259ld\u0259 h\u0259yata&hellip;<\/p>\n","protected":false},"author":2,"featured_media":844328,"comment_status":"closed","ping_status":"closed","sticky":false,"template":"","format":"standard","meta":{"om_disable_all_campaigns":false,"_monsterinsights_skip_tracking":false,"_monsterinsights_sitenote_active":false,"_monsterinsights_sitenote_note":"","_monsterinsights_sitenote_category":0},"categories":[19],"tags":[],"aioseo_notices":[],"gutentor_comment":0,"rttpg_featured_image_url":{"full":["https:\/\/arantv.az\/wp-content\/uploads\/2026\/03\/b73a8e7f7b9fe2be1f1471dbb4fe03f7.jpg",870,500,false],"landscape":["https:\/\/arantv.az\/wp-content\/uploads\/2026\/03\/b73a8e7f7b9fe2be1f1471dbb4fe03f7.jpg",870,500,false],"portraits":["https:\/\/arantv.az\/wp-content\/uploads\/2026\/03\/b73a8e7f7b9fe2be1f1471dbb4fe03f7.jpg",870,500,false],"thumbnail":["https:\/\/arantv.az\/wp-content\/uploads\/2026\/03\/b73a8e7f7b9fe2be1f1471dbb4fe03f7-500x280.jpg",500,280,true],"medium":["https:\/\/arantv.az\/wp-content\/uploads\/2026\/03\/b73a8e7f7b9fe2be1f1471dbb4fe03f7-635x365.jpg",635,365,true],"large":["https:\/\/arantv.az\/wp-content\/uploads\/2026\/03\/b73a8e7f7b9fe2be1f1471dbb4fe03f7-840x483.jpg",640,368,true],"1536x1536":["https:\/\/arantv.az\/wp-content\/uploads\/2026\/03\/b73a8e7f7b9fe2be1f1471dbb4fe03f7.jpg",870,500,false],"2048x2048":["https:\/\/arantv.az\/wp-content\/uploads\/2026\/03\/b73a8e7f7b9fe2be1f1471dbb4fe03f7.jpg",870,500,false],"post-thumbnail":["https:\/\/arantv.az\/wp-content\/uploads\/2026\/03\/b73a8e7f7b9fe2be1f1471dbb4fe03f7-240x172.jpg",240,172,true],"advps-thumb-one":["https:\/\/arantv.az\/wp-content\/uploads\/2026\/03\/b73a8e7f7b9fe2be1f1471dbb4fe03f7.jpg",870,500,false]},"rttpg_author":{"display_name":"V\u00fcsal Rafiqo\u011flu","author_link":"https:\/\/arantv.az\/?author=2"},"rttpg_comment":0,"rttpg_category":"<a href=\"https:\/\/arantv.az\/?cat=19\" rel=\"category\">G\u00fcnd\u0259m<\/a>","rttpg_excerpt":"Az\u0259rbaycan Respublikas\u0131 Prezidentinin k\u00f6m\u0259k\u00e7isi, Prezident Administrasiyas\u0131n\u0131n Xarici siyas\u0259t m\u0259s\u0259l\u0259l\u0259ri \u015f\u00f6b\u0259sinin m\u00fcdiri Hikm\u0259t Hac\u0131yev XIII Qlobal Bak\u0131 Forumunun \u201cB\u00f6hranda \u00e7oxt\u0259r\u0259flilik: Qlobal \u018fm\u0259kda\u015fl\u0131\u011f\u0131n Yenid\u0259n N\u0259z\u0259rd\u0259n Ke\u00e7irilm\u0259si\u201d adl\u0131 panelind\u0259 \u00e7\u0131x\u0131\u015f edib. Musavat.com\u00a0x\u0259b\u0259r verir ki, Hikm\u0259t Hac\u0131yev \u00e7\u0131x\u0131\u015f\u0131nda qlobal \u00e7oxt\u0259r\u0259flilik v\u0259 t\u0259hl\u00fck\u0259sizlik sah\u0259sind\u0259ki b\u00f6hranlar\u0131 diqq\u0259t\u0259 \u00e7atd\u0131r\u0131b. O, bildirib ki, d\u00fcnyada \u00e7oxt\u0259r\u0259flilik prinsipl\u0259rinin t\u0259tbiqi, s\u00fclh v\u0259 t\u0259hl\u00fck\u0259sizlik m\u0259s\u0259l\u0259l\u0259rind\u0259 ciddi \u00e7at\u0131\u015fmazl\u0131qlar&hellip;","_links":{"self":[{"href":"https:\/\/arantv.az\/index.php?rest_route=\/wp\/v2\/posts\/844327"}],"collection":[{"href":"https:\/\/arantv.az\/index.php?rest_route=\/wp\/v2\/posts"}],"about":[{"href":"https:\/\/arantv.az\/index.php?rest_route=\/wp\/v2\/types\/post"}],"author":[{"embeddable":true,"href":"https:\/\/arantv.az\/index.php?rest_route=\/wp\/v2\/users\/2"}],"replies":[{"embeddable":true,"href":"https:\/\/arantv.az\/index.php?rest_route=%2Fwp%2Fv2%2Fcomments&post=844327"}],"version-history":[{"count":1,"href":"https:\/\/arantv.az\/index.php?rest_route=\/wp\/v2\/posts\/844327\/revisions"}],"predecessor-version":[{"id":844329,"href":"https:\/\/arantv.az\/index.php?rest_route=\/wp\/v2\/posts\/844327\/revisions\/844329"}],"wp:featuredmedia":[{"embeddable":true,"href":"https:\/\/arantv.az\/index.php?rest_route=\/wp\/v2\/media\/844328"}],"wp:attachment":[{"href":"https:\/\/arantv.az\/index.php?rest_route=%2Fwp%2Fv2%2Fmedia&parent=844327"}],"wp:term":[{"taxonomy":"category","embeddable":true,"href":"https:\/\/arantv.az\/index.php?rest_route=%2Fwp%2Fv2%2Fcategories&post=844327"},{"taxonomy":"post_tag","embeddable":true,"href":"https:\/\/arantv.az\/index.php?rest_route=%2Fwp%2Fv2%2Ftags&post=844327"}],"curies":[{"name":"wp","href":"https:\/\/api.w.org\/{rel}","templated":true}]}}