{"id":844341,"date":"2026-03-12T20:42:29","date_gmt":"2026-03-12T16:42:29","guid":{"rendered":"https:\/\/arantv.az\/?p=844341"},"modified":"2026-03-12T20:42:29","modified_gmt":"2026-03-12T16:42:29","slug":"kisil%c9%99r-ilkin-h%c9%99rbi-qeydiyyata-bel%c9%99-alinacaq-bas-nazir-t%c9%99sdiql%c9%99di","status":"publish","type":"post","link":"https:\/\/arantv.az\/?p=844341","title":{"rendered":"Ki\u015fil\u0259r ilkin h\u0259rbi qeydiyyata bel\u0259 al\u0131nacaq &#8211; Ba\u015f nazir t\u0259sdiql\u0259di"},"content":{"rendered":"<p><strong>\u201cAz\u0259rbaycan Respublikas\u0131n\u0131n ki\u015fi cinsli v\u0259t\u0259nda\u015flar\u0131n\u0131n ilkin h\u0259rbi qeydiyyata al\u0131nmas\u0131 Qaydas\u0131\u201d t\u0259sdiql\u0259nib.<\/strong><\/p>\n<p><strong>Musavat.com<\/strong>\u00a0x\u0259b\u0259r verir ki, bununla ba\u011fl\u0131 Ba\u015f nazir \u018fli \u018fs\u0259dov Q\u0259rar imzalay\u0131b.<\/p>\n<p>Qayda S\u0259f\u0259rb\u0259rlik v\u0259 H\u0259rbi Xidm\u0259t\u0259 \u00c7a\u011f\u0131r\u0131\u015f \u00fczr\u0259 D\u00f6vl\u0259t Xidm\u0259tinin yerli ba\u015f idar\u0259, idar\u0259, \u015f\u00f6b\u0259 v\u0259 b\u00f6lm\u0259l\u0259rind\u0259 cari ild\u0259 15 ya\u015f\u0131 tamam olan 18 ya\u015f\u0131nad\u0259k Az\u0259rbaycan Respublikas\u0131n\u0131n ki\u015fi cinsli v\u0259t\u0259nda\u015flar\u0131n\u0131n (bundan sonra \u2013 \u00e7a\u011f\u0131r\u0131\u015faq\u0259d\u0259r ya\u015f h\u0259ddind\u0259 olan v\u0259t\u0259nda\u015flar) ilkin h\u0259rbi qeydiyyata al\u0131nmas\u0131 qaydas\u0131n\u0131 m\u00fc\u0259yy\u0259n edir.<\/p>\n<p>\u00c7a\u011f\u0131r\u0131\u015faq\u0259d\u0259r ya\u015f h\u0259ddind\u0259 olan v\u0259t\u0259nda\u015flar\u0131n Xidm\u0259tin strukturuna daxil olan qurumlarda ilkin h\u0259rbi qeydiyyata al\u0131nmas\u0131 onlar\u0131n m\u00fcdd\u0259tli h\u0259qiqi h\u0259rbi xidm\u0259t\u0259 yararl\u0131l\u0131\u011f\u0131n\u0131n ilkin olaraq m\u00fc\u0259yy\u0259n olunmas\u0131, h\u0259rbi xidm\u0259t\u0259 m\u00fcv\u0259qq\u0259ti yarars\u0131z hesab edilmi\u015f \u015f\u0259xsl\u0259rin m\u00fcalic\u0259sinin t\u0259\u015fkil edilm\u0259si v\u0259 m\u00fcdd\u0259tli h\u0259qiqi h\u0259rbi xidm\u0259t\u0259 \u00e7a\u011f\u0131r\u0131\u015f resursunun formala\u015fd\u0131r\u0131lmas\u0131 m\u0259qs\u0259dil\u0259 h\u0259yata ke\u00e7irilir. \u00c7a\u011f\u0131r\u0131\u015faq\u0259d\u0259r ya\u015f h\u0259ddind\u0259 olan v\u0259t\u0259nda\u015flar\u0131n ilkin h\u0259rbi qeydiyyata al\u0131nmas\u0131 h\u0259rbi v\u0259zif\u0259 il\u0259 ba\u011fl\u0131 \u00f6hd\u0259liyin yerin\u0259 yetirilm\u0259sidir.<\/p>\n<p>H\u0259r il yanvar-may aylar\u0131 \u0259rzind\u0259 h\u0259min il 15 ya\u015f\u0131 tamam olan Az\u0259rbaycan Respublikas\u0131n\u0131n ki\u015fi cinsli v\u0259t\u0259nda\u015flar\u0131 ya\u015fay\u0131\u015f v\u0259 ya oldu\u011fu yer \u00fczr\u0259 Xidm\u0259tin strukturuna daxil olan qurumlarda bu Qaydaya uy\u011fun ilkin h\u0259rbi qeydiyyata al\u0131nmal\u0131d\u0131rlar.<\/p>\n<p>\u00c7a\u011f\u0131r\u0131\u015faq\u0259d\u0259r ya\u015f h\u0259ddind\u0259 olan v\u0259t\u0259nda\u015flar\u0131n ilkin h\u0259rbi qeydiyyata al\u0131nmas\u0131 a\u015fa\u011f\u0131dak\u0131 s\u0259n\u0259dl\u0259r \u0259sas\u0131nda h\u0259yata ke\u00e7irilir:<\/p>\n<p>&#8211; do\u011fum haqq\u0131nda \u015f\u0259had\u0259tnam\u0259nin sur\u0259ti;<\/p>\n<p>&#8211; ail\u0259 t\u0259rkibi haqq\u0131nda aray\u0131\u015f;<\/p>\n<p>&#8211; t\u0259hsil haqq\u0131nda s\u0259n\u0259d (t\u0259hsil m\u00fc\u0259ssis\u0259sini bitir\u0259nl\u0259r \u00fc\u00e7\u00fcn);<\/p>\n<p>&#8211; t\u0259hsil (t\u0259hsil m\u00fc\u0259ssis\u0259sini bitirm\u0259y\u0259nl\u0259r \u00fc\u00e7\u00fcn) v\u0259 ya i\u015f yerind\u0259n aray\u0131\u015f;<\/p>\n<p>&#8211; t\u0259rc\u00fcmeyi-hal;<\/p>\n<p>&#8211; 6 \u0259d\u0259d 3&#215;4 sm \u00f6l\u00e7\u00fcd\u0259 foto\u015f\u0259kil.<\/p>\n<p>G\u00f6st\u0259ril\u0259n s\u0259n\u0259dl\u0259rin Elektron H\u00f6kum\u0259t \u0130nformasiya Sistemi (EH\u0130S) vasit\u0259sil\u0259 m\u00fcvafiq d\u00f6vl\u0259t orqan\u0131ndan (qurumundan) \u0259ld\u0259 edilm\u0259si m\u00fcmk\u00fcn olduqda, h\u0259min s\u0259n\u0259dl\u0259r v\u0259t\u0259nda\u015fdan t\u0259l\u0259b edilmir. Bel\u0259 s\u0259n\u0259dl\u0259rin EH\u0130S vasit\u0259sil\u0259 \u0259ld\u0259 edilm\u0259si m\u00fcmk\u00fcn olmad\u0131\u011f\u0131 hallarda onlar\u0131n t\u0259qdim edilm\u0259si v\u0259t\u0259nda\u015f\u0131n raz\u0131l\u0131\u011f\u0131 il\u0259 sor\u011fu \u0259sas\u0131nda m\u00fcvafiq d\u00f6vl\u0259t orqan\u0131ndan (qurumundan) t\u0259l\u0259b olunur v\u0259 ya v\u0259t\u0259nda\u015f t\u0259r\u0259find\u0259n t\u0259min edilir.<\/p>\n<p>&nbsp;<\/p>\n","protected":false},"excerpt":{"rendered":"<p>\u201cAz\u0259rbaycan Respublikas\u0131n\u0131n ki\u015fi cinsli v\u0259t\u0259nda\u015flar\u0131n\u0131n ilkin h\u0259rbi qeydiyyata al\u0131nmas\u0131 Qaydas\u0131\u201d t\u0259sdiql\u0259nib. Musavat.com\u00a0x\u0259b\u0259r verir ki, bununla ba\u011fl\u0131 Ba\u015f nazir \u018fli \u018fs\u0259dov Q\u0259rar imzalay\u0131b. Qayda S\u0259f\u0259rb\u0259rlik v\u0259 H\u0259rbi Xidm\u0259t\u0259 \u00c7a\u011f\u0131r\u0131\u015f \u00fczr\u0259 D\u00f6vl\u0259t Xidm\u0259tinin yerli ba\u015f idar\u0259, idar\u0259, \u015f\u00f6b\u0259 v\u0259 b\u00f6lm\u0259l\u0259rind\u0259 cari ild\u0259 15 ya\u015f\u0131 tamam olan 18 ya\u015f\u0131nad\u0259k Az\u0259rbaycan Respublikas\u0131n\u0131n ki\u015fi cinsli v\u0259t\u0259nda\u015flar\u0131n\u0131n (bundan sonra \u2013 \u00e7a\u011f\u0131r\u0131\u015faq\u0259d\u0259r ya\u015f h\u0259ddind\u0259 olan v\u0259t\u0259nda\u015flar) ilkin h\u0259rbi qeydiyyata al\u0131nmas\u0131 qaydas\u0131n\u0131 m\u00fc\u0259yy\u0259n edir. \u00c7a\u011f\u0131r\u0131\u015faq\u0259d\u0259r ya\u015f h\u0259ddind\u0259 olan v\u0259t\u0259nda\u015flar\u0131n Xidm\u0259tin strukturuna daxil olan qurumlarda ilkin h\u0259rbi qeydiyyata al\u0131nmas\u0131 onlar\u0131n m\u00fcdd\u0259tli h\u0259qiqi h\u0259rbi xidm\u0259t\u0259 yararl\u0131l\u0131\u011f\u0131n\u0131n ilkin olaraq m\u00fc\u0259yy\u0259n olunmas\u0131,&hellip;<\/p>\n","protected":false},"author":2,"featured_media":844342,"comment_status":"closed","ping_status":"closed","sticky":false,"template":"","format":"standard","meta":{"om_disable_all_campaigns":false,"_monsterinsights_skip_tracking":false,"_monsterinsights_sitenote_active":false,"_monsterinsights_sitenote_note":"","_monsterinsights_sitenote_category":0},"categories":[19],"tags":[],"aioseo_notices":[],"gutentor_comment":0,"rttpg_featured_image_url":{"full":["https:\/\/arantv.az\/wp-content\/uploads\/2026\/03\/c76ec08d18e9ad4495a02fbfe7ad084e.jpg",870,500,false],"landscape":["https:\/\/arantv.az\/wp-content\/uploads\/2026\/03\/c76ec08d18e9ad4495a02fbfe7ad084e.jpg",870,500,false],"portraits":["https:\/\/arantv.az\/wp-content\/uploads\/2026\/03\/c76ec08d18e9ad4495a02fbfe7ad084e.jpg",870,500,false],"thumbnail":["https:\/\/arantv.az\/wp-content\/uploads\/2026\/03\/c76ec08d18e9ad4495a02fbfe7ad084e-500x280.jpg",500,280,true],"medium":["https:\/\/arantv.az\/wp-content\/uploads\/2026\/03\/c76ec08d18e9ad4495a02fbfe7ad084e-635x365.jpg",635,365,true],"large":["https:\/\/arantv.az\/wp-content\/uploads\/2026\/03\/c76ec08d18e9ad4495a02fbfe7ad084e-840x483.jpg",640,368,true],"1536x1536":["https:\/\/arantv.az\/wp-content\/uploads\/2026\/03\/c76ec08d18e9ad4495a02fbfe7ad084e.jpg",870,500,false],"2048x2048":["https:\/\/arantv.az\/wp-content\/uploads\/2026\/03\/c76ec08d18e9ad4495a02fbfe7ad084e.jpg",870,500,false],"post-thumbnail":["https:\/\/arantv.az\/wp-content\/uploads\/2026\/03\/c76ec08d18e9ad4495a02fbfe7ad084e-240x172.jpg",240,172,true],"advps-thumb-one":["https:\/\/arantv.az\/wp-content\/uploads\/2026\/03\/c76ec08d18e9ad4495a02fbfe7ad084e.jpg",870,500,false]},"rttpg_author":{"display_name":"V\u00fcsal Rafiqo\u011flu","author_link":"https:\/\/arantv.az\/?author=2"},"rttpg_comment":0,"rttpg_category":"<a href=\"https:\/\/arantv.az\/?cat=19\" rel=\"category\">G\u00fcnd\u0259m<\/a>","rttpg_excerpt":"\u201cAz\u0259rbaycan Respublikas\u0131n\u0131n ki\u015fi cinsli v\u0259t\u0259nda\u015flar\u0131n\u0131n ilkin h\u0259rbi qeydiyyata al\u0131nmas\u0131 Qaydas\u0131\u201d t\u0259sdiql\u0259nib. Musavat.com\u00a0x\u0259b\u0259r verir ki, bununla ba\u011fl\u0131 Ba\u015f nazir \u018fli \u018fs\u0259dov Q\u0259rar imzalay\u0131b. Qayda S\u0259f\u0259rb\u0259rlik v\u0259 H\u0259rbi Xidm\u0259t\u0259 \u00c7a\u011f\u0131r\u0131\u015f \u00fczr\u0259 D\u00f6vl\u0259t Xidm\u0259tinin yerli ba\u015f idar\u0259, idar\u0259, \u015f\u00f6b\u0259 v\u0259 b\u00f6lm\u0259l\u0259rind\u0259 cari ild\u0259 15 ya\u015f\u0131 tamam olan 18 ya\u015f\u0131nad\u0259k Az\u0259rbaycan Respublikas\u0131n\u0131n ki\u015fi cinsli v\u0259t\u0259nda\u015flar\u0131n\u0131n (bundan sonra \u2013 \u00e7a\u011f\u0131r\u0131\u015faq\u0259d\u0259r&hellip;","_links":{"self":[{"href":"https:\/\/arantv.az\/index.php?rest_route=\/wp\/v2\/posts\/844341"}],"collection":[{"href":"https:\/\/arantv.az\/index.php?rest_route=\/wp\/v2\/posts"}],"about":[{"href":"https:\/\/arantv.az\/index.php?rest_route=\/wp\/v2\/types\/post"}],"author":[{"embeddable":true,"href":"https:\/\/arantv.az\/index.php?rest_route=\/wp\/v2\/users\/2"}],"replies":[{"embeddable":true,"href":"https:\/\/arantv.az\/index.php?rest_route=%2Fwp%2Fv2%2Fcomments&post=844341"}],"version-history":[{"count":2,"href":"https:\/\/arantv.az\/index.php?rest_route=\/wp\/v2\/posts\/844341\/revisions"}],"predecessor-version":[{"id":844344,"href":"https:\/\/arantv.az\/index.php?rest_route=\/wp\/v2\/posts\/844341\/revisions\/844344"}],"wp:featuredmedia":[{"embeddable":true,"href":"https:\/\/arantv.az\/index.php?rest_route=\/wp\/v2\/media\/844342"}],"wp:attachment":[{"href":"https:\/\/arantv.az\/index.php?rest_route=%2Fwp%2Fv2%2Fmedia&parent=844341"}],"wp:term":[{"taxonomy":"category","embeddable":true,"href":"https:\/\/arantv.az\/index.php?rest_route=%2Fwp%2Fv2%2Fcategories&post=844341"},{"taxonomy":"post_tag","embeddable":true,"href":"https:\/\/arantv.az\/index.php?rest_route=%2Fwp%2Fv2%2Ftags&post=844341"}],"curies":[{"name":"wp","href":"https:\/\/api.w.org\/{rel}","templated":true}]}}