{"id":844345,"date":"2026-03-12T20:45:40","date_gmt":"2026-03-12T16:45:40","guid":{"rendered":"https:\/\/arantv.az\/?p=844345"},"modified":"2026-03-12T20:45:40","modified_gmt":"2026-03-12T16:45:40","slug":"fuzulid%c9%99-mina-partladi-coban-h%c9%99lak-oldu","status":"publish","type":"post","link":"https:\/\/arantv.az\/?p=844345","title":{"rendered":"F\u00fczulid\u0259 mina partlad\u0131 &#8211; \u00c7oban h\u0259lak oldu"},"content":{"rendered":"<p><strong>F\u00fczuli rayonunda mina partlay\u0131b, \u00f6l\u0259n var.<\/strong><\/p>\n<p>Hadis\u0259 rayonun A\u015fa\u011f\u0131 Veys\u0259lli k\u0259ndi \u0259razisind\u0259 ba\u015f verib.<\/p>\n<p>M\u0259lumata g\u00f6r\u0259, A\u011fdam rayonu sakini, 1968-ci il t\u0259v\u0259ll\u00fcdl\u00fc \u00e7oban Hac\u0131yev Ramil Ma\u015fallah o\u011flu \u0259razid\u0259 atla h\u0259r\u0259k\u0259td\u0259 olark\u0259n minaya d\u00fc\u015f\u00fcb.<\/p>\n<p>N\u0259tic\u0259d\u0259 \u00e7oban \u00f6l\u00fcb, at\u0131 is\u0259 t\u0259l\u0259f olub.<\/p>\n<p>Faktla ba\u011fl\u0131 ara\u015fd\u0131rma apar\u0131l\u0131r.\/\/\u201cQafqazinfo\u201d<\/p>\n","protected":false},"excerpt":{"rendered":"<p>F\u00fczuli rayonunda mina partlay\u0131b, \u00f6l\u0259n var. Hadis\u0259 rayonun A\u015fa\u011f\u0131 Veys\u0259lli k\u0259ndi \u0259razisind\u0259 ba\u015f verib. M\u0259lumata g\u00f6r\u0259, A\u011fdam rayonu sakini, 1968-ci il t\u0259v\u0259ll\u00fcdl\u00fc \u00e7oban Hac\u0131yev Ramil Ma\u015fallah o\u011flu \u0259razid\u0259 atla h\u0259r\u0259k\u0259td\u0259 olark\u0259n minaya d\u00fc\u015f\u00fcb. N\u0259tic\u0259d\u0259 \u00e7oban \u00f6l\u00fcb, at\u0131 is\u0259 t\u0259l\u0259f olub. Faktla ba\u011fl\u0131 ara\u015fd\u0131rma apar\u0131l\u0131r.\/\/\u201cQafqazinfo\u201d<\/p>\n","protected":false},"author":2,"featured_media":844346,"comment_status":"closed","ping_status":"closed","sticky":false,"template":"","format":"standard","meta":{"om_disable_all_campaigns":false,"_monsterinsights_skip_tracking":false,"_monsterinsights_sitenote_active":false,"_monsterinsights_sitenote_note":"","_monsterinsights_sitenote_category":0},"categories":[5],"tags":[],"aioseo_notices":[],"gutentor_comment":0,"rttpg_featured_image_url":{"full":["https:\/\/arantv.az\/wp-content\/uploads\/2026\/03\/1b3351144904114411e5436547afccd0.jpg",637,400,false],"landscape":["https:\/\/arantv.az\/wp-content\/uploads\/2026\/03\/1b3351144904114411e5436547afccd0.jpg",637,400,false],"portraits":["https:\/\/arantv.az\/wp-content\/uploads\/2026\/03\/1b3351144904114411e5436547afccd0.jpg",637,400,false],"thumbnail":["https:\/\/arantv.az\/wp-content\/uploads\/2026\/03\/1b3351144904114411e5436547afccd0-500x280.jpg",500,280,true],"medium":["https:\/\/arantv.az\/wp-content\/uploads\/2026\/03\/1b3351144904114411e5436547afccd0-581x365.jpg",581,365,true],"large":["https:\/\/arantv.az\/wp-content\/uploads\/2026\/03\/1b3351144904114411e5436547afccd0.jpg",637,400,false],"1536x1536":["https:\/\/arantv.az\/wp-content\/uploads\/2026\/03\/1b3351144904114411e5436547afccd0.jpg",637,400,false],"2048x2048":["https:\/\/arantv.az\/wp-content\/uploads\/2026\/03\/1b3351144904114411e5436547afccd0.jpg",637,400,false],"post-thumbnail":["https:\/\/arantv.az\/wp-content\/uploads\/2026\/03\/1b3351144904114411e5436547afccd0-240x172.jpg",240,172,true],"advps-thumb-one":["https:\/\/arantv.az\/wp-content\/uploads\/2026\/03\/1b3351144904114411e5436547afccd0.jpg",637,400,false]},"rttpg_author":{"display_name":"V\u00fcsal Rafiqo\u011flu","author_link":"https:\/\/arantv.az\/?author=2"},"rttpg_comment":0,"rttpg_category":"<a href=\"https:\/\/arantv.az\/?cat=5\" rel=\"category\">Hadis\u0259<\/a>","rttpg_excerpt":"F\u00fczuli rayonunda mina partlay\u0131b, \u00f6l\u0259n var. Hadis\u0259 rayonun A\u015fa\u011f\u0131 Veys\u0259lli k\u0259ndi \u0259razisind\u0259 ba\u015f verib. M\u0259lumata g\u00f6r\u0259, A\u011fdam rayonu sakini, 1968-ci il t\u0259v\u0259ll\u00fcdl\u00fc \u00e7oban Hac\u0131yev Ramil Ma\u015fallah o\u011flu \u0259razid\u0259 atla h\u0259r\u0259k\u0259td\u0259 olark\u0259n minaya d\u00fc\u015f\u00fcb. N\u0259tic\u0259d\u0259 \u00e7oban \u00f6l\u00fcb, at\u0131 is\u0259 t\u0259l\u0259f olub. Faktla ba\u011fl\u0131 ara\u015fd\u0131rma apar\u0131l\u0131r.\/\/\u201cQafqazinfo\u201d","_links":{"self":[{"href":"https:\/\/arantv.az\/index.php?rest_route=\/wp\/v2\/posts\/844345"}],"collection":[{"href":"https:\/\/arantv.az\/index.php?rest_route=\/wp\/v2\/posts"}],"about":[{"href":"https:\/\/arantv.az\/index.php?rest_route=\/wp\/v2\/types\/post"}],"author":[{"embeddable":true,"href":"https:\/\/arantv.az\/index.php?rest_route=\/wp\/v2\/users\/2"}],"replies":[{"embeddable":true,"href":"https:\/\/arantv.az\/index.php?rest_route=%2Fwp%2Fv2%2Fcomments&post=844345"}],"version-history":[{"count":1,"href":"https:\/\/arantv.az\/index.php?rest_route=\/wp\/v2\/posts\/844345\/revisions"}],"predecessor-version":[{"id":844347,"href":"https:\/\/arantv.az\/index.php?rest_route=\/wp\/v2\/posts\/844345\/revisions\/844347"}],"wp:featuredmedia":[{"embeddable":true,"href":"https:\/\/arantv.az\/index.php?rest_route=\/wp\/v2\/media\/844346"}],"wp:attachment":[{"href":"https:\/\/arantv.az\/index.php?rest_route=%2Fwp%2Fv2%2Fmedia&parent=844345"}],"wp:term":[{"taxonomy":"category","embeddable":true,"href":"https:\/\/arantv.az\/index.php?rest_route=%2Fwp%2Fv2%2Fcategories&post=844345"},{"taxonomy":"post_tag","embeddable":true,"href":"https:\/\/arantv.az\/index.php?rest_route=%2Fwp%2Fv2%2Ftags&post=844345"}],"curies":[{"name":"wp","href":"https:\/\/api.w.org\/{rel}","templated":true}]}}