{"id":844366,"date":"2026-03-13T10:46:22","date_gmt":"2026-03-13T06:46:22","guid":{"rendered":"https:\/\/arantv.az\/?p=844366"},"modified":"2026-03-13T10:46:22","modified_gmt":"2026-03-13T06:46:22","slug":"s%c9%99rh%c9%99dimizd%c9%99-8000-ci-plan-revizorlar-h%c9%99l%c9%99-d%c9%99-n%c9%99-axtarir","status":"publish","type":"post","link":"https:\/\/arantv.az\/?p=844366","title":{"rendered":"S\u0259rh\u0259dimizd\u0259 8000-ci PLAN \u2013 \u201cRevizor\u201dlar h\u0259l\u0259 d\u0259 n\u0259 axtar\u0131r&#8230;"},"content":{"rendered":"<p><strong>Avropa \u0130ttifaq\u0131n\u0131n (A\u0130) m\u00fc\u015fahid\u0259\u00e7il\u0259ri Erm\u0259nistan-Az\u0259rbaycan s\u0259rh\u0259dind\u0259 8000-ci patrul missiyas\u0131n\u0131 qeyd edibl\u0259r. Musavat.com yaz\u0131r ki, Az\u0259rbaycanla Erm\u0259nistan aras\u0131nda s\u00fclh m\u00fcqavil\u0259sinin paraflanmas\u0131ndan 7 ay \u00f6td\u00fckd\u0259n sonra Avropa \u0130ttifaq\u0131 missiyas\u0131n\u0131n iki \u00f6lk\u0259nin \u015f\u0259rti s\u0259rh\u0259dind\u0259 hans\u0131 at\u0259\u015fk\u0259s rejiminin monitorinqini apard\u0131qlar\u0131 sual do\u011furur<\/strong>.<\/p>\n<p>Faktiki olaraq, h\u0259m Az\u0259rbaycan, h\u0259m d\u0259 Erm\u0259nistan r\u0259hb\u0259rliyi \u015f\u0259rti s\u0259rh\u0259dd\u0259 at\u0259\u015fk\u0259s rejimin\u0259 tam \u0259m\u0259l edildiyini v\u0259 s\u00fclh \u015f\u0259raitinin h\u00f6km s\u00fcrd\u00fcy\u00fcn\u00fc d\u0259f\u0259l\u0259rl\u0259 b\u0259yan edib. Az\u0259rbaycanla Erm\u0259nistan aras\u0131nda tranzit y\u00fckl\u0259rin da\u015f\u0131nmas\u0131 v\u0259 birba\u015fa ticar\u0259tin b\u0259rpas\u0131n\u0131 bura \u0259lav\u0259 ets\u0259k, avropal\u0131 m\u00fc\u015fahid\u0259\u00e7il\u0259r\u0259, \u00fcmumiyy\u0259tl\u0259, ehtiyac qalm\u0131r. Son g\u00fcnl\u0259r Az\u0259rbaycan Erm\u0259nistana n\u00f6vb\u0259ti 1984 ton v\u0259 ya 31 vaqon dizel yanaca\u011f\u0131 g\u00f6nd\u0259rib. Erm\u0259nistan T\u0259hl\u00fck\u0259sizlik \u015euras\u0131n\u0131n katibi Armen Qriqoryan \u00f6t\u0259n ay verdiyi a\u00e7\u0131qlamada Avropa \u0130ttifaq\u0131n\u0131n m\u00fclki missiyas\u0131n\u0131n qalmaqda davam etm\u0259sini ist\u0259dikl\u0259rini deyib. Bu da \u00f6z n\u00f6vb\u0259sind\u0259 \u201cErm\u0259nistan s\u00fclh ist\u0259yirs\u0259, m\u00fc\u015fahid\u0259 missiyas\u0131n\u0131 saxlama\u011fa ehtiyac varm\u0131\u201d sual\u0131n\u0131 do\u011furur.<\/p>\n<p><strong>\u00dcst\u0259lik, A\u0130 \u015euras\u0131 prezidenti Ko\u015fta Bak\u0131ya g\u0259ldiyi halda, Br\u00fcsselin bu patrul oyunu n\u0259y\u0259 hesablan\u0131b?<\/strong><\/p>\n<p><img src=\"https:\/\/yenicag.az\/app\/storage\/2023\/01\/missiya.jpg\" alt=\"A\u0130-nin Erm\u0259nistandak\u0131 \u201cM\u0130SS\u0130YA\u201dSI: \u201cRegiona k\u0259nar oyun\u00e7ular\u0131 c\u0259lb etm\u0259k  c\u0259hdl\u0259ri\u2026\u201d - \u015e\u018fRH - Yeni \u00c7a\u011f\" \/><\/p>\n<p><strong>Deputat El\u015fad Musayev Musavat.com-a a\u00e7\u0131qlamas\u0131nda &#8220;m\u00fclki missiya&#8221;n\u0131n \u0259sas m\u0259qs\u0259dinin Rusiya il\u0259 ba\u011fl\u0131 oldu\u011funu bildirib. Onun s\u00f6zl\u0259rin\u0259 g\u00f6r\u0259, Avropa \u0130ttifaq\u0131 Az\u0259rbaycanla \u015f\u0259rti s\u0259rh\u0259dd\u0259 v\u0259ziyy\u0259ti b\u0259han\u0259 ed\u0259r\u0259k \u00f6z\u00fcn\u00fcn C\u0259nubi Qafqazda, x\u00fcsus\u0259n Rusiyan\u0131n g\u00fccl\u00fc t\u0259siri olan Erm\u0259nistanda h\u0259rbi m\u00f6vcudlu\u011funu t\u0259min edir: &#8220;Bilirsiniz ki, Avropa \u0130ttifaq\u0131 \u015euras\u0131n\u0131n prezidenti c\u0259nab Ko\u015fta Bak\u0131da s\u0259f\u0259rd\u0259 oldu v\u0259 Az\u0259rbaycanla \u0259m\u0259kda\u015fl\u0131q m\u00fczakir\u0259 edildi. Br\u00fcssel Bak\u0131 il\u0259 \u0259laq\u0259l\u0259ri geni\u015fl\u0259ndirm\u0259kd\u0259 maraql\u0131d\u0131r. Lakin he\u00e7 bir \u0259sas olmadan \u00f6z\u00fcn\u00fcn jandarm q\u00fcvv\u0259l\u0259rini Erm\u0259nistan \u0259razil\u0259rind\u0259 saxlay\u0131r. Halbuki real s\u00fclh oldu\u011funu bilirl\u0259r v\u0259 monitorinq missiyas\u0131 g\u0259r\u0259ksizdir. Sad\u0259c\u0259, Rusiyan\u0131n uzun m\u00fcdd\u0259t t\u0259sir zonas\u0131 olmu\u015f v\u0259 indi d\u0259 olan Erm\u0259nistanda Q\u0259rb \u00f6z n\u00fcfuzunu art\u0131rma\u011fa \u00e7al\u0131\u015f\u0131r\u201d.<\/strong><\/p>\n<p><img src=\"https:\/\/teleqraf.az\/storage\/2025\/07\/11\/715x378\/66478a764ed3966478a764ed3a171596453466478a764ed3766478a764ed38.jpg\" alt=\"A\u0130: Bak\u0131 v\u0259 \u0130r\u0259van s\u00fclh sazi\u015fini m\u00fcmk\u00fcn q\u0259d\u0259r tez imzalamal\u0131d\u0131r\" \/><\/p>\n<p><strong>Deputat qeyd edib ki, bu missiya AT\u018fT-in Minsk Qrupunun aqib\u0259tini ya\u015fama\u011fa yax\u0131nd\u0131r v\u0259 f\u0259rqli n\u0259tic\u0259 g\u00f6zl\u0259mir:<\/strong><\/p>\n<p>\u201c\u00c7\u00fcnki regionda dayan\u0131ql\u0131 s\u00fclh istiqam\u0259tind\u0259 add\u0131mlar at\u0131l\u0131r. Art\u0131q s\u0259rh\u0259dd\u0259 he\u00e7 bir at\u0131\u015fma yoxdur. Bu halda m\u00fc\u015fahid\u0259 qrupuna n\u0259 ehtiyac var? Ona g\u00f6r\u0259 d\u0259 bu m\u0259s\u0259l\u0259 tez-tez g\u00fcnd\u0259m\u0259 g\u0259tirilm\u0259li v\u0259 t\u0259l\u0259b qoyulmal\u0131d\u0131r. Bu avropal\u0131 m\u00fc\u015fahid\u0259\u00e7il\u0259r bizim \u0259razil\u0259rimizi izl\u0259m\u0259kl\u0259 n\u0259yi g\u00f6rm\u0259k ist\u0259yirl\u0259r? \u00dcst\u0259lik, onlar\u0131n f\u0259aliyy\u0259tinin uzad\u0131lmas\u0131 Az\u0259rbaycanla raz\u0131la\u015fd\u0131r\u0131lmay\u0131b. Prezident \u0130lham \u018fliyev d\u0259 b\u0259yan edib ki, Avropa m\u00fc\u015fahid\u0259\u00e7il\u0259ri p\u0259rd\u0259si alt\u0131nda Az\u0259rbaycanla Erm\u0259nistan s\u0259rh\u0259dind\u0259 NATO t\u0259r\u0259find\u0259n infrastruktur yarad\u0131l\u0131b. M\u0259lumdur ki, h\u0259min \u201cmissiya\u201d s\u0259rh\u0259dd\u0259 k\u0259\u015ffiyyat m\u0259qs\u0259dil\u0259 f\u0259aliyy\u0259t g\u00f6st\u0259rir v\u0259 t\u0259xribatlar t\u00f6r\u0259dir. Az\u0259rbaycan\u0131 haql\u0131 olaraq naraz\u0131 salan hal ondan ibar\u0259tdir ki, A\u0130 missiyas\u0131 Az\u0259rbaycan\u0131n raz\u0131l\u0131\u011f\u0131 olmadan f\u0259aliyy\u0259t g\u00f6st\u0259rir, t\u0259rkibi geni\u015fl\u0259nir\u201d.<\/p>\n<p>E.Musayevin fikrinc\u0259, Erm\u0259nistan h\u0259l\u0259 d\u0259 anlam\u0131r ki, bu missiyan\u0131n f\u0259aliyy\u0259ti s\u00fclh prosesin\u0259 z\u0259r\u0259r verir: \u201c\u00dc\u00e7\u00fcnc\u00fc q\u00fcvv\u0259nin iki \u00f6lk\u0259nin s\u0259rh\u0259dind\u0259 olmas\u0131 v\u0259ziyy\u0259tin g\u0259rginl\u0259\u015fdirilm\u0259sin\u0259, Avropa \u0130ttifaq\u0131n\u0131n b\u00fct\u00f6vl\u00fckd\u0259 C\u0259nubi Qafqazda h\u0259rbi amil kimi meydana \u00e7\u0131xmas\u0131na xidm\u0259t edir. Missiyan\u0131n 2027-ci il fevral\u0131n 19-d\u0259k regionda qalmas\u0131 Erm\u0259nistana he\u00e7 n\u0259 qazand\u0131rmayacaq\u201d.<\/p>\n<p><strong>Emil Salamo\u011flu<\/strong><br \/>\n<strong>Musavat.com<\/strong><\/p>\n","protected":false},"excerpt":{"rendered":"<p>Avropa \u0130ttifaq\u0131n\u0131n (A\u0130) m\u00fc\u015fahid\u0259\u00e7il\u0259ri Erm\u0259nistan-Az\u0259rbaycan s\u0259rh\u0259dind\u0259 8000-ci patrul missiyas\u0131n\u0131 qeyd edibl\u0259r. Musavat.com yaz\u0131r ki, Az\u0259rbaycanla Erm\u0259nistan aras\u0131nda s\u00fclh m\u00fcqavil\u0259sinin paraflanmas\u0131ndan 7 ay \u00f6td\u00fckd\u0259n sonra Avropa \u0130ttifaq\u0131 missiyas\u0131n\u0131n iki \u00f6lk\u0259nin \u015f\u0259rti s\u0259rh\u0259dind\u0259 hans\u0131 at\u0259\u015fk\u0259s rejiminin monitorinqini apard\u0131qlar\u0131 sual do\u011furur. Faktiki olaraq, h\u0259m Az\u0259rbaycan, h\u0259m d\u0259 Erm\u0259nistan r\u0259hb\u0259rliyi \u015f\u0259rti s\u0259rh\u0259dd\u0259 at\u0259\u015fk\u0259s rejimin\u0259 tam \u0259m\u0259l edildiyini v\u0259 s\u00fclh \u015f\u0259raitinin h\u00f6km s\u00fcrd\u00fcy\u00fcn\u00fc d\u0259f\u0259l\u0259rl\u0259 b\u0259yan edib. Az\u0259rbaycanla Erm\u0259nistan aras\u0131nda tranzit y\u00fckl\u0259rin da\u015f\u0131nmas\u0131 v\u0259 birba\u015fa ticar\u0259tin b\u0259rpas\u0131n\u0131 bura \u0259lav\u0259 ets\u0259k, avropal\u0131 m\u00fc\u015fahid\u0259\u00e7il\u0259r\u0259, \u00fcmumiyy\u0259tl\u0259, ehtiyac qalm\u0131r. Son g\u00fcnl\u0259r Az\u0259rbaycan Erm\u0259nistana n\u00f6vb\u0259ti 1984 ton v\u0259 ya 31 vaqon&hellip;<\/p>\n","protected":false},"author":2,"featured_media":844367,"comment_status":"closed","ping_status":"closed","sticky":false,"template":"","format":"standard","meta":{"om_disable_all_campaigns":false,"_monsterinsights_skip_tracking":false,"_monsterinsights_sitenote_active":false,"_monsterinsights_sitenote_note":"","_monsterinsights_sitenote_category":0},"categories":[19],"tags":[],"aioseo_notices":[],"gutentor_comment":0,"rttpg_featured_image_url":{"full":["https:\/\/arantv.az\/wp-content\/uploads\/2026\/03\/b9fe52b6b3411289c9100028d7a07902.jpg",830,500,false],"landscape":["https:\/\/arantv.az\/wp-content\/uploads\/2026\/03\/b9fe52b6b3411289c9100028d7a07902.jpg",830,500,false],"portraits":["https:\/\/arantv.az\/wp-content\/uploads\/2026\/03\/b9fe52b6b3411289c9100028d7a07902.jpg",830,500,false],"thumbnail":["https:\/\/arantv.az\/wp-content\/uploads\/2026\/03\/b9fe52b6b3411289c9100028d7a07902-500x280.jpg",500,280,true],"medium":["https:\/\/arantv.az\/wp-content\/uploads\/2026\/03\/b9fe52b6b3411289c9100028d7a07902-606x365.jpg",606,365,true],"large":["https:\/\/arantv.az\/wp-content\/uploads\/2026\/03\/b9fe52b6b3411289c9100028d7a07902.jpg",640,386,false],"1536x1536":["https:\/\/arantv.az\/wp-content\/uploads\/2026\/03\/b9fe52b6b3411289c9100028d7a07902.jpg",830,500,false],"2048x2048":["https:\/\/arantv.az\/wp-content\/uploads\/2026\/03\/b9fe52b6b3411289c9100028d7a07902.jpg",830,500,false],"post-thumbnail":["https:\/\/arantv.az\/wp-content\/uploads\/2026\/03\/b9fe52b6b3411289c9100028d7a07902-240x172.jpg",240,172,true],"advps-thumb-one":["https:\/\/arantv.az\/wp-content\/uploads\/2026\/03\/b9fe52b6b3411289c9100028d7a07902.jpg",830,500,false]},"rttpg_author":{"display_name":"V\u00fcsal Rafiqo\u011flu","author_link":"https:\/\/arantv.az\/?author=2"},"rttpg_comment":0,"rttpg_category":"<a href=\"https:\/\/arantv.az\/?cat=19\" rel=\"category\">G\u00fcnd\u0259m<\/a>","rttpg_excerpt":"Avropa \u0130ttifaq\u0131n\u0131n (A\u0130) m\u00fc\u015fahid\u0259\u00e7il\u0259ri Erm\u0259nistan-Az\u0259rbaycan s\u0259rh\u0259dind\u0259 8000-ci patrul missiyas\u0131n\u0131 qeyd edibl\u0259r. Musavat.com yaz\u0131r ki, Az\u0259rbaycanla Erm\u0259nistan aras\u0131nda s\u00fclh m\u00fcqavil\u0259sinin paraflanmas\u0131ndan 7 ay \u00f6td\u00fckd\u0259n sonra Avropa \u0130ttifaq\u0131 missiyas\u0131n\u0131n iki \u00f6lk\u0259nin \u015f\u0259rti s\u0259rh\u0259dind\u0259 hans\u0131 at\u0259\u015fk\u0259s rejiminin monitorinqini apard\u0131qlar\u0131 sual do\u011furur. Faktiki olaraq, h\u0259m Az\u0259rbaycan, h\u0259m d\u0259 Erm\u0259nistan r\u0259hb\u0259rliyi \u015f\u0259rti s\u0259rh\u0259dd\u0259 at\u0259\u015fk\u0259s rejimin\u0259 tam \u0259m\u0259l edildiyini v\u0259 s\u00fclh&hellip;","_links":{"self":[{"href":"https:\/\/arantv.az\/index.php?rest_route=\/wp\/v2\/posts\/844366"}],"collection":[{"href":"https:\/\/arantv.az\/index.php?rest_route=\/wp\/v2\/posts"}],"about":[{"href":"https:\/\/arantv.az\/index.php?rest_route=\/wp\/v2\/types\/post"}],"author":[{"embeddable":true,"href":"https:\/\/arantv.az\/index.php?rest_route=\/wp\/v2\/users\/2"}],"replies":[{"embeddable":true,"href":"https:\/\/arantv.az\/index.php?rest_route=%2Fwp%2Fv2%2Fcomments&post=844366"}],"version-history":[{"count":1,"href":"https:\/\/arantv.az\/index.php?rest_route=\/wp\/v2\/posts\/844366\/revisions"}],"predecessor-version":[{"id":844368,"href":"https:\/\/arantv.az\/index.php?rest_route=\/wp\/v2\/posts\/844366\/revisions\/844368"}],"wp:featuredmedia":[{"embeddable":true,"href":"https:\/\/arantv.az\/index.php?rest_route=\/wp\/v2\/media\/844367"}],"wp:attachment":[{"href":"https:\/\/arantv.az\/index.php?rest_route=%2Fwp%2Fv2%2Fmedia&parent=844366"}],"wp:term":[{"taxonomy":"category","embeddable":true,"href":"https:\/\/arantv.az\/index.php?rest_route=%2Fwp%2Fv2%2Fcategories&post=844366"},{"taxonomy":"post_tag","embeddable":true,"href":"https:\/\/arantv.az\/index.php?rest_route=%2Fwp%2Fv2%2Ftags&post=844366"}],"curies":[{"name":"wp","href":"https:\/\/api.w.org\/{rel}","templated":true}]}}